{"id":20022,"date":"2022-03-11T08:42:53","date_gmt":"2022-03-11T07:42:53","guid":{"rendered":"https:\/\/www.ades-grenoble.org\/wordpress\/?p=20022"},"modified":"2022-03-11T08:59:57","modified_gmt":"2022-03-11T07:59:57","slug":"la-convention-citoyenne-metropolitaine-pour-le-climat-est-installee","status":"publish","type":"post","link":"https:\/\/www.ades-grenoble.org\/wordpress\/2022\/03\/11\/la-convention-citoyenne-metropolitaine-pour-le-climat-est-installee\/","title":{"rendered":"La Convention citoyenne m\u00e9tropolitaine pour le climat, est install\u00e9e"},"content":{"rendered":"\n<div class=\"wp-block-image is-style-rounded\"><figure class=\"alignleft size-large\"><img loading=\"lazy\" decoding=\"async\" width=\"380\" height=\"282\" src=\"https:\/\/www.ades-grenoble.org\/wordpress\/wp-content\/uploads\/2020\/06\/ConventionCitoyenneClimat.jpg\" alt=\"\" class=\"wp-image-17539\" srcset=\"https:\/\/www.ades-grenoble.org\/wordpress\/wp-content\/uploads\/2020\/06\/ConventionCitoyenneClimat.jpg 380w, https:\/\/www.ades-grenoble.org\/wordpress\/wp-content\/uploads\/2020\/06\/ConventionCitoyenneClimat-150x111.jpg 150w, https:\/\/www.ades-grenoble.org\/wordpress\/wp-content\/uploads\/2020\/06\/ConventionCitoyenneClimat-300x223.jpg 300w\" sizes=\"auto, (max-width: 380px) 100vw, 380px\" \/><\/figure><\/div>\n\n\n\n<p>Comme pr\u00e9vu par d\u00e9lib\u00e9ration \u00e0 Grenoble Alpes M\u00e9tropole, 150 citoyens ont \u00e9t\u00e9 tir\u00e9s au sort pour participer \u00e0 <a href=\"https:\/\/conventionclimat.grenoblealpesmetropole.fr\/\" target=\"_blank\" rel=\"noreferrer noopener\">la Convention citoyenne pour le climat<\/a> ; ils ont d\u00e9marr\u00e9 leur mandat samedi 5 mars lors d\u2019une r\u00e9union de lancement \u00e0 la Maison de la cr\u00e9ation et de l\u2019innovation de l\u2019Universit\u00e9 Grenoble Alpes.<\/p>\n\n\n\n<p>Ils devront passer l\u2019int\u00e9gralit\u00e9 de cinq week-ends, de mars \u00e0 octobre 2022, pour r\u00e9fl\u00e9chir \u00e0 deux questions&nbsp;: comment r\u00e9duire les \u00e9missions de gaz \u00e0 effet de serre et comment atteindre la neutralit\u00e9 carbone d\u2019ici 2050 dans la m\u00e9tropole&nbsp;? Ils vont recevoir les informations n\u00e9cessaires \u00e0 leurs travaux de la part de sp\u00e9cialistes de ces questions.<\/p>\n\n\n\n<!--more-->\n\n\n\n<p>Nous esp\u00e9rons qu\u2019ils pourront travailler dans les m\u00eames conditions que la convention citoyenne nationale et que la M\u00e9tro prendra en compte sans filtre leurs conclusions en les int\u00e9grant dans le budget de 2023 et les budgets suivants<\/p>\n\n\n\n<p>Voici comment ce tirage au sort s\u2019est d\u00e9roul\u00e9&nbsp;:<\/p>\n\n\n\n<p><em>\u00ab&nbsp;Les citoyens pr\u00e9sents ont \u00e9t\u00e9 tir\u00e9s au sort sur une base de plus de 50 000 personnes habitant la M\u00e9tropole grenobloise. Ils ont accept\u00e9 de venir lors des cinq sessions et de travailler avec la M\u00e9tropole sur les enjeux de transition environnementale.<\/em><\/p>\n\n\n\n<p><em>Ils sont repr\u00e9sentatifs de la diversit\u00e9 du territoire m\u00e9tropolitain :<\/em><\/p>\n\n\n\n<ul class=\"wp-block-list\"><li><em>La parit\u00e9 femmes\/hommes est respect\u00e9e<\/em><\/li><li><em>La r\u00e9partition g\u00e9ographique selon le poids d\u00e9mographique est respect\u00e9e : 44 % habitent le c\u0153ur urbain de la m\u00e9tropole \u2013 hors Grenoble, 40 % habitent Grenoble, 11 % le p\u00e9riurbain (\u00e0 noter que plusieurs personnes viennent des quartiers populaire) et 5 % le rural\/montagnard.<\/em><\/li><li><em>La r\u00e9partition par tranche d&rsquo;\u00e2ge est la suivante : 21 % de 15-24 ans, 11 % de 25-29 ans, 20 % de 30-44 ans, 24 % de 45-59 ans et 24 % de 60 ans et plus.<\/em><\/li><li><em>Avec une repr\u00e9sentativit\u00e9 des niveaux de dipl\u00f4mes dans notre territoire.<\/em><\/li><\/ul>\n\n\n\n<p><em>Et sur les conseils du comit\u00e9 op\u00e9rationnel, la M\u00e9tropole a fait attention aux points de vue diversifi\u00e9s par rapport \u00e0 l&rsquo;urgence climatique. \u00bb<\/em><\/p>\n","protected":false},"excerpt":{"rendered":"<p>Comme pr\u00e9vu par d\u00e9lib\u00e9ration \u00e0 Grenoble Alpes M\u00e9tropole, 150 citoyens ont \u00e9t\u00e9 tir\u00e9s au sort pour participer \u00e0 la Convention citoyenne pour le climat ; ils ont d\u00e9marr\u00e9 leur mandat samedi 5 mars lors d\u2019une r\u00e9union de lancement \u00e0 la Maison de la cr\u00e9ation et de l\u2019innovation de l\u2019Universit\u00e9 Grenoble Alpes. Ils devront passer l\u2019int\u00e9gralit\u00e9 [&hellip;]<\/p>\n","protected":false},"author":1,"featured_media":0,"comment_status":"closed","ping_status":"open","sticky":false,"template":"","format":"standard","meta":{"twitterCardType":"","cardImageID":0,"cardImage":"","cardTitle":"","cardDesc":"","cardImageAlt":"","cardPlayer":"","cardPlayerWidth":0,"cardPlayerHeight":0,"cardPlayerStream":"","cardPlayerCodec":"","footnotes":""},"categories":[62,11],"tags":[272,223,35,280],"class_list":["post-20022","post","type-post","status-publish","format-standard","hentry","category-le-rouge-le-vert-hebdo","category-politique-locale","tag-citoyennete","tag-climat","tag-democratie-locale","tag-metropole"],"_links":{"self":[{"href":"https:\/\/www.ades-grenoble.org\/wordpress\/wp-json\/wp\/v2\/posts\/20022","targetHints":{"allow":["GET"]}}],"collection":[{"href":"https:\/\/www.ades-grenoble.org\/wordpress\/wp-json\/wp\/v2\/posts"}],"about":[{"href":"https:\/\/www.ades-grenoble.org\/wordpress\/wp-json\/wp\/v2\/types\/post"}],"author":[{"embeddable":true,"href":"https:\/\/www.ades-grenoble.org\/wordpress\/wp-json\/wp\/v2\/users\/1"}],"replies":[{"embeddable":true,"href":"https:\/\/www.ades-grenoble.org\/wordpress\/wp-json\/wp\/v2\/comments?post=20022"}],"version-history":[{"count":1,"href":"https:\/\/www.ades-grenoble.org\/wordpress\/wp-json\/wp\/v2\/posts\/20022\/revisions"}],"predecessor-version":[{"id":20023,"href":"https:\/\/www.ades-grenoble.org\/wordpress\/wp-json\/wp\/v2\/posts\/20022\/revisions\/20023"}],"wp:attachment":[{"href":"https:\/\/www.ades-grenoble.org\/wordpress\/wp-json\/wp\/v2\/media?parent=20022"}],"wp:term":[{"taxonomy":"category","embeddable":true,"href":"https:\/\/www.ades-grenoble.org\/wordpress\/wp-json\/wp\/v2\/categories?post=20022"},{"taxonomy":"post_tag","embeddable":true,"href":"https:\/\/www.ades-grenoble.org\/wordpress\/wp-json\/wp\/v2\/tags?post=20022"}],"curies":[{"name":"wp","href":"https:\/\/api.w.org\/{rel}","templated":true}]}}