{"id":20024,"date":"2022-03-11T08:46:23","date_gmt":"2022-03-11T07:46:23","guid":{"rendered":"https:\/\/www.ades-grenoble.org\/wordpress\/?p=20024"},"modified":"2022-03-11T09:00:00","modified_gmt":"2022-03-11T08:00:00","slug":"grenoble-se-mobilise-en-solidarite-a-lukraine","status":"publish","type":"post","link":"https:\/\/www.ades-grenoble.org\/wordpress\/2022\/03\/11\/grenoble-se-mobilise-en-solidarite-a-lukraine\/","title":{"rendered":"Grenoble se mobilise en solidarit\u00e9 \u00e0 l\u2019Ukraine"},"content":{"rendered":"\n<div class=\"wp-block-image is-style-default\"><figure class=\"alignleft size-large\"><img loading=\"lazy\" decoding=\"async\" width=\"380\" height=\"214\" src=\"https:\/\/www.ades-grenoble.org\/wordpress\/wp-content\/uploads\/2022\/03\/Ukraine-Grenoble.jpg\" alt=\"\" class=\"wp-image-20025\" srcset=\"https:\/\/www.ades-grenoble.org\/wordpress\/wp-content\/uploads\/2022\/03\/Ukraine-Grenoble.jpg 380w, https:\/\/www.ades-grenoble.org\/wordpress\/wp-content\/uploads\/2022\/03\/Ukraine-Grenoble-300x169.jpg 300w, https:\/\/www.ades-grenoble.org\/wordpress\/wp-content\/uploads\/2022\/03\/Ukraine-Grenoble-150x84.jpg 150w\" sizes=\"auto, (max-width: 380px) 100vw, 380px\" \/><\/figure><\/div>\n\n\n\n<p>L\u2019Ukraine fait face \u00e0 une agression violente du r\u00e9gime de Vladimir Poutine en Russie. La Ville de Grenoble s\u2019est imm\u00e9diatement mobilis\u00e9e pour transformer en actes ses valeurs de solidarit\u00e9, d\u2019hospitalit\u00e9 et d\u2019accueil, comme elle le fait pour tous les autres r\u00e9fugi\u00e9s. Comme le dit son maire&nbsp;: <em>\u00ab\u00a0Il n\u2019y a pas de bon.nes ou de mauvais.esr\u00e9fugi\u00e9\u00b7es, il n\u2019y a que des parcours de souffrance, des d\u00e9chirements familiaux et des traumatismes qui affectent les individus pour toute une vie.\u00a0\u00bb<\/em><\/p>\n\n\n\n<p>Pour \u00eatre efficaces, nous avons besoin d\u2019une \u00e9valuation de ce qui se passe afin d\u2019adapter la mobilisation \u00e0 ce qui est n\u00e9cessaire aux personnes en d\u00e9tresse, en Ukraine, dans les pays limitrophes et en France.<\/p>\n\n\n\n<p>La Ville d\u00e9ploie le travail de la nouvelle association&nbsp;<em>Ukraine-Grenoble-Is\u00e8re<\/em>, sur les associations et institutions reconnues impliqu\u00e9es (Protection civile, AMEL-Humacoop, Pompiers Solidaires, SPA, Secours Populaire&#8230;).<\/p>\n\n\n\n<p>Elle a \u00e9galement activ\u00e9 sa plateforme \u00ab Grenoble Terre d&rsquo;accueil \u00bb au sein de&nbsp;<a href=\"https:\/\/www.grenoble.fr\/1700-volontaires-solidaires-de-grenoble.htm\">Volontaires solidaires de Grenoble<\/a><\/p>\n\n\n\n<p>Si vous voulez&nbsp;participer \u00e0 cette solidarit\u00e9 de Grenoble :<\/p>\n\n\n\n<!--more-->\n\n\n\n<p>Le don de denr\u00e9es p\u00e9rissables est exclu. Le don de v\u00eatements n&rsquo;est pas n\u00e9cessaire \u00e0 ce stade. Le don de m\u00e9dicaments est extr\u00eamement encadr\u00e9 : privil\u00e9giez l&rsquo;aide directe \u00e0 des structures comme&nbsp;<a href=\"https:\/\/www.phi.asso.fr\/\">Pharmacie Humanitaire Internationale<\/a>.<\/p>\n\n\n\n<p>Pour proposer toute autre aide, il suffit de remplir le formulaire sur la plateforme <a href=\"https:\/\/www.grenoble.fr\/2597-solidarite-avec-l-ukraine.htm\">Solidarit\u00e9 avec l&rsquo;Ukraine &#8211; Grenoble.fr<\/a>.<br>Pour les propositions d\u2019h\u00e9bergements il faut aller sur le site&nbsp;: <a href=\"https:\/\/www.grenoble.fr\/2596-solidarite-avec-les-migrant.e.s.htm\">Solidarit\u00e9 avec les migrant.e.s &#8211; Grenoble.fr<\/a><\/p>\n\n\n\n<p>De nombreuses communes de la m\u00e9tropole prennent \u00e9galement des initiatives.<\/p>\n\n\n\n<p>La commune de Grenoble se met \u00e0 disposition de l&rsquo;Etat pour participer \u00e0 l&rsquo;accueil des r\u00e9fugi\u00e9-es \u00e0 Grenoble.<\/p>\n\n\n\n<p>L&rsquo;Union Europ\u00e9enne active la \u00ab&nbsp;protection temporaire&nbsp;\u00bb, pour les Ukrainien-nes comme pour les \u00e9tranger-es (r\u00e9fugi\u00e9-es ou non) qui habitaient en Ukraine.&nbsp;La commune sera particuli\u00e8rement attentive \u00e0 l&rsquo;h\u00e9bergement de ces personnes&nbsp;mais \u00e9galement \u00e0 leur accompagnement, notamment \u00e0 la sant\u00e9 psychique des familles \u00e9prouv\u00e9es par le trajet et souvent la s\u00e9paration avec des membres de leur famille rest\u00e9s sur place.<\/p>\n\n\n\n<p>Grenoble se coordonne avec les autres Villes membres du r\u00e9seau de l&rsquo;ANVITA (l&rsquo;association nationale des villes et territoires accueillants) dans une logique d&rsquo;\u00e9change de pratiques et de plaidoyer. <a href=\"https:\/\/www.anvita.fr\/\">ANVITA &#8211; Association Nationale des Villes et Territoires Accueillants<\/a>, ainsi qu\u2019avec les initiatives europ\u00e9ennes de ses villes jumelles Kaunas et Chisinau. Les services municipaux, quant \u00e0 eux, sont pr\u00eats&nbsp;pour faciliter la scolarisation des enfants, la domiciliation des familles, l&rsquo;aide \u00e0 l&rsquo;apprentissage du fran\u00e7ais\u2026<\/p>\n","protected":false},"excerpt":{"rendered":"<p>L\u2019Ukraine fait face \u00e0 une agression violente du r\u00e9gime de Vladimir Poutine en Russie. La Ville de Grenoble s\u2019est imm\u00e9diatement mobilis\u00e9e pour transformer en actes ses valeurs de solidarit\u00e9, d\u2019hospitalit\u00e9 et d\u2019accueil, comme elle le fait pour tous les autres r\u00e9fugi\u00e9s. Comme le dit son maire&nbsp;: \u00ab\u00a0Il n\u2019y a pas de bon.nes ou de mauvais.esr\u00e9fugi\u00e9\u00b7es, [&hellip;]<\/p>\n","protected":false},"author":1,"featured_media":0,"comment_status":"closed","ping_status":"open","sticky":false,"template":"","format":"standard","meta":{"twitterCardType":"","cardImageID":0,"cardImage":"","cardTitle":"","cardDesc":"","cardImageAlt":"","cardPlayer":"","cardPlayerWidth":0,"cardPlayerHeight":0,"cardPlayerStream":"","cardPlayerCodec":"","footnotes":""},"categories":[62,11],"tags":[215,182,382],"class_list":["post-20024","post","type-post","status-publish","format-standard","hentry","category-le-rouge-le-vert-hebdo","category-politique-locale","tag-grenoble","tag-solidarite","tag-ukraine"],"_links":{"self":[{"href":"https:\/\/www.ades-grenoble.org\/wordpress\/wp-json\/wp\/v2\/posts\/20024","targetHints":{"allow":["GET"]}}],"collection":[{"href":"https:\/\/www.ades-grenoble.org\/wordpress\/wp-json\/wp\/v2\/posts"}],"about":[{"href":"https:\/\/www.ades-grenoble.org\/wordpress\/wp-json\/wp\/v2\/types\/post"}],"author":[{"embeddable":true,"href":"https:\/\/www.ades-grenoble.org\/wordpress\/wp-json\/wp\/v2\/users\/1"}],"replies":[{"embeddable":true,"href":"https:\/\/www.ades-grenoble.org\/wordpress\/wp-json\/wp\/v2\/comments?post=20024"}],"version-history":[{"count":1,"href":"https:\/\/www.ades-grenoble.org\/wordpress\/wp-json\/wp\/v2\/posts\/20024\/revisions"}],"predecessor-version":[{"id":20026,"href":"https:\/\/www.ades-grenoble.org\/wordpress\/wp-json\/wp\/v2\/posts\/20024\/revisions\/20026"}],"wp:attachment":[{"href":"https:\/\/www.ades-grenoble.org\/wordpress\/wp-json\/wp\/v2\/media?parent=20024"}],"wp:term":[{"taxonomy":"category","embeddable":true,"href":"https:\/\/www.ades-grenoble.org\/wordpress\/wp-json\/wp\/v2\/categories?post=20024"},{"taxonomy":"post_tag","embeddable":true,"href":"https:\/\/www.ades-grenoble.org\/wordpress\/wp-json\/wp\/v2\/tags?post=20024"}],"curies":[{"name":"wp","href":"https:\/\/api.w.org\/{rel}","templated":true}]}}