{"id":20058,"date":"2022-03-18T11:28:23","date_gmt":"2022-03-18T10:28:23","guid":{"rendered":"https:\/\/www.ades-grenoble.org\/wordpress\/?p=20058"},"modified":"2022-03-18T11:37:05","modified_gmt":"2022-03-18T10:37:05","slug":"agenda-187","status":"publish","type":"post","link":"https:\/\/www.ades-grenoble.org\/wordpress\/2022\/03\/18\/agenda-187\/","title":{"rendered":"Agenda"},"content":{"rendered":"\n<p><\/p>\n\n\n\n<div class=\"wp-block-image is-style-default\"><figure class=\"alignleft size-large\"><img loading=\"lazy\" decoding=\"async\" width=\"380\" height=\"214\" src=\"https:\/\/www.ades-grenoble.org\/wordpress\/wp-content\/uploads\/2022\/03\/Ukraine-Grenoble.jpg\" alt=\"\" class=\"wp-image-20025\" srcset=\"https:\/\/www.ades-grenoble.org\/wordpress\/wp-content\/uploads\/2022\/03\/Ukraine-Grenoble.jpg 380w, https:\/\/www.ades-grenoble.org\/wordpress\/wp-content\/uploads\/2022\/03\/Ukraine-Grenoble-300x169.jpg 300w, https:\/\/www.ades-grenoble.org\/wordpress\/wp-content\/uploads\/2022\/03\/Ukraine-Grenoble-150x84.jpg 150w\" sizes=\"auto, (max-width: 380px) 100vw, 380px\" \/><\/figure><\/div>\n\n\n\n<p><strong>Samedi 19 mars \u00e0 15 h manifestation pour l\u2019Ukraine, d\u00e9part Place F\u00e9lix Poulat<\/strong><\/p>\n\n\n\n<hr class=\"wp-block-separator\"\/>\n\n\n\n<p><strong>Samedi 26 mars de 10 h \u00e0 18 h \u00e0 l\u2019H\u00f4tel de Ville&nbsp;: <\/strong>Budget participatif (7<sup>\u00e8me<\/sup> \u00e9dition), les habitants sont appel\u00e9s \u00e0 pr\u00e9s\u00e9lectionner 30 projets parmi les 83 qui ont \u00e9t\u00e9 d\u00e9pos\u00e9s. <a href=\"https:\/\/www.grenoble.fr\/2590-7eme-edition-les-idees-deposees.htm\">7\u00e8me \u00e9dition : les id\u00e9es d\u00e9pos\u00e9es &#8211; Grenoble.fr<\/a><\/p>\n","protected":false},"excerpt":{"rendered":"<p>Samedi 19 mars \u00e0 15 h manifestation pour l\u2019Ukraine, d\u00e9part Place F\u00e9lix Poulat Samedi 26 mars de 10 h \u00e0 18 h \u00e0 l\u2019H\u00f4tel de Ville&nbsp;: Budget participatif (7\u00e8me \u00e9dition), les habitants sont appel\u00e9s \u00e0 pr\u00e9s\u00e9lectionner 30 projets parmi les 83 qui ont \u00e9t\u00e9 d\u00e9pos\u00e9s. 7\u00e8me \u00e9dition : les id\u00e9es d\u00e9pos\u00e9es &#8211; Grenoble.fr<\/p>\n","protected":false},"author":1,"featured_media":0,"comment_status":"closed","ping_status":"open","sticky":false,"template":"","format":"standard","meta":{"twitterCardType":"","cardImageID":0,"cardImage":"","cardTitle":"","cardDesc":"","cardImageAlt":"","cardPlayer":"","cardPlayerWidth":0,"cardPlayerHeight":0,"cardPlayerStream":"","cardPlayerCodec":"","footnotes":""},"categories":[62,11],"tags":[125],"class_list":["post-20058","post","type-post","status-publish","format-standard","hentry","category-le-rouge-le-vert-hebdo","category-politique-locale","tag-agenda"],"_links":{"self":[{"href":"https:\/\/www.ades-grenoble.org\/wordpress\/wp-json\/wp\/v2\/posts\/20058","targetHints":{"allow":["GET"]}}],"collection":[{"href":"https:\/\/www.ades-grenoble.org\/wordpress\/wp-json\/wp\/v2\/posts"}],"about":[{"href":"https:\/\/www.ades-grenoble.org\/wordpress\/wp-json\/wp\/v2\/types\/post"}],"author":[{"embeddable":true,"href":"https:\/\/www.ades-grenoble.org\/wordpress\/wp-json\/wp\/v2\/users\/1"}],"replies":[{"embeddable":true,"href":"https:\/\/www.ades-grenoble.org\/wordpress\/wp-json\/wp\/v2\/comments?post=20058"}],"version-history":[{"count":1,"href":"https:\/\/www.ades-grenoble.org\/wordpress\/wp-json\/wp\/v2\/posts\/20058\/revisions"}],"predecessor-version":[{"id":20059,"href":"https:\/\/www.ades-grenoble.org\/wordpress\/wp-json\/wp\/v2\/posts\/20058\/revisions\/20059"}],"wp:attachment":[{"href":"https:\/\/www.ades-grenoble.org\/wordpress\/wp-json\/wp\/v2\/media?parent=20058"}],"wp:term":[{"taxonomy":"category","embeddable":true,"href":"https:\/\/www.ades-grenoble.org\/wordpress\/wp-json\/wp\/v2\/categories?post=20058"},{"taxonomy":"post_tag","embeddable":true,"href":"https:\/\/www.ades-grenoble.org\/wordpress\/wp-json\/wp\/v2\/tags?post=20058"}],"curies":[{"name":"wp","href":"https:\/\/api.w.org\/{rel}","templated":true}]}}