{"id":20074,"date":"2022-03-25T15:27:49","date_gmt":"2022-03-25T14:27:49","guid":{"rendered":"https:\/\/www.ades-grenoble.org\/wordpress\/?p=20074"},"modified":"2022-03-25T15:51:04","modified_gmt":"2022-03-25T14:51:04","slug":"nationalement-les-regroupements-des-bailleurs-sociaux-presentent-un-bilan-mitige","status":"publish","type":"post","link":"https:\/\/www.ades-grenoble.org\/wordpress\/2022\/03\/25\/nationalement-les-regroupements-des-bailleurs-sociaux-presentent-un-bilan-mitige\/","title":{"rendered":"Nationalement, les regroupements des bailleurs sociaux pr\u00e9sentent un bilan mitig\u00e9"},"content":{"rendered":"\n<div class=\"wp-block-image is-style-default\"><figure class=\"alignleft size-large\"><img loading=\"lazy\" decoding=\"async\" width=\"250\" height=\"188\" src=\"https:\/\/www.ades-grenoble.org\/wordpress\/wp-content\/uploads\/2015\/01\/assemblee-e1422651495365.jpg\" alt=\"\" class=\"wp-image-9677\"\/><\/figure><\/div>\n\n\n\n<p>La Commission des Affaires \u00e9conomiques de l\u2019assembl\u00e9e nationale a d\u00e9pos\u00e9 <a href=\"https:\/\/www.assemblee-nationale.fr\/dyn\/15\/rapports\/cion-eco\/l15b5121_rapport-information#_Toc256000034\" target=\"_blank\" rel=\"noreferrer noopener\">un rapport d\u2019information sur l\u2019\u00e9valuation de la loi n\u00b0 20018-1021 du 23 novembre 2018, dite \u00ab&nbsp;loi ELAN&nbsp;\u00bb<\/a>. Concernant la restructuration des organismes de logement social, elle dresse un \u00ab&nbsp;<em>bilan mitig\u00e9<\/em>&nbsp;\u00bb.<\/p>\n\n\n\n<p>La loi ELAN appliquait la demande de Jupiter Macron, d\u00e8s son arriv\u00e9e au pouvoir, de faire disparaitre les \u00ab&nbsp;petits&nbsp;\u00bb bailleurs sociaux par absorption par les \u00ab&nbsp;plus gros&nbsp;\u00bb pour permettre \u00e0 l\u2019Etat de faire des \u00e9conomies et \u00ab&nbsp;financiariser&nbsp;\u00bb ce secteur qui \u00e9chappait un peu \u00e0 la loi du march\u00e9.<\/p>\n\n\n\n<p>Le rapport contient l\u2019analyse de l\u2019ensemble des articles de la loi ELAN, r\u00e9forme des r\u00e8gles d\u2019urbanisme et de la construction et les dispositions relatives au logement dont l\u2019encadrement des loyers, l\u2019am\u00e9lioration des rapports locatifs et la restructuration des organismes de logements sociaux (OLS). Sur ce dernier point le rapport conclut\u00a0:<\/p>\n\n\n\n<!--more-->\n\n\n\n<p><em>\u00ab&nbsp;Il n\u2019apparait n\u00e9anmoins&nbsp;pas possible de conclure, \u00e0 partir de cette \u00e9volution, \u00e0 un impact significatif de la loi ELAN en mati\u00e8re de restructuration des OLS.&nbsp;Les dispositions vot\u00e9es en 2018 ne marquent pas, en effet, le point de d\u00e9part d\u2019une acc\u00e9l\u00e9ration dans un mouvement de consolidation d\u00e9j\u00e0 engag\u00e9 plusieurs ann\u00e9es&nbsp;auparavant : entre 2015 et 2018, le nombre d\u2019organismes passe ainsi de 727&nbsp;\u00e0 638, soit une baisse du m\u00eame ordre de grandeur (-&nbsp;12,2&nbsp;%) que celle constat\u00e9e entre 2018 et 2021.&nbsp;\u00bb<\/em><\/p>\n\n\n\n<p>Devant une telle conclusion il est \u00e0 craindre que si la m\u00eame politique concernant le logement social est poursuivie, la restructuration de ce secteur soit acc\u00e9l\u00e9r\u00e9e<\/p>\n\n\n\n<p>3 ans apr\u00e8s la promulgation de la loi, seuls 49 % des organismes concern\u00e9s respectaient leurs obligations \u00e0 la date d\u2019\u00e9ch\u00e9ance, au 31 d\u00e9cembre 2020, cette proportion ayant atteint 73 % apr\u00e8s l\u2019\u00e9ch\u00e9ance, au 22 septembre 2021.<\/p>\n\n\n\n<p>Le regroupement horizontal des OLS, via une SAC (Soci\u00e9t\u00e9 anonyme de coordination), est le choix majoritairement op\u00e9r\u00e9 par 50 % des organismes regroup\u00e9s, 11 % seulement ayant choisi un regroupement vertical.<\/p>\n\n\n\n<p>La CGLLS (Caisse de Garantie du Logement Locatif Social)&nbsp;a re\u00e7u pour mission l\u2019observation des regroupements et des groupes HLM constitu\u00e9s. A cet effet, un observatoire durable a \u00e9t\u00e9 mis en place qui souhaite \u00e9tudier la dynamique r\u00e9elle de fonctionnement de ces regroupements, voire, \u00e0 terme, questionner leur efficacit\u00e9. Donc les SAC vont \u00eatre mises sous surveillance.<\/p>\n\n\n\n<p>Voici un extrait de la synth\u00e8se des travaux de la mission concernant les regroupements d\u2019organismes de logement social&nbsp;:<\/p>\n\n\n\n<p><em>\u00ab&nbsp;Dans ses&nbsp;titres II et III, qui concernaient au premier chef l\u2019am\u00e9lioration du logement et de l\u2019habitat, la loi s\u2019est fix\u00e9e des objectifs ambitieux. Elle a d\u2019abord port\u00e9 haut un objectif de restructuration des organismes de logement social. En effet, partant du constat selon lequel la taille moyenne des bailleurs sociaux \u00e9tait relativement faible, le Gouvernement avait souhait\u00e9, en 2018, donner une nouvelle impulsion \u00e0 la recomposition du tissu des op\u00e9rateurs du secteur HLM.<\/em><\/p>\n\n\n\n<p><em>Sur la base de ce constat d\u2019un paysage du logement social tr\u00e8s morcel\u00e9 \u2013 on d\u00e9nombrait ainsi, en 2017, encore 37&nbsp;% d\u2019organismes qui g\u00e9raient moins de 1&nbsp;500&nbsp;logements \u2013 au regard d\u2019une territorialisation accrue des politiques de l\u2019habitat, l\u2019\u00e9tude d\u2019impact consid\u00e9rait qu\u2019une politique plus volontariste de&nbsp;consolidation des organismes de logement social&nbsp;pr\u00e9senterait au moins trois avantages&nbsp;: favoriser une meilleure allocation de l\u2019investissement, organiser une mutualisation des risques, r\u00e9aliser des \u00e9conomies d\u2019\u00e9chelle.<\/em><\/p>\n\n\n\n<p><em>La loi pr\u00e9voyait que tout bailleur social d\u00e9tenant moins de 12&nbsp;000 logements locatifs sociaux devait, au 1er&nbsp;janvier 2021, justifier de son&nbsp;appartenance \u00e0 un \u00ab&nbsp;groupe d\u2019organismes de logement social&nbsp;\u00bb&nbsp;(GOLS)&nbsp;[article 81],&nbsp;qui regroupe des organismes g\u00e9rant collectivement au moins 12&nbsp;000 logements, et que tout organisme HLM qui g\u00e8re moins de 1&nbsp;500&nbsp;logements, qui n\u2019a pas construit au moins 500&nbsp;logements pendant une p\u00e9riode de dix ans, peut \u00eatre dissous par l\u2019autorit\u00e9 administrative, sauf s\u2019il appartient \u00e0 un groupe d\u2019organismes de logement social. Deux modalit\u00e9s principales de regroupement \u00e9taient possibles, \u00e0 savoir le groupe vertical d\u2019organismes&nbsp;HLM&nbsp;ou soci\u00e9t\u00e9s d\u2019\u00e9conomie mixte contr\u00f4l\u00e9s directement ou indirectement par une m\u00eame soci\u00e9t\u00e9, et le groupe horizontal sous forme de soci\u00e9t\u00e9 de coordination, de soci\u00e9t\u00e9 anonyme ou de soci\u00e9t\u00e9 anonyme coop\u00e9rative.<\/em><\/p>\n\n\n\n<p><em>Les rapporteurs ont constat\u00e9 qu\u2019\u00e0 la date du 22&nbsp;septembre 2021,&nbsp;245&nbsp;organismes, soit 73&nbsp;% du nombre total des oblig\u00e9s, remplissaient d\u00e9sormais leur obligation de regroupement&nbsp;et moins d\u2019une trentaine d\u2019organismes demeuraient sans aucun projet de regroupement identifi\u00e9 ou viable. En \u00e9valuant le r\u00e9sultat de ces \u00e9volutions, il appara\u00eet qu\u2019au moment de la promulgation de la loi, la France comptait 638&nbsp;organismes de logement social, toutes cat\u00e9gories confondues. \u00c0 la fin de 2021, ce nombre n\u2019\u00e9tait plus que de 556 organismes, soit une diminution de 12,9&nbsp;% en trois ans.<\/em><\/p>\n\n\n\n<p><em>Les repr\u00e9sentants des organismes du logement social rencontr\u00e9s par vos rapporteurs ont dress\u00e9 un bilan en demi-teinte des op\u00e9rations de regroupement en cours. La Caisse de garantie du logement locatif social s\u2019est vu confier, \u00e0 compter de 2022, une mission d\u2019observation des regroupements et des groupes HLM constitu\u00e9s. Une \u00e9tude de l\u2019Agence nationale de contr\u00f4le du logement social, portant sur les regroupements et leurs effets, est \u00e9galement attendue cette m\u00eame ann\u00e9e.<\/em><\/p>\n","protected":false},"excerpt":{"rendered":"<p>La Commission des Affaires \u00e9conomiques de l\u2019assembl\u00e9e nationale a d\u00e9pos\u00e9 un rapport d\u2019information sur l\u2019\u00e9valuation de la loi n\u00b0 20018-1021 du 23 novembre 2018, dite \u00ab&nbsp;loi ELAN&nbsp;\u00bb. Concernant la restructuration des organismes de logement social, elle dresse un \u00ab&nbsp;bilan mitig\u00e9&nbsp;\u00bb. La loi ELAN appliquait la demande de Jupiter Macron, d\u00e8s son arriv\u00e9e au pouvoir, de [&hellip;]<\/p>\n","protected":false},"author":1,"featured_media":0,"comment_status":"closed","ping_status":"open","sticky":false,"template":"","format":"standard","meta":{"twitterCardType":"","cardImageID":0,"cardImage":"","cardTitle":"","cardDesc":"","cardImageAlt":"","cardPlayer":"","cardPlayerWidth":0,"cardPlayerHeight":0,"cardPlayerStream":"","cardPlayerCodec":"","footnotes":""},"categories":[62,11],"tags":[66,247,33],"class_list":["post-20074","post","type-post","status-publish","format-standard","hentry","category-le-rouge-le-vert-hebdo","category-politique-locale","tag-logement","tag-parlement","tag-social"],"_links":{"self":[{"href":"https:\/\/www.ades-grenoble.org\/wordpress\/wp-json\/wp\/v2\/posts\/20074","targetHints":{"allow":["GET"]}}],"collection":[{"href":"https:\/\/www.ades-grenoble.org\/wordpress\/wp-json\/wp\/v2\/posts"}],"about":[{"href":"https:\/\/www.ades-grenoble.org\/wordpress\/wp-json\/wp\/v2\/types\/post"}],"author":[{"embeddable":true,"href":"https:\/\/www.ades-grenoble.org\/wordpress\/wp-json\/wp\/v2\/users\/1"}],"replies":[{"embeddable":true,"href":"https:\/\/www.ades-grenoble.org\/wordpress\/wp-json\/wp\/v2\/comments?post=20074"}],"version-history":[{"count":2,"href":"https:\/\/www.ades-grenoble.org\/wordpress\/wp-json\/wp\/v2\/posts\/20074\/revisions"}],"predecessor-version":[{"id":20089,"href":"https:\/\/www.ades-grenoble.org\/wordpress\/wp-json\/wp\/v2\/posts\/20074\/revisions\/20089"}],"wp:attachment":[{"href":"https:\/\/www.ades-grenoble.org\/wordpress\/wp-json\/wp\/v2\/media?parent=20074"}],"wp:term":[{"taxonomy":"category","embeddable":true,"href":"https:\/\/www.ades-grenoble.org\/wordpress\/wp-json\/wp\/v2\/categories?post=20074"},{"taxonomy":"post_tag","embeddable":true,"href":"https:\/\/www.ades-grenoble.org\/wordpress\/wp-json\/wp\/v2\/tags?post=20074"}],"curies":[{"name":"wp","href":"https:\/\/api.w.org\/{rel}","templated":true}]}}