{"id":20146,"date":"2022-04-15T11:28:20","date_gmt":"2022-04-15T09:28:20","guid":{"rendered":"https:\/\/www.ades-grenoble.org\/wordpress\/?p=20146"},"modified":"2022-04-15T12:16:42","modified_gmt":"2022-04-15T10:16:42","slug":"lancement-du-programme-so-num-vers-une-sobriete-numerique-durable","status":"publish","type":"post","link":"https:\/\/www.ades-grenoble.org\/wordpress\/2022\/04\/15\/lancement-du-programme-so-num-vers-une-sobriete-numerique-durable\/","title":{"rendered":"Lancement du programme So.Num : vers une sobri\u00e9t\u00e9 num\u00e9rique durable"},"content":{"rendered":"\n<div class=\"wp-block-image is-style-default\"><figure class=\"alignleft size-large\"><img loading=\"lazy\" decoding=\"async\" width=\"300\" height=\"333\" src=\"https:\/\/www.ades-grenoble.org\/wordpress\/wp-content\/uploads\/2015\/10\/ademe-logo.jpg\" alt=\"\" class=\"wp-image-10767\" srcset=\"https:\/\/www.ades-grenoble.org\/wordpress\/wp-content\/uploads\/2015\/10\/ademe-logo.jpg 300w, https:\/\/www.ades-grenoble.org\/wordpress\/wp-content\/uploads\/2015\/10\/ademe-logo-135x150.jpg 135w, https:\/\/www.ades-grenoble.org\/wordpress\/wp-content\/uploads\/2015\/10\/ademe-logo-270x300.jpg 270w\" sizes=\"auto, (max-width: 300px) 100vw, 300px\" \/><\/figure><\/div>\n\n\n\n<p><a href=\"https:\/\/presse.ademe.fr\/2022\/04\/lancement-du-programme-so-num-vers-une-sobriete-numerique-durable.html?msclkid=4944653cbb0411ec91e956cd7838d9a2\" target=\"_blank\" rel=\"noreferrer noopener\">Un nouveau programme intitul\u00e9 So.Num a \u00e9t\u00e9 lanc\u00e9 par l&rsquo;Ademe<\/a>. Son but&nbsp;: former les usagers \u00e0 la sobri\u00e9t\u00e9 num\u00e9rique, d\u00e9velopper des outils de mesure de la consommation \u00e9lectrique et des impacts environnementaux, et encourager largement les op\u00e9rations de sobri\u00e9t\u00e9 num\u00e9rique dans les territoires.<\/p>\n\n\n\n<p>Ce programme doit aboutir \u00e0 former 3 000 enseignants du sup\u00e9rieur, 2 000 ambassadeurs en entreprises, et 650 ambassadeurs en collectivit\u00e9s. L\u2019objectif est que ceux-ci sensibilisent \u00e0 leur tour 400 000 \u00e9l\u00e8ves du sup\u00e9rieur, 10 000 personnes en entreprises et 1 000 collectivit\u00e9s.&nbsp;<\/p>\n\n\n\n<!--more-->\n\n\n\n<p><em>\u00ab&nbsp;Alors que dans son dernier rapport, publi\u00e9 le 28 f\u00e9vrier 2022, le GIEC alerte \u00e0 nouveau le monde sur l\u2019urgence face au r\u00e9chauffement climatique, le Gouvernement s\u2019est fix\u00e9 des objectifs ambitieux afin de baisser la consommation d\u2019\u00e9nergie de la France et r\u00e9duire l\u2019utilisation des \u00e9nergies fossiles. Bien qu\u2019ils contribuent en partie \u00e0 r\u00e9duire ces consommations et nos \u00e9missions de CO2, les services num\u00e9riques ont \u00e9galement un impact environnemental. En plus des impacts sur les ressources naturelles, en particulier les m\u00e9taux strat\u00e9giques, les services num\u00e9riques seraient responsables de 2,5% de l\u2019empreinte carbone de la France et repr\u00e9senteraient 10,3% de la consommation d\u2019\u00e9lectricit\u00e9 fran\u00e7aise. Ces impacts sont d\u2019autant plus urgents \u00e0 ma\u00eetriser que nos usages et notre d\u00e9pendance \u00e0 ces services s\u2019accroissent de fa\u00e7on exponentielle \u2013 comme l\u2019a d\u2019ailleurs r\u00e9cemment montr\u00e9 la crise sanitaire. Dans le cadre de la 5\u00e8me p\u00e9riode des programmes de certificats d\u2019\u00e9conomie d\u2019\u00e9nergie (CEE), le minist\u00e8re de la Transition \u00c9cologique a propos\u00e9 une th\u00e9matique relative \u00e0 la sobri\u00e9t\u00e9 \u00e9lectrique du num\u00e9rique. Le programme So.Num a \u00e9t\u00e9 retenu et b\u00e9n\u00e9ficie d\u2019un financement dans le cadre de cet appel \u00e0 programmes.<br>So.Num vise \u00e0 sensibiliser et former les usagers \u00e0 la sobri\u00e9t\u00e9 num\u00e9rique, \u00e0 d\u00e9velopper et diffuser des outils de mesure de la consommation \u00e9lectrique et des impacts environnementaux, et de d\u00e9velopper \u00e0 grande \u00e9chelle les op\u00e9rations de sobri\u00e9t\u00e9 num\u00e9rique dans les territoires.&nbsp;\u00bb<\/em><\/p>\n","protected":false},"excerpt":{"rendered":"<p>Un nouveau programme intitul\u00e9 So.Num a \u00e9t\u00e9 lanc\u00e9 par l&rsquo;Ademe. Son but&nbsp;: former les usagers \u00e0 la sobri\u00e9t\u00e9 num\u00e9rique, d\u00e9velopper des outils de mesure de la consommation \u00e9lectrique et des impacts environnementaux, et encourager largement les op\u00e9rations de sobri\u00e9t\u00e9 num\u00e9rique dans les territoires. Ce programme doit aboutir \u00e0 former 3 000 enseignants du sup\u00e9rieur, 2 [&hellip;]<\/p>\n","protected":false},"author":1,"featured_media":0,"comment_status":"closed","ping_status":"open","sticky":false,"template":"","format":"standard","meta":{"twitterCardType":"","cardImageID":0,"cardImage":"","cardTitle":"","cardDesc":"","cardImageAlt":"","cardPlayer":"","cardPlayerWidth":0,"cardPlayerHeight":0,"cardPlayerStream":"","cardPlayerCodec":"","footnotes":""},"categories":[62,11],"tags":[242,310],"class_list":["post-20146","post","type-post","status-publish","format-standard","hentry","category-le-rouge-le-vert-hebdo","category-politique-locale","tag-developpement-durable","tag-numerique"],"_links":{"self":[{"href":"https:\/\/www.ades-grenoble.org\/wordpress\/wp-json\/wp\/v2\/posts\/20146","targetHints":{"allow":["GET"]}}],"collection":[{"href":"https:\/\/www.ades-grenoble.org\/wordpress\/wp-json\/wp\/v2\/posts"}],"about":[{"href":"https:\/\/www.ades-grenoble.org\/wordpress\/wp-json\/wp\/v2\/types\/post"}],"author":[{"embeddable":true,"href":"https:\/\/www.ades-grenoble.org\/wordpress\/wp-json\/wp\/v2\/users\/1"}],"replies":[{"embeddable":true,"href":"https:\/\/www.ades-grenoble.org\/wordpress\/wp-json\/wp\/v2\/comments?post=20146"}],"version-history":[{"count":2,"href":"https:\/\/www.ades-grenoble.org\/wordpress\/wp-json\/wp\/v2\/posts\/20146\/revisions"}],"predecessor-version":[{"id":20150,"href":"https:\/\/www.ades-grenoble.org\/wordpress\/wp-json\/wp\/v2\/posts\/20146\/revisions\/20150"}],"wp:attachment":[{"href":"https:\/\/www.ades-grenoble.org\/wordpress\/wp-json\/wp\/v2\/media?parent=20146"}],"wp:term":[{"taxonomy":"category","embeddable":true,"href":"https:\/\/www.ades-grenoble.org\/wordpress\/wp-json\/wp\/v2\/categories?post=20146"},{"taxonomy":"post_tag","embeddable":true,"href":"https:\/\/www.ades-grenoble.org\/wordpress\/wp-json\/wp\/v2\/tags?post=20146"}],"curies":[{"name":"wp","href":"https:\/\/api.w.org\/{rel}","templated":true}]}}