{"id":20214,"date":"2022-04-29T17:22:07","date_gmt":"2022-04-29T15:22:07","guid":{"rendered":"https:\/\/www.ades-grenoble.org\/wordpress\/?p=20214"},"modified":"2022-04-29T17:26:07","modified_gmt":"2022-04-29T15:26:07","slug":"alerte-et-vigilance-rouge-et-verte-pour-les-elections-legislatives","status":"publish","type":"post","link":"https:\/\/www.ades-grenoble.org\/wordpress\/2022\/04\/29\/alerte-et-vigilance-rouge-et-verte-pour-les-elections-legislatives\/","title":{"rendered":"Alerte et vigilance Rouge et Verte pour les \u00e9lections l\u00e9gislatives"},"content":{"rendered":"\n<div class=\"wp-block-image is-style-default\"><figure class=\"alignleft size-large\"><img loading=\"lazy\" decoding=\"async\" width=\"293\" height=\"258\" src=\"https:\/\/www.ades-grenoble.org\/wordpress\/wp-content\/uploads\/2017\/04\/Logo-Ades-web.jpg\" alt=\"\" class=\"wp-image-12873\" srcset=\"https:\/\/www.ades-grenoble.org\/wordpress\/wp-content\/uploads\/2017\/04\/Logo-Ades-web.jpg 293w, https:\/\/www.ades-grenoble.org\/wordpress\/wp-content\/uploads\/2017\/04\/Logo-Ades-web-150x132.jpg 150w\" sizes=\"auto, (max-width: 293px) 100vw, 293px\" \/><\/figure><\/div>\n\n\n\n<blockquote class=\"wp-block-quote is-layout-flow wp-block-quote-is-layout-flow\"><p><strong>L\u2019\u00e9lection pr\u00e9sidentielle a montr\u00e9 que la majorit\u00e9 du pays ne voulait pas de l\u2019extr\u00eame droite. Le premier tour a montr\u00e9 que le pays ne voulait pas de la politique de Macron, ni d\u2019un nouveau mandat d\u2019inaction climatique et sociale. Maintenant les \u00e9lections l\u00e9gislatives d\u00e9cideront de la composition politique de l\u2019Assembl\u00e9e nationale et donc de celle du gouvernement, des lois qui seront prises pendant cinq ans, du contr\u00f4le ou de l\u2019absence de contr\u00f4le parlementaire.<\/strong><\/p><p><strong>Les \u00e9lections l\u00e9gislatives sont tr\u00e8s diff\u00e9rentes de l\u2019\u00e9lection pr\u00e9sidentielle, il y a beaucoup moins de participation et de tr\u00e8s nombreux candidats par circonscription pour permettre aux mouvements politiques de se voir attribuer un financement public pendant cinq ans. La r\u00e8gle des 12,5% des inscrits pour \u00eatre qualifi\u00e9 pour le deuxi\u00e8me tour si le candidat n\u2019est pas dans les deux premiers, rendra les triangulaires assez rares.<\/strong><\/p><p><strong>Au vu des r\u00e9sultats de l\u2019\u00e9lection pr\u00e9sidentielle et des l\u00e9gislatives pr\u00e9c\u00e9dentes, la seule chance pour le camp progressiste de gauche et \u00e9cologiste de pouvoir esp\u00e9rer avoir une importante pr\u00e9sence \u00e0 l\u2019assembl\u00e9e (voire une majorit\u00e9) est de ne pr\u00e9senter qu\u2019une seule candidature dans chaque circonscription.<\/strong><\/p><p><strong>L\u2019ADES mouvement politique local pour la D\u00e9mocratie, l\u2019<font color=\"green\">\u00c9cologie<\/font> et la <font color=\"red\">Solidarit\u00e9 <\/font>qui porte depuis de tr\u00e8s longues ann\u00e9es la culture unitaire entre la gauche et les \u00e9cologistes, entre le rouge et le vert, lance cet appel \u00e0 la responsabilit\u00e9 unitaire dans le respect du pluralisme politique, seule garantie contre la d\u00e9faite\u00a0:<\/strong><\/p><p><strong>Pour une seule candidature de gauche et \u00e9cologiste dans chacune des circonscriptions.<\/strong><\/p><p><strong>Pour une assembl\u00e9e nationale qui ne soit pas une chambre d\u2019enregistrement.<\/strong><\/p><p><strong>Pour une autre politique r\u00e9ellement de gauche et \u00e9cologiste et un mandat d\u2019action climatique et sociale.<\/strong><\/p><\/blockquote>\n\n\n\n<!--more-->\n\n\n\n<p><strong><u>Rappels des diff\u00e9rences entre \u00e9lections l\u00e9gislatives et pr\u00e9sidentielle<\/u><\/strong><\/p>\n\n\n\n<p>Depuis la funeste d\u00e9cision de Lionel Jospin, qui gouvernait en cohabitation avec Chirac, de lier les \u00e9lections l\u00e9gislatives \u00e0 l\u2019\u00e9lection pr\u00e9sidentielle, l\u2019Assembl\u00e9e nationale est devenue encore plus une assembl\u00e9e de godillots au service du pr\u00e9sident \u00e9lu. Malgr\u00e9 de nombreux appels \u00e0 passer \u00e0 la proportionnelle, on se retrouve encore dans cette m\u00eame situation en juin 2022.<\/p>\n\n\n\n<p>La diff\u00e9rence c\u2019est que le corps \u00e9lectoral se r\u00e9partit en quatre grands courants&nbsp;: les abstentionnistes et votes blancs et nuls, la droite macroniste qui a absorb\u00e9 la droite traditionnelle, l\u2019extr\u00eame droite, et une gauche assez \u00e9clat\u00e9e mais qui a pr\u00e9f\u00e9r\u00e9 donner ses voix \u00e0 M\u00e9lenchon dans un r\u00e9flexe de vote efficace lors du 1er tour.<\/p>\n\n\n\n<p><strong>Des r\u00e8gles \u00e0 conna\u00eetre<\/strong><\/p>\n\n\n\n<p>Il est important de connaitre les r\u00e8gles des \u00e9lections l\u00e9gislatives pour pouvoir agir dans les meilleures conditions.<\/p>\n\n\n\n<p>Pour acc\u00e9der au deuxi\u00e8me tour, dans chaque circonscription, seuls les deux premiers candidats du premier tour sont admis automatiquement au second tour, ainsi que ceux qui d\u00e9passeraient les 12,5 % des inscrits. Comme aux l\u00e9gislatives il y a en g\u00e9n\u00e9ral que 50 % de votants, cela imposera aux candidat.es de d\u00e9passer les 25 % des exprim\u00e9s pour \u00eatre s\u00fbr de pouvoir participer au 2<sup>\u00e8me<\/sup> tour et \u00e9ventuellement \u00eatre \u00e9lu.es.<\/p>\n\n\n\n<p>Cette r\u00e8gle cr\u00e9erait l\u2019illusion qu\u2019il pourrait y avoir de nombreuses triangulaires, mais une autre donn\u00e9e est importante \u00e0 prendre en compte.<\/p>\n\n\n\n<p>Le financement public des partis politiques, pendant cinq ans, est li\u00e9 \u00e0 la pr\u00e9sence de nombreux candidats au 1<sup>er<\/sup> tour des l\u00e9gislatives, puisque chaque voix r\u00e9cup\u00e9r\u00e9e sous une m\u00eame \u00e9tiquette permet de recevoir durant le mandat des d\u00e9put\u00e9s une dotation de l\u2019Etat proportionnelle au total de ces voix. La seule condition est de pr\u00e9senter au moins 50 candidats qui d\u00e9passent 1% des exprim\u00e9s. Une deuxi\u00e8me dotation s&rsquo;ajoutera ensuite en fonction du nombre de parlementaires \u00e9lu.e.s (d\u00e9put\u00e9.es et s\u00e9nateur.trice.s).<\/p>\n\n\n\n<p>C\u2019est pour cette raison qu\u2019un nombre important de candidat\u00b7es sont pr\u00e9sent.es au 1<sup>er<\/sup> tour. Par exemple dans l\u2019Is\u00e8re le nombre de candidat.es a \u00e9volu\u00e9 de 9 \u00e0 15 sur les 10 circonscriptions. Cette dispersion des voix fait diminuer le pourcentage des candidats pouvant atteindre 12,5% des inscrits.<\/p>\n\n\n\n<p>En cons\u00e9quence, si dans le bloc de gauche et \u00e9cologiste il n\u2019y a pas un accord qui r\u00e8gle correctement cette question de r\u00e9partition des candidats, tout en tenant compte du financement politique, il y aura dispersion des voix et ce sera l\u2019assurance d\u2019un \u00e9chec.<\/p>\n\n\n\n<p>D\u2019autant plus qu\u2019il y a une diff\u00e9rence entre les votes exprim\u00e9s lors de la pr\u00e9sidentielle et lors des l\u00e9gislatives o\u00f9 les situations locales comptent beaucoup plus en fonction de la notori\u00e9t\u00e9 des candidat\u00b7es<\/p>\n\n\n\n<p><strong>Rappel des votes dans les 10 circonscriptions de l\u2019Is\u00e8re\u00a0:<\/strong><\/p>\n\n\n\n<p>Dans le tableau suivant sont indiqu\u00e9s pour chaque circonscription de l\u2019Is\u00e8re, les votes exprim\u00e9s lors de la pr\u00e9sidentielle de 2022, la participation en 2017 et le nombre de candidat\u00b7es.<\/p>\n\n\n\n<p>Nous avons d\u00e9fini ainsi les trois familles de suffrage&nbsp;:<\/p>\n\n\n\n<ul class=\"wp-block-list\"><li>La gauche regroupe les voix de tous les candidat\u00b7es de gauche et \u00e9cologiste, du PS et de l\u2019extr\u00eame-gauche.<\/li><li>La droite regroupe Macron plus P\u00e9cresse et Lassalle.<\/li><li>L\u2019extr\u00eame-droite\u00a0: Le Pen, Zemmour et Dupont Aignan<\/li><\/ul>\n\n\n\n<p>On peut croire que la gauche a des chances dans au moins les 5 premi\u00e8res circonscriptions au vu les r\u00e9sultats de la pr\u00e9sidentielle, si elle se pr\u00e9sente unie.<\/p>\n\n\n\n<figure class=\"wp-block-table is-style-stripes\"><table><tbody><tr><td>Circonscriptions Is\u00e8re<\/td><td>Sortant<\/td><td>2022 Gauche<\/td><td>2022 Droite (dont Macron)<\/td><td>2022 Extr\u00eame droite<\/td><td>2017 % exprim\u00e9s\/ inscrits<\/td><td>2017 nombre candidats<\/td><\/tr><tr><td>1<\/td><td>LREM V\u00e9ran<\/td><td>41,59<\/td><td>40,25<\/td><td>18,16<\/td><td>54,94%<\/td><td>15<\/td><\/tr><tr><td>2<\/td><td>LERM Colas Roy<\/td><td>40,74<\/td><td>31,23<\/td><td>28,03<\/td><td>45,42%<\/td><td>15<\/td><\/tr><tr><td>3<\/td><td>LREM Chalas<\/td><td>48,86<\/td><td>29,18<\/td><td>21,96<\/td><td>45,96%<\/td><td>14<\/td><\/tr><tr><td>4<\/td><td>PS Battistel<\/td><td>35,48<\/td><td>34,51<\/td><td>30,01<\/td><td>49,31%<\/td><td>13<\/td><\/tr><tr><td>5<\/td><td>LREM Kamowsky<\/td><td>36,82<\/td><td>34,48<\/td><td>28,69<\/td><td>54,39%<\/td><td>12<\/td><\/tr><tr><td>6<\/td><td>LREM Motin<\/td><td>25,74<\/td><td>31,99<\/td><td>42,27<\/td><td>46,32%<\/td><td>11<\/td><\/tr><tr><td>7<\/td><td>LREM Limon<\/td><td>26,39<\/td><td>32,94<\/td><td>40,67<\/td><td>48,17%<\/td><td>9<\/td><\/tr><tr><td>8<\/td><td>LREM Abadie<\/td><td>28,22<\/td><td>34,06<\/td><td>37,71<\/td><td>46,28%<\/td><td>10<\/td><\/tr><tr><td>9<\/td><td>LREM Jacquier-Lafforge<\/td><td>33,31<\/td><td>34,81<\/td><td>31,89<\/td><td>48,59%<\/td><td>9<\/td><\/tr><tr><td>10<\/td><td>LREM Meynier-Millefert<\/td><td>30,44<\/td><td>30,91<\/td><td>38,65<\/td><td>44,42%<\/td><td>14<\/td><\/tr><\/tbody><\/table><\/figure>\n\n\n\n<p>Mais il y a parfois de fortes diff\u00e9rences entre le vote lors de la pr\u00e9sidentielle et des l\u00e9gislatives.<\/p>\n\n\n\n<p>Dans le tableau suivant est indiqu\u00e9 pour l\u2019ann\u00e9e 2017, les votes pour M\u00e9lenchon \u00e0 la pr\u00e9sidentielle, les votes pour les candidats LFI au 1<sup>er<\/sup> tour des l\u00e9gislatives, le total des voix de gauche au 1<sup>er<\/sup> tour de la pr\u00e9sidentielle et le total des voix de gauche au 1<sup>er<\/sup> tour des l\u00e9gislatives.<\/p>\n\n\n\n<p>Une premi\u00e8re constatation est qu\u2019il y a une certaine constante entre les voix de gauche \u00e0 la pr\u00e9sidentielle et aux l\u00e9gislatives. Les circonscriptions o\u00f9 il y a le plus de voix de gauche aux l\u00e9gislatives ce sont des circonscriptions o\u00f9 un sortant \u00e9tait PS (3<sup>\u00e8me<\/sup> et 8<sup>\u00e8me<\/sup>) ou une circonscription anciennement PS (Migaud) la 4<sup>\u00e8me<\/sup> qui sera r\u00e9cup\u00e9r\u00e9e par une PS : Battistel.<\/p>\n\n\n\n<p>Un deuxi\u00e8me constat c\u2019est que LFI ne retrouve pas aux l\u00e9gislatives les voix de M\u00e9lenchon des pr\u00e9sidentielles &#8230;<\/p>\n\n\n\n<figure class=\"wp-block-table is-style-stripes\"><table><tbody><tr><td>Circonscriptions Is\u00e8re<\/td><td>2017 Vote M\u00e9lenchon<\/td><td>2017 vote LFI l\u00e9gislatives<\/td><td>2017 gauche pr\u00e9sidentielle<\/td><td>2017 gauche l\u00e9gislative<\/td><\/tr><tr><td>1<\/td><td>20,46<\/td><td>10,49<\/td><td>30,25<\/td><td>27,14<\/td><\/tr><tr><td>2<\/td><td>25,82<\/td><td>11,12<\/td><td>34,69<\/td><td>34,15<\/td><\/tr><tr><td>3<\/td><td>28,48<\/td><td>14,71<\/td><td>39,41<\/td><td>42,28<\/td><\/tr><tr><td>4<\/td><td>21,28<\/td><td>11,04<\/td><td>30,22<\/td><td>37,91<\/td><\/tr><tr><td>5<\/td><td>21,55<\/td><td>13,26<\/td><td>31,01<\/td><td>31,75<\/td><\/tr><tr><td>6<\/td><td>16,14<\/td><td>9,95<\/td><td>22,09<\/td><td>22,32<\/td><\/tr><tr><td>7<\/td><td>17,54<\/td><td>13,08<\/td><td>24,1<\/td><td>21,54<\/td><\/tr><tr><td>8<\/td><td>17,62<\/td><td>10,72<\/td><td>24,52<\/td><td>29,88<\/td><\/tr><tr><td>9<\/td><td>20,04<\/td><td>13,24<\/td><td>28,4<\/td><td>27,94<\/td><\/tr><tr><td>10<\/td><td>19,34<\/td><td>11,36<\/td><td>26,27<\/td><td>28,3<\/td><\/tr><\/tbody><\/table><\/figure>\n\n\n\n<p>Par ailleurs il y a un effet pervers pour la gauche et les \u00e9cologistes de la forte diminution du vote pour l\u2019extr\u00eame droite entre la pr\u00e9sidentielle et les l\u00e9gislatives (voir le tableau suivant), m\u00eame si cela est bien s\u00fbr positif en soit. Mais du m\u00eame coup&nbsp;&nbsp; la r\u00e9cup\u00e9ration de ces votes va \u00e0 la droite macroniste notamment (avec le raz de mar\u00e9e qu\u2019on a connu vers les candidats LREM). Ceci est d\u00fb \u00e0 la faible implantation locale du RN (m\u00eame s\u2019il en \u00e9tait de m\u00eame pour LREM, mais la nouveaut\u00e9 compensait). Il est probable que ce soit encore le cas en 2022. Le raz de mar\u00e9e macroniste ne sera cependant pas le m\u00eame vu le niveau de rejet de la politique du quinquennat sortant m\u00eame si Jupiter Macron va faire une campagne tr\u00e8s intense pour essayer d\u2019enrayer un vote massif \u00e0 gauche. Nous esp\u00e9rons que le matraquage de slogans mielleux de bonnes intentions, ni les faux engagements ne toucheront pas trop les \u00e9lecteurs de gauche et \u00e9cologistes.<\/p>\n\n\n\n<figure class=\"wp-block-table is-style-stripes\"><table><tbody><tr><td>2017 <br>Circonscriptions Is\u00e8re<\/td><td>2017 <br>Extr\u00eame-droite pr\u00e9sidentielle<\/td><td>2017 <br>Extr\u00eame-droite l\u00e9gislatives<\/td><\/tr><tr><td>1<\/td><td>12,4<\/td><td>6,8<\/td><\/tr><tr><td>2<\/td><td>24,7<\/td><td>15,04<\/td><\/tr><tr><td>3<\/td><td>20,37<\/td><td>11,99<\/td><\/tr><tr><td>4<\/td><td>26,18<\/td><td>14,33<\/td><\/tr><tr><td>5<\/td><td>25,5<\/td><td>14,06<\/td><\/tr><tr><td>6<\/td><td>38,61<\/td><td>27,22<\/td><\/tr><tr><td>7<\/td><td>36,81<\/td><td>21,68<\/td><\/tr><tr><td>8<\/td><td>33,29<\/td><td>20,25<\/td><\/tr><tr><td>9<\/td><td>27,91<\/td><td>15,53<\/td><\/tr><tr><td>10<\/td><td>35,35<\/td><td>21,93<\/td><\/tr><\/tbody><\/table><\/figure>\n\n\n\n<p><strong>En conclusion, aux prochaines l\u00e9gislatives des 12 et 19 juin 2022 : l&rsquo;unit\u00e9 sinon rien !<\/strong><\/p>\n\n\n\n<p>&nbsp;Les diff\u00e9rentes composantes doivent pouvoir se pr\u00e9senter dans une campagne positive pour une vraie alternative. M\u00e9lenchon et LFI d\u00e9tiennent les clefs de ce rassemblement qui ne peut pas \u00eatre une absorption dans un mouvement unique, lequel aurait vraisemblablement demand\u00e9 des ann\u00e9es de construction. Il est donc indispensable d\u2019avoir dans chaque circonscription une candidature unitaire de gauche et \u00e9cologiste en privil\u00e9giant les situations locales et en respectant une r\u00e9partition nationale.<\/p>\n","protected":false},"excerpt":{"rendered":"<p>L\u2019\u00e9lection pr\u00e9sidentielle a montr\u00e9 que la majorit\u00e9 du pays ne voulait pas de l\u2019extr\u00eame droite. Le premier tour a montr\u00e9 que le pays ne voulait pas de la politique de Macron, ni d\u2019un nouveau mandat d\u2019inaction climatique et sociale. Maintenant les \u00e9lections l\u00e9gislatives d\u00e9cideront de la composition politique de l\u2019Assembl\u00e9e nationale et donc de celle [&hellip;]<\/p>\n","protected":false},"author":1,"featured_media":0,"comment_status":"closed","ping_status":"open","sticky":false,"template":"","format":"standard","meta":{"twitterCardType":"","cardImageID":0,"cardImage":"","cardTitle":"","cardDesc":"","cardImageAlt":"","cardPlayer":"","cardPlayerWidth":0,"cardPlayerHeight":0,"cardPlayerStream":"","cardPlayerCodec":"","footnotes":""},"categories":[62,11],"tags":[143,140,247],"class_list":["post-20214","post","type-post","status-publish","format-standard","hentry","category-le-rouge-le-vert-hebdo","category-politique-locale","tag-ades","tag-elections","tag-parlement"],"_links":{"self":[{"href":"https:\/\/www.ades-grenoble.org\/wordpress\/wp-json\/wp\/v2\/posts\/20214","targetHints":{"allow":["GET"]}}],"collection":[{"href":"https:\/\/www.ades-grenoble.org\/wordpress\/wp-json\/wp\/v2\/posts"}],"about":[{"href":"https:\/\/www.ades-grenoble.org\/wordpress\/wp-json\/wp\/v2\/types\/post"}],"author":[{"embeddable":true,"href":"https:\/\/www.ades-grenoble.org\/wordpress\/wp-json\/wp\/v2\/users\/1"}],"replies":[{"embeddable":true,"href":"https:\/\/www.ades-grenoble.org\/wordpress\/wp-json\/wp\/v2\/comments?post=20214"}],"version-history":[{"count":3,"href":"https:\/\/www.ades-grenoble.org\/wordpress\/wp-json\/wp\/v2\/posts\/20214\/revisions"}],"predecessor-version":[{"id":20217,"href":"https:\/\/www.ades-grenoble.org\/wordpress\/wp-json\/wp\/v2\/posts\/20214\/revisions\/20217"}],"wp:attachment":[{"href":"https:\/\/www.ades-grenoble.org\/wordpress\/wp-json\/wp\/v2\/media?parent=20214"}],"wp:term":[{"taxonomy":"category","embeddable":true,"href":"https:\/\/www.ades-grenoble.org\/wordpress\/wp-json\/wp\/v2\/categories?post=20214"},{"taxonomy":"post_tag","embeddable":true,"href":"https:\/\/www.ades-grenoble.org\/wordpress\/wp-json\/wp\/v2\/tags?post=20214"}],"curies":[{"name":"wp","href":"https:\/\/api.w.org\/{rel}","templated":true}]}}