{"id":20270,"date":"2022-05-13T13:22:21","date_gmt":"2022-05-13T11:22:21","guid":{"rendered":"https:\/\/www.ades-grenoble.org\/wordpress\/?p=20270"},"modified":"2022-05-13T13:42:45","modified_gmt":"2022-05-13T11:42:45","slug":"les-elections-legislatives-dans-lagglomeration","status":"publish","type":"post","link":"https:\/\/www.ades-grenoble.org\/wordpress\/2022\/05\/13\/les-elections-legislatives-dans-lagglomeration\/","title":{"rendered":"Les \u00e9lections l\u00e9gislatives dans l\u2019agglom\u00e9ration"},"content":{"rendered":"\n<div class=\"wp-block-image is-style-default\"><figure class=\"alignleft size-large\"><img loading=\"lazy\" decoding=\"async\" width=\"293\" height=\"258\" src=\"https:\/\/www.ades-grenoble.org\/wordpress\/wp-content\/uploads\/2017\/04\/Logo-Ades-web.jpg\" alt=\"\" class=\"wp-image-12873\" srcset=\"https:\/\/www.ades-grenoble.org\/wordpress\/wp-content\/uploads\/2017\/04\/Logo-Ades-web.jpg 293w, https:\/\/www.ades-grenoble.org\/wordpress\/wp-content\/uploads\/2017\/04\/Logo-Ades-web-150x132.jpg 150w\" sizes=\"auto, (max-width: 293px) 100vw, 293px\" \/><\/figure><\/div>\n\n\n\n<p>Conform\u00e9ment \u00e0 son appel \u00e0 l\u2019union de la gauche et des \u00e9cologistes d\u00e8s le premier tour, l\u2019Association pour la D\u00e9mocratie, l\u2019Ecologie et la Solidarit\u00e9 &#8211; ADES apporte son soutien aux candidats de la Nouvelle Union Populaire Ecologique et Sociale (NUPES) en particulier dans les 5 premi\u00e8res circonscriptions de l\u2019Is\u00e8re qui comprennent des communes de l\u2019agglom\u00e9ration.<\/p>\n\n\n\n<p>L\u2019ADES soutient les candidatures de\u00a0:<\/p>\n\n\n\n<ul class=\"wp-block-list\"><li>1\u00e8re circonscription\u00a0: Salom\u00e9 Robin (LFI) avec Joseph Heysch comme suppl\u00e9ant<\/li><li>2\u00e8me circonscription\u00a0: Cyrielle Chatelain (EELV) avec Alban Rosa<\/li><li>3\u00e8me circonscription\u00a0: Elisa Martin (LFI) avec J\u00e9r\u00f4me Dutroncy<\/li><li>4\u00e8me circonscription\u00a0: Marie-No\u00eblle Battistel (PS) avec Guillaume Lissy<\/li><li>5\u00e8me circonscription\u00a0: J\u00e9r\u00e9mie Iordanoff (EELV) avec Marie Questiaux<\/li><\/ul>\n\n\n\n<!--more-->\n\n\n\n<p>Les candidatures devront \u00eatre d\u00e9pos\u00e9es avant le 20 mai \u00e0 18 h \u00e0 la pr\u00e9fecture. On connaitra alors l\u2019ensemble des candidatures sur ces circonscriptions. On peut esp\u00e9rer vu l\u2019accord unitaire qu\u2019il y aura un peu moins de candidat-es qu\u2019aux pr\u00e9c\u00e9dentes \u00e9lections.<\/p>\n\n\n\n<p><a href=\"https:\/\/www.legifrance.gouv.fr\/download\/file\/pdf\/cir_45330\/CIRC\" target=\"_blank\" rel=\"noreferrer noopener\">Une circulaire du minist\u00e8re de l\u2019int\u00e9rieur<\/a> pr\u00e9cise quel sera le nuancier politique que le pr\u00e9fet de l\u2019Is\u00e8re attribuera \u00e0 chaque candidat-e. Il aura le choix de 19 possibilit\u00e9s. Ce choix du pr\u00e9fet n\u2019a pas de cons\u00e9quence sur le choix du candidat de s\u2019affilier \u00e0 tel ou tel parti politique, ce qui permettra l\u2019acc\u00e8s aux financements publics des diff\u00e9rents partis politiques reconnus durant la l\u00e9gislature.<\/p>\n\n\n\n<p>La nuance politique n&rsquo;est pas choisie par le candidat mais par le pr\u00e9fet. Elle permet parfois de subtiles manipulations politiciennes par le minist\u00e8re de l\u2019int\u00e9rieur notamment lors de l\u2019enregistrement de r\u00e9sultats au niveau national pour minimiser quand c\u2019est possible une pouss\u00e9e de l\u2019opposition, en jouant sur les nombreuses cat\u00e9gories de nuances.<\/p>\n\n\n\n<p>La circulaire fournit en annexe un tableau d&rsquo;\u00e9quivalences pour classer les diff\u00e9rentes formations politiques dans l&rsquo;une des 19 nuances ou cat\u00e9gories retenues cette ann\u00e9e<\/p>\n\n\n\n<p>Dans certains cas les choses sont simples lorsque le candidat est investi ou soutenu par une seule formation politique disposant d&rsquo;une nuance propre. Dans d&rsquo;autres cas, point d&rsquo;appartenance directe \u00e0 un parti, le pr\u00e9fet devra alors lui attribuer une \u00ab\u00a0nuance de sensibilit\u00e9. Pour les candidats qui revendiquent une compl\u00e8te ind\u00e9pendance, le pr\u00e9fet devra tout de m\u00eame leur attribuer une nuance de sensibilit\u00e9 au regard notamment de leur trajectoire politique, de leurs prises de position publiques, de leur programme de campagne, ou encore de leur \u00e9tiquette politique d\u00e9clar\u00e9e.<\/p>\n\n\n\n<p>Par exemple la nuance \u00e9cologistes regroupe de nombreux candidats qui repr\u00e9sentent des courants tr\u00e8s divers de droite et de gauche&nbsp;:<\/p>\n\n\n\n<p><em>\u00ab\u00a0Europe-Ecologie-Les Verts, Union des d\u00e9mocrates et des \u00e9cologistes, Alliance Ecologiste Ind\u00e9pendante, Rassemblement citoyen-CAP 21, G\u00e9n\u00e9ration \u00e9cologie, parti animaliste, autres partis ou candidats \u00e9cologistes\u00a0\u00bb<\/em><\/p>\n","protected":false},"excerpt":{"rendered":"<p>Conform\u00e9ment \u00e0 son appel \u00e0 l\u2019union de la gauche et des \u00e9cologistes d\u00e8s le premier tour, l\u2019Association pour la D\u00e9mocratie, l\u2019Ecologie et la Solidarit\u00e9 &#8211; ADES apporte son soutien aux candidats de la Nouvelle Union Populaire Ecologique et Sociale (NUPES) en particulier dans les 5 premi\u00e8res circonscriptions de l\u2019Is\u00e8re qui comprennent des communes de l\u2019agglom\u00e9ration. [&hellip;]<\/p>\n","protected":false},"author":1,"featured_media":0,"comment_status":"closed","ping_status":"open","sticky":false,"template":"","format":"standard","meta":{"twitterCardType":"","cardImageID":0,"cardImage":"","cardTitle":"","cardDesc":"","cardImageAlt":"","cardPlayer":"","cardPlayerWidth":0,"cardPlayerHeight":0,"cardPlayerStream":"","cardPlayerCodec":"","footnotes":""},"categories":[62,11],"tags":[143,140,110],"class_list":["post-20270","post","type-post","status-publish","format-standard","hentry","category-le-rouge-le-vert-hebdo","category-politique-locale","tag-ades","tag-elections","tag-legislatives"],"_links":{"self":[{"href":"https:\/\/www.ades-grenoble.org\/wordpress\/wp-json\/wp\/v2\/posts\/20270","targetHints":{"allow":["GET"]}}],"collection":[{"href":"https:\/\/www.ades-grenoble.org\/wordpress\/wp-json\/wp\/v2\/posts"}],"about":[{"href":"https:\/\/www.ades-grenoble.org\/wordpress\/wp-json\/wp\/v2\/types\/post"}],"author":[{"embeddable":true,"href":"https:\/\/www.ades-grenoble.org\/wordpress\/wp-json\/wp\/v2\/users\/1"}],"replies":[{"embeddable":true,"href":"https:\/\/www.ades-grenoble.org\/wordpress\/wp-json\/wp\/v2\/comments?post=20270"}],"version-history":[{"count":1,"href":"https:\/\/www.ades-grenoble.org\/wordpress\/wp-json\/wp\/v2\/posts\/20270\/revisions"}],"predecessor-version":[{"id":20271,"href":"https:\/\/www.ades-grenoble.org\/wordpress\/wp-json\/wp\/v2\/posts\/20270\/revisions\/20271"}],"wp:attachment":[{"href":"https:\/\/www.ades-grenoble.org\/wordpress\/wp-json\/wp\/v2\/media?parent=20270"}],"wp:term":[{"taxonomy":"category","embeddable":true,"href":"https:\/\/www.ades-grenoble.org\/wordpress\/wp-json\/wp\/v2\/categories?post=20270"},{"taxonomy":"post_tag","embeddable":true,"href":"https:\/\/www.ades-grenoble.org\/wordpress\/wp-json\/wp\/v2\/tags?post=20270"}],"curies":[{"name":"wp","href":"https:\/\/api.w.org\/{rel}","templated":true}]}}