{"id":20336,"date":"2022-05-21T17:55:37","date_gmt":"2022-05-21T15:55:37","guid":{"rendered":"https:\/\/www.ades-grenoble.org\/wordpress\/?p=20336"},"modified":"2022-05-21T18:20:54","modified_gmt":"2022-05-21T16:20:54","slug":"reglement-des-piscines-municipales-grenobloises","status":"publish","type":"post","link":"https:\/\/www.ades-grenoble.org\/wordpress\/2022\/05\/21\/reglement-des-piscines-municipales-grenobloises\/","title":{"rendered":"R\u00e8glement des piscines municipales grenobloises"},"content":{"rendered":"\n<div class=\"wp-block-image\"><figure class=\"alignleft size-large\"><img loading=\"lazy\" decoding=\"async\" width=\"350\" height=\"234\" src=\"https:\/\/www.ades-grenoble.org\/wordpress\/wp-content\/uploads\/2019\/06\/piscine-jean-bron.jpg\" alt=\"\" class=\"wp-image-16018\" srcset=\"https:\/\/www.ades-grenoble.org\/wordpress\/wp-content\/uploads\/2019\/06\/piscine-jean-bron.jpg 350w, https:\/\/www.ades-grenoble.org\/wordpress\/wp-content\/uploads\/2019\/06\/piscine-jean-bron-150x100.jpg 150w, https:\/\/www.ades-grenoble.org\/wordpress\/wp-content\/uploads\/2019\/06\/piscine-jean-bron-300x201.jpg 300w\" sizes=\"auto, (max-width: 350px) 100vw, 350px\" \/><\/figure><\/div>\n\n\n\n<p>Le Conseil municipal de Grenoble a adopt\u00e9 le nouveau r\u00e8glement int\u00e9rieur des piscines qui s\u2019appliquera \u00e0 partir du 1er juin 2022. Il est tout \u00e0 fait regrettable de voir s\u2019installer une v\u00e9ritable hyst\u00e9risation du d\u00e9bat politique de la part de nombreux responsables ou \u00e9lu-es politiques, alors que la majorit\u00e9 municipale a expos\u00e9 de mani\u00e8re pos\u00e9e, d\u00e9taill\u00e9e, critique et pluraliste les diff\u00e9rentes positions en pr\u00e9sence.<\/p>\n\n\n\n<p>On retrouve sur le site de <em>Grenoble en commun<\/em> <a href=\"https:\/\/www.grenobleencommun.fr\/wp-content\/uploads\/2022\/05\/CP-GeC-Annexes-16-05-22.pdf\" target=\"_blank\" rel=\"noreferrer noopener\">le communiqu\u00e9 de presse et les interventions des \u00e9lu-es majoritaires<\/a>\u00a0: Antoine Back, Chlo\u00e9 Pantel et Amel Zenati.<\/p>\n\n\n\n<p>Le Pr\u00e9fet s\u2019est vu imposer par le ministre de l\u2019int\u00e9rieur de d\u00e9poser un d\u00e9f\u00e9r\u00e9 la\u00efcit\u00e9 au tribunal administratif. Le juge des r\u00e9f\u00e9r\u00e9s aura 48 heures pour se prononcer. Maintenant c&rsquo;est donc \u00e0 la justice de se prononcer et c\u2019est tr\u00e8s bien ainsi. Ou le r\u00e8glement est l\u00e9gal ou il ne l\u2019est pas. Sur ce point l\u2019ADES a fait son travail et indiqu\u00e9 qu\u2019il y avait, \u00e0 son avis, une fragilit\u00e9 li\u00e9e \u00e0 une r\u00e9daction critiquable.<\/p>\n\n\n\n<!--more-->\n\n\n\n<p>Le Pr\u00e9fet avait annonc\u00e9 qu\u2019il pourrait poursuivre en d\u00e9posant aussi une demande de suspension classique s\u2019il estime que le r\u00e8glement est entach\u00e9 d\u2019irr\u00e9gularit\u00e9s, le tribunal aura alors environ un mois pour suspendre ou non tout ou partie du r\u00e8glement. Il pourrait aussi demander au maire de retirer la d\u00e9lib\u00e9ration dans le cadre d\u2019un contr\u00f4le de l\u00e9galit\u00e9.<\/p>\n\n\n\n<p>Du c\u00f4t\u00e9 de l\u2019opposition municipale, un recours a \u00e9t\u00e9 d\u00e9pos\u00e9 par l\u2019ancien maire corrompu, il pourrait y en avoir d\u2019autres.<\/p>\n\n\n\n<p>L\u2019Association des Maires de France (AMF) a publi\u00e9 un article qui fait un point clair sur le r\u00e8glement des piscines <u><a href=\"https:\/\/www.maire-info.com\/la%C3%AFcite\/burkini-%C3%A0-grenoble-l'%C3%89tat-attaque-la-decision-du-conseil-municipal-l'amf-demande-des-clarifications--article-26442\" target=\"_blank\" rel=\"noreferrer noopener\">Burkini \u00e0 Grenoble : l&rsquo;\u00c9tat attaque la d\u00e9cision du conseil municipal, l&rsquo;AMF demande des \u00ab clarifications \u00bb | Maire-Info, quotidien d&rsquo;information destin\u00e9 aux \u00e9lus locaux<\/a><\/u><\/p>\n\n\n\n<p>Il se termine par <em>\u00ab\u00a0l\u2019AMF estime que c\u2019est une\u00a0\u00ab\u00a0clarification l\u00e9gislative\u00a0\u00bb\u00a0qui sera n\u00e9cessaire\u00a0:\u00a0\u00ab\u00a0De m\u00eame que la loi du 15 mars 2004 est venue d\u00e9finir une r\u00e8gle nationale sur le port du voile \u00e0 l\u2019\u00e9cole, et ainsi s\u00e9curiser les d\u00e9cisions prises par les directeurs d\u2019\u00e9tablissements scolaires\u00a0\u00bb, une loi pourrait aussi, \u00e0 l\u2019avenir,\u00a0\u00ab\u00a0s\u00e9curiser les d\u00e9cisions prises par les conseils municipaux et intercommunaux<\/em>\u00a0\u00bb.\u00a0Ce qui rejoint la demande que le maire de Grenoble a faite au gouvernement, sans avoir jamais obtenu de r\u00e9ponse.<\/p>\n\n\n\n<p>En revanche, ce qui est beaucoup plus critiquable et inqui\u00e9tant ce sont les interventions de certains \u00e9lus qui entendent imposer \u00e0 une commune ce qu\u2019elle doit faire, alors qu\u2019ils n\u2019en n\u2019ont pas la comp\u00e9tence.<\/p>\n\n\n\n<p>C\u2019est la d\u00e9cision du Pr\u00e9sident de la R\u00e9gion qui annonce dans un tweet quelques minutes apr\u00e8s le vote du Conseil municipal qu\u2019il va couper toutes les subventions \u00e0 la ville de Grenoble, sans avoir un mandat du Conseil r\u00e9gional. Voir le communiqu\u00e9 de presse de Grenoble en commun\u00a0: <u><a href=\"https:\/\/www.grenobleencommun.fr\/communique-de-presse-du-groupe-gec-sur-les-declarations-de-laurent-wauquiez\/\" target=\"_blank\" rel=\"noreferrer noopener\">Communiqu\u00e9 de presse du Groupe GeC sur les d\u00e9clarations de Laurent Wauquiez. (grenobleencommun.fr)<\/a><\/u><\/p>\n\n\n\n<p>C\u2019est aussi malheureusement 68 \u00e9lu-es m\u00e9tropolitains qui se sont permis de voter un v\u0153u s\u2019ing\u00e9rant dans une comp\u00e9tence exclusive d\u2019une commune au m\u00e9pris des propres r\u00e8gles de fonctionnement de leur assembl\u00e9e, des lois et de la Constitution (voir article \u00e0 ce sujet).<\/p>\n\n\n\n<p>Autre information sur ce sujet\u00a0: l\u2019Alliance Citoyenne, dont les m\u00e9thodes sont tr\u00e8s critiquables et qui a beaucoup \u0153uvr\u00e9 pour voir le burkini accept\u00e9 dans les piscines, est rattrap\u00e9e par une enqu\u00eate judiciaire car il lui est reproch\u00e9 d\u2019avoir d\u00e9tenu des donn\u00e9es \u00e0 caract\u00e8re personnel sensible sans le consentement des personnes. A noter aussi que l\u2019association avait obtenu de l\u2019Office du Tourisme la location d\u2019une salle pour une r\u00e9union. D\u00e8s que l\u2019Office a connu la raison de cette r\u00e9union (\u00e0 savoir suivre le conseil municipal du 16 mai), il a refus\u00e9 le 12 mai de louer la salle. L\u2019association a d\u00e9pos\u00e9 un r\u00e9f\u00e9r\u00e9 en urgence au tribunal administratif\u00a0; ce dernier s\u2019est d\u00e9clar\u00e9 incomp\u00e9tent puisque c\u2019\u00e9tait au juge judiciaire de traiter cette question. L\u2019association s\u2019est retourn\u00e9e vers la ville qui lui a lou\u00e9 une salle municipale pour tenir cette r\u00e9union.<\/p>\n\n\n\n<p><u><a href=\"http:\/\/grenoble.tribunal-administratif.fr\/A-savoir\/Jurisprudence\/Le-juge-des-referes-rejette-comme-portee-devant-une-juridiction-incompetente-la-requete-de-l-association-Alliance-Citoyenne-contre-la-decision-de-l-Office-du-tourisme-refusant-de-lui-louer-une-salle-de-reunion\" target=\"_blank\" rel=\"noreferrer noopener\">Tribunal administratif de Grenoble : Le juge des r\u00e9f\u00e9r\u00e9s rejette comme port\u00e9e devant une juridiction incomp\u00e9tente la requ\u00eate de l\u2019association \u00ab Alliance Citoyenne \u00bb contre la d\u00e9cision de l\u2019Office du tourisme refusant de lui louer une salle de r\u00e9union. (tribunal-administratif.fr)<\/a><\/u><\/p>\n","protected":false},"excerpt":{"rendered":"<p>Le Conseil municipal de Grenoble a adopt\u00e9 le nouveau r\u00e8glement int\u00e9rieur des piscines qui s\u2019appliquera \u00e0 partir du 1er juin 2022. Il est tout \u00e0 fait regrettable de voir s\u2019installer une v\u00e9ritable hyst\u00e9risation du d\u00e9bat politique de la part de nombreux responsables ou \u00e9lu-es politiques, alors que la majorit\u00e9 municipale a expos\u00e9 de mani\u00e8re pos\u00e9e, [&hellip;]<\/p>\n","protected":false},"author":1,"featured_media":0,"comment_status":"closed","ping_status":"open","sticky":false,"template":"","format":"standard","meta":{"twitterCardType":"","cardImageID":0,"cardImage":"","cardTitle":"","cardDesc":"","cardImageAlt":"","cardPlayer":"","cardPlayerWidth":0,"cardPlayerHeight":0,"cardPlayerStream":"","cardPlayerCodec":"","footnotes":""},"categories":[11],"tags":[67,215],"class_list":["post-20336","post","type-post","status-publish","format-standard","hentry","category-politique-locale","tag-conseil-municipal","tag-grenoble"],"_links":{"self":[{"href":"https:\/\/www.ades-grenoble.org\/wordpress\/wp-json\/wp\/v2\/posts\/20336","targetHints":{"allow":["GET"]}}],"collection":[{"href":"https:\/\/www.ades-grenoble.org\/wordpress\/wp-json\/wp\/v2\/posts"}],"about":[{"href":"https:\/\/www.ades-grenoble.org\/wordpress\/wp-json\/wp\/v2\/types\/post"}],"author":[{"embeddable":true,"href":"https:\/\/www.ades-grenoble.org\/wordpress\/wp-json\/wp\/v2\/users\/1"}],"replies":[{"embeddable":true,"href":"https:\/\/www.ades-grenoble.org\/wordpress\/wp-json\/wp\/v2\/comments?post=20336"}],"version-history":[{"count":16,"href":"https:\/\/www.ades-grenoble.org\/wordpress\/wp-json\/wp\/v2\/posts\/20336\/revisions"}],"predecessor-version":[{"id":20352,"href":"https:\/\/www.ades-grenoble.org\/wordpress\/wp-json\/wp\/v2\/posts\/20336\/revisions\/20352"}],"wp:attachment":[{"href":"https:\/\/www.ades-grenoble.org\/wordpress\/wp-json\/wp\/v2\/media?parent=20336"}],"wp:term":[{"taxonomy":"category","embeddable":true,"href":"https:\/\/www.ades-grenoble.org\/wordpress\/wp-json\/wp\/v2\/categories?post=20336"},{"taxonomy":"post_tag","embeddable":true,"href":"https:\/\/www.ades-grenoble.org\/wordpress\/wp-json\/wp\/v2\/tags?post=20336"}],"curies":[{"name":"wp","href":"https:\/\/api.w.org\/{rel}","templated":true}]}}