{"id":20383,"date":"2022-05-21T18:09:49","date_gmt":"2022-05-21T16:09:49","guid":{"rendered":"https:\/\/www.ades-grenoble.org\/wordpress\/?p=20383"},"modified":"2022-05-25T16:25:31","modified_gmt":"2022-05-25T14:25:31","slug":"non-a-lingerence-de-la-metropole-dans-les-competences-exclusives-des-communes","status":"publish","type":"post","link":"https:\/\/www.ades-grenoble.org\/wordpress\/2022\/05\/21\/non-a-lingerence-de-la-metropole-dans-les-competences-exclusives-des-communes\/","title":{"rendered":"Non \u00e0 l\u2019ing\u00e9rence de la m\u00e9tropole dans les comp\u00e9tences exclusives des communes"},"content":{"rendered":"\n<div class=\"wp-block-image\"><figure class=\"alignleft size-large\"><img loading=\"lazy\" decoding=\"async\" width=\"278\" height=\"278\" src=\"https:\/\/www.ades-grenoble.org\/wordpress\/wp-content\/uploads\/2022\/02\/Logo-Metro-GAM.jpg\" alt=\"\" class=\"wp-image-19903\" srcset=\"https:\/\/www.ades-grenoble.org\/wordpress\/wp-content\/uploads\/2022\/02\/Logo-Metro-GAM.jpg 278w, https:\/\/www.ades-grenoble.org\/wordpress\/wp-content\/uploads\/2022\/02\/Logo-Metro-GAM-150x150.jpg 150w, https:\/\/www.ades-grenoble.org\/wordpress\/wp-content\/uploads\/2022\/02\/Logo-Metro-GAM-144x144.jpg 144w\" sizes=\"auto, (max-width: 278px) 100vw, 278px\" \/><\/figure><\/div>\n\n\n\n<p>Ce qui s\u2019est pass\u00e9 lors du Conseil m\u00e9tropolitain du 20 mai 2022 est tr\u00e8s grave et il est incompr\u00e9hensible que le Pr\u00e9sident se soit laiss\u00e9 aller \u00e0 voter et faire voter un v\u0153u qui attente gravement aux libert\u00e9s des communes reconnues par la Constitution dans son article 72, par les lois et la jurisprudence.<\/p>\n\n\n\n<p>Pourtant le copr\u00e9sident du groupe UMA, le maire de Champ sur Drac, avait attir\u00e9 l\u2019attention sur l\u2019ing\u00e9rence inadmissible qui \u00e9tait contenue dans le v\u0153u et avait annonc\u00e9 que devant une telle ing\u00e9rence ill\u00e9gale, le groupe UMA ne participerait pas \u00e0 ce d\u00e9bat indigne. Ce v\u0153u \u00e9tait propos\u00e9 par deux groupes de la majorit\u00e9 (NMC et ACTE) qui entendaient r\u00e9agir au vote du conseil municipal de Grenoble concernant le r\u00e8glement int\u00e9rieur des piscines grenobloises. Le v\u0153u demandait \u00ab\u00a0<em>\u00e0 la Ville de Grenoble d\u2019abroger la d\u00e9lib\u00e9ration adopt\u00e9e le 16 mai 2022 portant \u00ab\u00a0nouveau r\u00e8glement int\u00e9rieur des piscines municipales applicables \u00e0 compter du 1<\/em><sup><em>er<\/em><\/sup><em> juin\u00bb.<\/em><\/p>\n\n\n\n<p>Le r\u00e8glement int\u00e9rieur de la m\u00e9tropole pr\u00e9cise ce qu\u2019impose la loi&nbsp;: un v\u0153u peut \u00eatre adopt\u00e9 par l\u2019assembl\u00e9e d\u00e9lib\u00e9rante \u00e0 condition qu\u2019il soit d\u2019int\u00e9r\u00eat m\u00e9tropolitain.<\/p>\n\n\n\n<!--more-->\n\n\n\n<p>Contrairement \u00e0 une commune, la M\u00e9tro n\u2019a pas la comp\u00e9tence g\u00e9n\u00e9rale et ne peut agir que dans le cadre de ses strictes comp\u00e9tences qui sont rappel\u00e9es dans ses statuts r\u00e9cemment adopt\u00e9s. Or la M\u00e9tro n\u2019a pas la comp\u00e9tence d\u2019organisation du service public des piscines qui sont de la comp\u00e9tence actuellement exclusive des communes. En cons\u00e9quence, c\u2019est au prix d\u2019une ill\u00e9galit\u00e9 manifeste que 68 conseillers m\u00e9tropolitains se sont permis de voter un tel v\u0153u.<\/p>\n\n\n\n<p>La ville de Grenoble est en droit de demander \u00e0 la M\u00e9tro de retirer un tel v\u0153u lors du prochain conseil de m\u00e9tropole. Le pr\u00e9fet peut aussi intervenir devant une telle irr\u00e9gularit\u00e9 dans le fonctionnement d\u2019une institution de la R\u00e9publique.<\/p>\n","protected":false},"excerpt":{"rendered":"<p>Ce qui s\u2019est pass\u00e9 lors du Conseil m\u00e9tropolitain du 20 mai 2022 est tr\u00e8s grave et il est incompr\u00e9hensible que le Pr\u00e9sident se soit laiss\u00e9 aller \u00e0 voter et faire voter un v\u0153u qui attente gravement aux libert\u00e9s des communes reconnues par la Constitution dans son article 72, par les lois et la jurisprudence. Pourtant [&hellip;]<\/p>\n","protected":false},"author":1,"featured_media":0,"comment_status":"closed","ping_status":"open","sticky":false,"template":"","format":"standard","meta":{"twitterCardType":"","cardImageID":0,"cardImage":"","cardTitle":"","cardDesc":"","cardImageAlt":"","cardPlayer":"","cardPlayerWidth":0,"cardPlayerHeight":0,"cardPlayerStream":"","cardPlayerCodec":"","footnotes":""},"categories":[11],"tags":[32],"class_list":["post-20383","post","type-post","status-publish","format-standard","hentry","category-politique-locale","tag-metro"],"_links":{"self":[{"href":"https:\/\/www.ades-grenoble.org\/wordpress\/wp-json\/wp\/v2\/posts\/20383","targetHints":{"allow":["GET"]}}],"collection":[{"href":"https:\/\/www.ades-grenoble.org\/wordpress\/wp-json\/wp\/v2\/posts"}],"about":[{"href":"https:\/\/www.ades-grenoble.org\/wordpress\/wp-json\/wp\/v2\/types\/post"}],"author":[{"embeddable":true,"href":"https:\/\/www.ades-grenoble.org\/wordpress\/wp-json\/wp\/v2\/users\/1"}],"replies":[{"embeddable":true,"href":"https:\/\/www.ades-grenoble.org\/wordpress\/wp-json\/wp\/v2\/comments?post=20383"}],"version-history":[{"count":7,"href":"https:\/\/www.ades-grenoble.org\/wordpress\/wp-json\/wp\/v2\/posts\/20383\/revisions"}],"predecessor-version":[{"id":20396,"href":"https:\/\/www.ades-grenoble.org\/wordpress\/wp-json\/wp\/v2\/posts\/20383\/revisions\/20396"}],"wp:attachment":[{"href":"https:\/\/www.ades-grenoble.org\/wordpress\/wp-json\/wp\/v2\/media?parent=20383"}],"wp:term":[{"taxonomy":"category","embeddable":true,"href":"https:\/\/www.ades-grenoble.org\/wordpress\/wp-json\/wp\/v2\/categories?post=20383"},{"taxonomy":"post_tag","embeddable":true,"href":"https:\/\/www.ades-grenoble.org\/wordpress\/wp-json\/wp\/v2\/tags?post=20383"}],"curies":[{"name":"wp","href":"https:\/\/api.w.org\/{rel}","templated":true}]}}