{"id":20401,"date":"2022-05-27T11:23:03","date_gmt":"2022-05-27T09:23:03","guid":{"rendered":"https:\/\/www.ades-grenoble.org\/wordpress\/?p=20401"},"modified":"2022-05-27T11:58:26","modified_gmt":"2022-05-27T09:58:26","slug":"communautarisme-dans-le-champ-de-la-jeunesse-et-des-sports-un-rapport-longtemps-cache","status":"publish","type":"post","link":"https:\/\/www.ades-grenoble.org\/wordpress\/2022\/05\/27\/communautarisme-dans-le-champ-de-la-jeunesse-et-des-sports-un-rapport-longtemps-cache\/","title":{"rendered":"Communautarisme dans le champ de la jeunesse et des sports, un rapport longtemps cach\u00e9"},"content":{"rendered":"\n<div class=\"wp-block-image is-style-default\"><figure class=\"alignleft size-large\"><img loading=\"lazy\" decoding=\"async\" width=\"363\" height=\"354\" src=\"https:\/\/www.ades-grenoble.org\/wordpress\/wp-content\/uploads\/2020\/11\/EducationNationale.jpg\" alt=\"\" class=\"wp-image-18120\" srcset=\"https:\/\/www.ades-grenoble.org\/wordpress\/wp-content\/uploads\/2020\/11\/EducationNationale.jpg 363w, https:\/\/www.ades-grenoble.org\/wordpress\/wp-content\/uploads\/2020\/11\/EducationNationale-150x146.jpg 150w, https:\/\/www.ades-grenoble.org\/wordpress\/wp-content\/uploads\/2020\/11\/EducationNationale-300x293.jpg 300w\" sizes=\"auto, (max-width: 363px) 100vw, 363px\" \/><\/figure><\/div>\n\n\n\n<p>Le minist\u00e8re de l&rsquo;\u00c9ducation nationale vient enfin de publier <a href=\"https:\/\/www.vie-publique.fr\/rapport\/284989-communautarisme-au-sein-des-associations-sportives-et-de-jeunesse?xtor=RSS-719\" target=\"_blank\" rel=\"noreferrer noopener\">le rapport de l\u2019inspection g\u00e9n\u00e9rale de l\u2019\u00e9ducation, du sport et de la recherche qui datait de juillet 2021<\/a>, intitul\u00e9\u00a0<em>: \u00ab\u00a0Les ph\u00e9nom\u00e8nes de communautarisme au sein des associations sportives et de jeunesse, dans les accueils collectifs de mineurs ou les autres structures d&rsquo;accueil de jeunes\u00a0\u00bb<\/em><\/p>\n\n\n\n<p>Ce rapport examine des manifestations qui menacent les principes r\u00e9publicains (notamment la la\u00efcit\u00e9 et l\u2019\u00e9galit\u00e9 entre les hommes et les femmes), se traduisent par des manifestations de repli sur soi identitaire ou peuvent conduire \u00e0 des tentatives de pros\u00e9lytisme, voire de pressions sur les individus, principalement envers les enfants et les jeunes.<br><br><em>\u00ab&nbsp;Apr\u00e8s avoir r\u00e9alis\u00e9 un rapide tour d\u2019horizon des diff\u00e9rentes \u00e9volutions (socio-\u00e9conomiques et urbaines, religieuses, administratives et politiques, juridiques) pouvant expliquer le d\u00e9veloppement de ces ph\u00e9nom\u00e8nes dans les mouvements de jeunesse, les associations ou les clubs et les f\u00e9d\u00e9rations sportives ou d\u2019\u00e9ducation populaire, la mission d\u2019inspection g\u00e9n\u00e9rale fait le point sur les diff\u00e9rentes mesures prises depuis 2014. Elle note les progr\u00e8s r\u00e9alis\u00e9s pour d\u00e9velopper une culture de la vigilance et les actions de contr\u00f4le, mais aussi certaines limites, notamment pour sensibiliser les nombreux acteurs de terrain et pour conna\u00eetre ou signaler les difficult\u00e9s rencontr\u00e9es dans les structures, associations et clubs locaux.<br><br>Dans une derni\u00e8re partie, la mission \u00e9met des propositions en mati\u00e8re de signalement, de contr\u00f4le, d\u2019offre \u00e9ducative, de formation et de dispositions l\u00e9gislatives et r\u00e9glementaires. Elle invite \u00e0 \u00e9valuer les risques encourus \u00e0 leur juste mesure, sans les minorer ou les exag\u00e9rer, et \u00e0 mener un large d\u00e9bat politique et citoyen en vue d\u2019apporter une r\u00e9ponse commune \u00e0 ce qui menace les principes r\u00e9publicains et le vivre-ensemble.&nbsp;\u00bb<\/em><\/p>\n\n\n\n<!--more-->\n\n\n\n<p>Dans la synth\u00e8se du rapport, il est not\u00e9 que&nbsp;:<\/p>\n\n\n\n<p><em>\u00ab&nbsp;C\u2019est en effet en lien avec l\u2019islam, et souvent avec un islam politique, que la mission a recens\u00e9 les principaux ph\u00e9nom\u00e8nes de communautarisme, en nombre limit\u00e9 et \u00e0 l\u2019intensit\u00e9 variable, mais parfois pr\u00e9occupants, tandis que les alertes en lien avec des catholiques int\u00e9gristes, juifs ultra-orthodoxes ou protestants \u00e9vang\u00e9liques, sont plus rares. De mani\u00e8re g\u00e9n\u00e9rale, les clubs de sport et les activit\u00e9s accueillant les enfants et jeunes sont concern\u00e9s par cette pression sociale exerc\u00e9e dans certains quartiers urbains (grandes et aussi petites villes) et dans certaines communaut\u00e9s (notamment turques et tch\u00e9tch\u00e8nes), parfois en zone rurale, comme le sont aussi les autres aspects de la vie publique (monde du travail, commerces, \u00e9cole, rue). Cependant, les femmes, les enfants et les jeunes sont particuli\u00e8rement vis\u00e9s, dans un souci manifeste de contr\u00f4le ou d\u2019influence. Ces manifestations, toutes d\u2019origine religieuse, se traduisent de diff\u00e9rentes fa\u00e7ons :<\/em><\/p>\n\n\n\n<ul class=\"wp-block-list\"><li><em>de nombreux comportements ou demandes alimentaires et vestimentaires, le plus souvent d\u2019origine individuelle, sont autoris\u00e9s dans le cadre l\u00e9gislatif et r\u00e8glementaire actuel, m\u00eame s\u2019ils peuvent ponctuellement entrainer des difficult\u00e9s ou des tensions : demande de repas halal, pratique du ramadan, refus de la douche ou de d\u00e9voiler certaines parties du corps, pri\u00e8res discr\u00e8tes, port du voile \u00e0 l\u2019entrainement et parfois en comp\u00e9tition, selon les sports et leurs r\u00e9glementations nationales et internationales, etc. ;<\/em><\/li><li><em>d\u2019autres demandes et comportements, plus souvent collectifs, sont relativement moins fr\u00e9quents mais plus probl\u00e9matiques : refus de la mixit\u00e9 ou de laisser les filles participer aux activit\u00e9s \u00e0 partir de la pubert\u00e9, pri\u00e8res collectives dans les vestiaires, voire pressions collectives pour les effectuer ou pour respecter le ramadan, etc. ;<\/em><\/li><li><em>enfin, dans de rares cas (qui font l\u2019objet d\u2019une vigilance des autorit\u00e9s), il a \u00e9t\u00e9 signal\u00e9 \u00e0 la mission des tentatives d\u2019entrisme dans des clubs, associations ou centres sociaux, ainsi que l\u2019existence de clubs partiellement ou totalement communautaires, le plus souvent masculins\u00a0\u00bb<\/em><\/li><\/ul>\n","protected":false},"excerpt":{"rendered":"<p>Le minist\u00e8re de l&rsquo;\u00c9ducation nationale vient enfin de publier le rapport de l\u2019inspection g\u00e9n\u00e9rale de l\u2019\u00e9ducation, du sport et de la recherche qui datait de juillet 2021, intitul\u00e9\u00a0: \u00ab\u00a0Les ph\u00e9nom\u00e8nes de communautarisme au sein des associations sportives et de jeunesse, dans les accueils collectifs de mineurs ou les autres structures d&rsquo;accueil de jeunes\u00a0\u00bb Ce rapport [&hellip;]<\/p>\n","protected":false},"author":1,"featured_media":0,"comment_status":"closed","ping_status":"open","sticky":false,"template":"","format":"standard","meta":{"twitterCardType":"","cardImageID":0,"cardImage":"","cardTitle":"","cardDesc":"","cardImageAlt":"","cardPlayer":"","cardPlayerWidth":0,"cardPlayerHeight":0,"cardPlayerStream":"","cardPlayerCodec":"","footnotes":""},"categories":[62,11],"tags":[40,200,73],"class_list":["post-20401","post","type-post","status-publish","format-standard","hentry","category-le-rouge-le-vert-hebdo","category-politique-locale","tag-education","tag-jeunesse","tag-sports"],"_links":{"self":[{"href":"https:\/\/www.ades-grenoble.org\/wordpress\/wp-json\/wp\/v2\/posts\/20401","targetHints":{"allow":["GET"]}}],"collection":[{"href":"https:\/\/www.ades-grenoble.org\/wordpress\/wp-json\/wp\/v2\/posts"}],"about":[{"href":"https:\/\/www.ades-grenoble.org\/wordpress\/wp-json\/wp\/v2\/types\/post"}],"author":[{"embeddable":true,"href":"https:\/\/www.ades-grenoble.org\/wordpress\/wp-json\/wp\/v2\/users\/1"}],"replies":[{"embeddable":true,"href":"https:\/\/www.ades-grenoble.org\/wordpress\/wp-json\/wp\/v2\/comments?post=20401"}],"version-history":[{"count":1,"href":"https:\/\/www.ades-grenoble.org\/wordpress\/wp-json\/wp\/v2\/posts\/20401\/revisions"}],"predecessor-version":[{"id":20402,"href":"https:\/\/www.ades-grenoble.org\/wordpress\/wp-json\/wp\/v2\/posts\/20401\/revisions\/20402"}],"wp:attachment":[{"href":"https:\/\/www.ades-grenoble.org\/wordpress\/wp-json\/wp\/v2\/media?parent=20401"}],"wp:term":[{"taxonomy":"category","embeddable":true,"href":"https:\/\/www.ades-grenoble.org\/wordpress\/wp-json\/wp\/v2\/categories?post=20401"},{"taxonomy":"post_tag","embeddable":true,"href":"https:\/\/www.ades-grenoble.org\/wordpress\/wp-json\/wp\/v2\/tags?post=20401"}],"curies":[{"name":"wp","href":"https:\/\/api.w.org\/{rel}","templated":true}]}}