{"id":20451,"date":"2022-06-10T12:20:06","date_gmt":"2022-06-10T10:20:06","guid":{"rendered":"https:\/\/www.ades-grenoble.org\/wordpress\/?p=20451"},"modified":"2022-06-10T13:24:27","modified_gmt":"2022-06-10T11:24:27","slug":"documents-administratifs-communicables-une-precision-du-conseil-detat","status":"publish","type":"post","link":"https:\/\/www.ades-grenoble.org\/wordpress\/2022\/06\/10\/documents-administratifs-communicables-une-precision-du-conseil-detat\/","title":{"rendered":"Documents administratifs communicables, une pr\u00e9cision du Conseil d\u2019Etat"},"content":{"rendered":"\n<div class=\"wp-block-image is-style-rounded\"><figure class=\"alignleft size-large\"><img loading=\"lazy\" decoding=\"async\" width=\"350\" height=\"263\" src=\"https:\/\/www.ades-grenoble.org\/wordpress\/wp-content\/uploads\/2017\/12\/ConseilEtat.jpg\" alt=\"\" class=\"wp-image-13753\" srcset=\"https:\/\/www.ades-grenoble.org\/wordpress\/wp-content\/uploads\/2017\/12\/ConseilEtat.jpg 350w, https:\/\/www.ades-grenoble.org\/wordpress\/wp-content\/uploads\/2017\/12\/ConseilEtat-150x113.jpg 150w, https:\/\/www.ades-grenoble.org\/wordpress\/wp-content\/uploads\/2017\/12\/ConseilEtat-300x225.jpg 300w\" sizes=\"auto, (max-width: 350px) 100vw, 350px\" \/><\/figure><\/div>\n\n\n\n<p>A l\u2019occasion d\u2019une affaire qui date de 2016, le Conseil d\u2019Etat donne des pr\u00e9cisions sur les documents administratifs communicable \u00e0 toute personne qui les demande.<\/p>\n\n\n\n<p><a href=\"https:\/\/www.conseil-etat.fr\/fr\/arianeweb\/CE\/decision\/2022-06-03\/452218\" target=\"_blank\" rel=\"noreferrer noopener\">Le conseil d\u2019Etat rappelle l\u2019article L.300-2 du code des relations entre le public et l&rsquo;administration<\/a>\u00a0: <em>\u00ab\u00a0Sont consid\u00e9r\u00e9s comme documents administratifs\u2026\u00a0 quels que soient leur date, leur lieu de conservation, leur forme et leur support, les documents produits ou re\u00e7us, dans le cadre de leur mission de service public, par l&rsquo;Etat, les collectivit\u00e9s territoriales ainsi que par les autres personnes de droit public ou les personnes de droit priv\u00e9 charg\u00e9es d&rsquo;une telle mission. Constituent de tels documents notamment les dossiers, rapports, \u00e9tudes, comptes rendus, proc\u00e8s-verbaux, statistiques, instructions, circulaires, notes et r\u00e9ponses minist\u00e9rielles, correspondances, avis, pr\u00e9visions, codes sources et d\u00e9cisions.\u00a0\u00bb<\/em><\/p>\n\n\n\n<!--more-->\n\n\n\n<p>A propos des correspondances, le Conseil d\u2019Etat donne les pr\u00e9cisions suivantes&nbsp;dans un arr\u00eat du 3 juin 2022&nbsp;qui annule un jugement du tribunal administratif de Grenoble&nbsp;:<\/p>\n\n\n\n<p><em>\u00ab&nbsp;Seules les correspondances \u00e9mises ou re\u00e7ues, dans le cadre des fonctions exerc\u00e9es au nom de la commune, par le maire, ses adjoints ou les membres du conseil municipal auxquels le maire a d\u00e9l\u00e9gu\u00e9 une partie de ses fonctions, ont le caract\u00e8re de documents administratifs au sens des dispositions cit\u00e9es au point 2 de l&rsquo;article <a>L. 300-2 du code des relations entre le public et l&rsquo;administration. <\/a>Tel n&rsquo;est en revanche pas le cas des correspondances des \u00e9lus locaux qui ne peuvent \u00eatre regard\u00e9es comme \u00e9manant de la commune d\u00e8s lors qu&rsquo;elles expriment, notamment, des positions personnelles ou des positions prises dans le cadre du libre exercice de leur mandat \u00e9lectif. Il s&rsquo;ensuit qu&rsquo;en jugeant que les courriels \u00e9chang\u00e9s entre le maire et les \u00e9lus communaux au sujet d&rsquo;affaires soumises \u00e0 d\u00e9lib\u00e9ration du conseil municipal constituent des correspondances ayant le caract\u00e8re de documents administratifs communicables sans rechercher si ces derniers avaient \u00e9t\u00e9 \u00e9mis ou re\u00e7us au nom de la commune et n&rsquo;avaient pas pour objet d&rsquo;exprimer les positions personnelles ou politiques des \u00e9lus dans l&rsquo;exercice de leur mandat \u00e9lectif, le tribunal a commis une erreur de droit.&nbsp;\u00bb<\/em><\/p>\n\n\n\n<p>L\u2019affaire est renvoy\u00e9e au tribunal administratif de Grenoble pour \u00eatre rejug\u00e9e.<\/p>\n","protected":false},"excerpt":{"rendered":"<p>A l\u2019occasion d\u2019une affaire qui date de 2016, le Conseil d\u2019Etat donne des pr\u00e9cisions sur les documents administratifs communicable \u00e0 toute personne qui les demande. Le conseil d\u2019Etat rappelle l\u2019article L.300-2 du code des relations entre le public et l&rsquo;administration\u00a0: \u00ab\u00a0Sont consid\u00e9r\u00e9s comme documents administratifs\u2026\u00a0 quels que soient leur date, leur lieu de conservation, leur [&hellip;]<\/p>\n","protected":false},"author":1,"featured_media":0,"comment_status":"closed","ping_status":"open","sticky":false,"template":"","format":"standard","meta":{"twitterCardType":"","cardImageID":0,"cardImage":"","cardTitle":"","cardDesc":"","cardImageAlt":"","cardPlayer":"","cardPlayerWidth":0,"cardPlayerHeight":0,"cardPlayerStream":"","cardPlayerCodec":"","footnotes":""},"categories":[62,11],"tags":[205,52],"class_list":["post-20451","post","type-post","status-publish","format-standard","hentry","category-le-rouge-le-vert-hebdo","category-politique-locale","tag-communication","tag-justice-administrative"],"_links":{"self":[{"href":"https:\/\/www.ades-grenoble.org\/wordpress\/wp-json\/wp\/v2\/posts\/20451","targetHints":{"allow":["GET"]}}],"collection":[{"href":"https:\/\/www.ades-grenoble.org\/wordpress\/wp-json\/wp\/v2\/posts"}],"about":[{"href":"https:\/\/www.ades-grenoble.org\/wordpress\/wp-json\/wp\/v2\/types\/post"}],"author":[{"embeddable":true,"href":"https:\/\/www.ades-grenoble.org\/wordpress\/wp-json\/wp\/v2\/users\/1"}],"replies":[{"embeddable":true,"href":"https:\/\/www.ades-grenoble.org\/wordpress\/wp-json\/wp\/v2\/comments?post=20451"}],"version-history":[{"count":1,"href":"https:\/\/www.ades-grenoble.org\/wordpress\/wp-json\/wp\/v2\/posts\/20451\/revisions"}],"predecessor-version":[{"id":20452,"href":"https:\/\/www.ades-grenoble.org\/wordpress\/wp-json\/wp\/v2\/posts\/20451\/revisions\/20452"}],"wp:attachment":[{"href":"https:\/\/www.ades-grenoble.org\/wordpress\/wp-json\/wp\/v2\/media?parent=20451"}],"wp:term":[{"taxonomy":"category","embeddable":true,"href":"https:\/\/www.ades-grenoble.org\/wordpress\/wp-json\/wp\/v2\/categories?post=20451"},{"taxonomy":"post_tag","embeddable":true,"href":"https:\/\/www.ades-grenoble.org\/wordpress\/wp-json\/wp\/v2\/tags?post=20451"}],"curies":[{"name":"wp","href":"https:\/\/api.w.org\/{rel}","templated":true}]}}