{"id":20459,"date":"2022-06-10T13:01:02","date_gmt":"2022-06-10T11:01:02","guid":{"rendered":"https:\/\/www.ades-grenoble.org\/wordpress\/?p=20459"},"modified":"2022-06-10T13:24:54","modified_gmt":"2022-06-10T11:24:54","slug":"diagnostic-local-de-sante-et-sante-environnement-de-la-metropole","status":"publish","type":"post","link":"https:\/\/www.ades-grenoble.org\/wordpress\/2022\/06\/10\/diagnostic-local-de-sante-et-sante-environnement-de-la-metropole\/","title":{"rendered":"Diagnostic local de sant\u00e9 et sant\u00e9-environnement de la M\u00e9tropole"},"content":{"rendered":"\n<div class=\"wp-block-image is-style-default\"><figure class=\"alignleft size-large\"><img loading=\"lazy\" decoding=\"async\" width=\"450\" height=\"122\" src=\"https:\/\/www.ades-grenoble.org\/wordpress\/wp-content\/uploads\/2018\/11\/PlanEnergieClimat.jpg\" alt=\"\" class=\"wp-image-15026\" srcset=\"https:\/\/www.ades-grenoble.org\/wordpress\/wp-content\/uploads\/2018\/11\/PlanEnergieClimat.jpg 450w, https:\/\/www.ades-grenoble.org\/wordpress\/wp-content\/uploads\/2018\/11\/PlanEnergieClimat-150x41.jpg 150w, https:\/\/www.ades-grenoble.org\/wordpress\/wp-content\/uploads\/2018\/11\/PlanEnergieClimat-300x81.jpg 300w\" sizes=\"auto, (max-width: 450px) 100vw, 450px\" \/><\/figure><\/div>\n\n\n\n<p>La M\u00e9tro s\u2019est engag\u00e9e dans &nbsp;son Plan Climat Air \u00c9nergie \u00e0 r\u00e9aliser un diagnostic local permettant une synth\u00e8se spatialis\u00e9e des enjeux de sant\u00e9 et de sant\u00e9-environnement.<\/p>\n\n\n\n<p><a rel=\"noreferrer noopener\" href=\"http:\/\/ors-auvergne-rhone-alpes.org\/pdf\/DSE_Grenoble_Alpes_Metropole.pdf\" target=\"_blank\">Ce diagnostic <\/a>\u00a0a \u00e9t\u00e9 r\u00e9alis\u00e9 avec le concours de l\u2019Agence d\u2019urbanisme de la r\u00e9gion grenobloise, du Cerema et de l\u2019Observatoire r\u00e9gional de sant\u00e9 Auvergne-Rh\u00f4ne-Alpes.<br>Salima Djidel Vice-Pr\u00e9sidente d\u00e9l\u00e9gu\u00e9e \u00e0 la sant\u00e9, la strat\u00e9gie et la s\u00e9curit\u00e9 alimentaire et Pierre Verri Vice-Pr\u00e9sident d\u00e9l\u00e9gu\u00e9 \u00e0 l\u2019air, l\u2019\u00e9nergie et le climat cosignent l\u2019introduction du diagnostic\u00a0:<\/p>\n\n\n\n<p><em>\u00ab&nbsp;Les intercommunalit\u00e9s ont la charge de services publics qui n\u2019ont pas d\u2019objet sanitaire en tant que tel, mais qui sont essentiels pour la bonne sant\u00e9 et le bien-\u00eatre des habitants et habitantes de leur territoire. Parmi ces services : l\u2019eau et l\u2019assainissement, la collecte et le traitement des ordures m\u00e9nag\u00e8res, la r\u00e9novation urbaine, la protection de l\u2019environnement, l\u2019agriculture\u2026 Une M\u00e9tropole a donc raison de s\u2019int\u00e9resser \u00e0 la sant\u00e9. Un probl\u00e8me de sant\u00e9 publique sur le territoire peut rapidement devenir majeur pour tout ou partie de ses habitants (eau pollu\u00e9e, animaux nuisibles, d\u00e9serts m\u00e9dicaux&#8230;).<\/em><\/p>\n\n\n\n<!--more-->\n\n\n\n<p><em>La pollution atmosph\u00e9rique, les \u00eelots de chaleur urbains, la s\u00e9dentarit\u00e9 sont autant de d\u00e9terminants de la sant\u00e9 sur lesquels peut aussi agir une M\u00e9tropole en adaptant son urbanisation. Enfin, lutter contre les in\u00e9galit\u00e9s sociales et environnementales de sant\u00e9, c\u2019est contribuer \u00e0 une meilleure coh\u00e9sion sociale. C\u2019est aussi permettre \u00e0 chaque individu de b\u00e9n\u00e9ficier des bienfaits qu\u2019apporte plus d\u2019\u00e9galit\u00e9 au sein du territoire.<\/em><\/p>\n\n\n\n<p><em>Grenoble Alpes M\u00e9tropole s\u2019est donc engag\u00e9 dans le cadre de son Plan Climat Air \u00c9nergie \u00e0 r\u00e9aliser un diagnostic local permettant une synth\u00e8se spatialis\u00e9e des enjeux de sant\u00e9 et de sant\u00e9-environnement. Ce travail constituera un outil transversal d\u2019aide \u00e0 la d\u00e9cision pour de nombreuses d\u00e9marches m\u00e9tropolitaines en cours et \u00e0 venir : mise en \u0153uvre des PLH, PLUI, PDU, mise en \u0153uvre des strat\u00e9gies biodiversit\u00e9, sant\u00e9-environnement et du plan de gestion du patrimoine arbor\u00e9, renouvellement des contrats de ville, espaces publics, sch\u00e9ma d\u2019accessibilit\u00e9, d\u00e9chets, habitat, Projet alimentaire inter-territorial (PAIT)\u2026<\/em><\/p>\n\n\n\n<p><em>Par l\u2019identification des vuln\u00e9rabilit\u00e9s du territoire, ce diagnostic contribuera aussi \u00e0 prioriser l\u2019action publique pour intensifier la lutte contre les in\u00e9galit\u00e9s sociales, territoriales et environnementales de sant\u00e9 en vue de la signature, a minima avec l\u2019Agence r\u00e9gionale de sant\u00e9 (ARS), d\u2019un Contrat local de sant\u00e9 (CLS) m\u00e9tropolitain. Ce CLS m\u00e9tropolitain compl\u00e8tera l\u2019implication d\u00e9j\u00e0 forte de la collectivit\u00e9 et permettra d\u2019avoir une vision globale de son action, \u00e0 la fois dans le cadre du Programme r\u00e9gional sant\u00e9 environnement (PRSE 3) que du Projet r\u00e9gional de sant\u00e9 (PRS) 2018-2028 en vigueur.<\/em><\/p>\n\n\n\n<p><em>Le diagnostic m\u00e9tropolitain de sant\u00e9 et sant\u00e9 environnement a \u00e9t\u00e9 r\u00e9alis\u00e9 conjointement par l\u2019Observatoire r\u00e9gional de sant\u00e9 (ORS), le Cerema et l\u2019Agence d\u2019urbanisme de la r\u00e9gion grenobloise (AURG). Il s\u2019agit d\u2019une analyse des donn\u00e9es quantitatives de l\u2019\u00e9tat de sant\u00e9 de la population et des donn\u00e9es de sant\u00e9 environnementale des 49 communes, constitu\u00e9e de 3 \u00e9tudes :<\/em><\/p>\n\n\n\n<p><em>\u2022 Un \u00e9tat des lieux de la sant\u00e9 de la population, de l\u2019offre et du recours aux soins, ax\u00e9 plus particuli\u00e8rement sur l\u2019analyse des in\u00e9galit\u00e9s sociales et territoriales de sant\u00e9.<\/em><\/p>\n\n\n\n<p><em>\u2022 Un diagnostic sant\u00e9-environnement approfondissant les th\u00e9matiques \u00e9mergentes pour lesquelles la connaissance sur le territoire a \u00e9t\u00e9 identifi\u00e9e comme lacunaire, permettant de d\u00e9terminer l\u2019impact des d\u00e9terminants environnementaux sur la sant\u00e9 des m\u00e9tropolitains.<\/em><\/p>\n\n\n\n<p><em>\u2022 Le profil socio-sanitaire et environnemental de la M\u00e9tropole selon quatre regroupements de communes, issu d\u2019un croisement transversal des donn\u00e9es des deux premi\u00e8res \u00e9tudes.<\/em><\/p>\n\n\n\n<p><em>Ce diagnostic est compl\u00e9t\u00e9 par une analyse interne de la prise en compte de la sant\u00e9 dans les politiques sectorielles de la M\u00e9tropole. R\u00e9alis\u00e9e par l\u2019AURG, sur la base d\u2019entretiens individuels ou par service, ainsi que d\u2019un s\u00e9minaire technique interservices, elle a permis de d\u00e9gager des pistes de renforcement de l\u2019enjeu sant\u00e9 dans les politiques m\u00e9tropolitaines.<\/em><\/p>\n\n\n\n<p><em>Enfin, une consultation de l\u2019ensemble des communes de la M\u00e9tropole et de ses partenaires viendra compl\u00e9ter de mani\u00e8re qualitative ce diagnostic. Il permettra d\u2019identifier leurs champs d\u2019actions et de les questionner sur la pertinence de l\u2019\u00e9laboration d\u2019un cadre commun d\u2019intervention sur l\u2019enjeu de la sant\u00e9.\u00a0\u00bb<\/em><\/p>\n","protected":false},"excerpt":{"rendered":"<p>La M\u00e9tro s\u2019est engag\u00e9e dans &nbsp;son Plan Climat Air \u00c9nergie \u00e0 r\u00e9aliser un diagnostic local permettant une synth\u00e8se spatialis\u00e9e des enjeux de sant\u00e9 et de sant\u00e9-environnement. Ce diagnostic \u00a0a \u00e9t\u00e9 r\u00e9alis\u00e9 avec le concours de l\u2019Agence d\u2019urbanisme de la r\u00e9gion grenobloise, du Cerema et de l\u2019Observatoire r\u00e9gional de sant\u00e9 Auvergne-Rh\u00f4ne-Alpes.Salima Djidel Vice-Pr\u00e9sidente d\u00e9l\u00e9gu\u00e9e \u00e0 la [&hellip;]<\/p>\n","protected":false},"author":1,"featured_media":0,"comment_status":"closed","ping_status":"open","sticky":false,"template":"","format":"standard","meta":{"twitterCardType":"","cardImageID":0,"cardImage":"","cardTitle":"","cardDesc":"","cardImageAlt":"","cardPlayer":"","cardPlayerWidth":0,"cardPlayerHeight":0,"cardPlayerStream":"","cardPlayerCodec":"","footnotes":""},"categories":[62,11],"tags":[223,280,99],"class_list":["post-20459","post","type-post","status-publish","format-standard","hentry","category-le-rouge-le-vert-hebdo","category-politique-locale","tag-climat","tag-metropole","tag-sante"],"_links":{"self":[{"href":"https:\/\/www.ades-grenoble.org\/wordpress\/wp-json\/wp\/v2\/posts\/20459","targetHints":{"allow":["GET"]}}],"collection":[{"href":"https:\/\/www.ades-grenoble.org\/wordpress\/wp-json\/wp\/v2\/posts"}],"about":[{"href":"https:\/\/www.ades-grenoble.org\/wordpress\/wp-json\/wp\/v2\/types\/post"}],"author":[{"embeddable":true,"href":"https:\/\/www.ades-grenoble.org\/wordpress\/wp-json\/wp\/v2\/users\/1"}],"replies":[{"embeddable":true,"href":"https:\/\/www.ades-grenoble.org\/wordpress\/wp-json\/wp\/v2\/comments?post=20459"}],"version-history":[{"count":2,"href":"https:\/\/www.ades-grenoble.org\/wordpress\/wp-json\/wp\/v2\/posts\/20459\/revisions"}],"predecessor-version":[{"id":20461,"href":"https:\/\/www.ades-grenoble.org\/wordpress\/wp-json\/wp\/v2\/posts\/20459\/revisions\/20461"}],"wp:attachment":[{"href":"https:\/\/www.ades-grenoble.org\/wordpress\/wp-json\/wp\/v2\/media?parent=20459"}],"wp:term":[{"taxonomy":"category","embeddable":true,"href":"https:\/\/www.ades-grenoble.org\/wordpress\/wp-json\/wp\/v2\/categories?post=20459"},{"taxonomy":"post_tag","embeddable":true,"href":"https:\/\/www.ades-grenoble.org\/wordpress\/wp-json\/wp\/v2\/tags?post=20459"}],"curies":[{"name":"wp","href":"https:\/\/api.w.org\/{rel}","templated":true}]}}