{"id":20462,"date":"2022-06-10T13:10:20","date_gmt":"2022-06-10T11:10:20","guid":{"rendered":"https:\/\/www.ades-grenoble.org\/wordpress\/?p=20462"},"modified":"2022-06-10T13:24:59","modified_gmt":"2022-06-10T11:24:59","slug":"a-la-metro-un-nouveau-service-de-collecte-des-objets-volumineux-en-porte-a-porte","status":"publish","type":"post","link":"https:\/\/www.ades-grenoble.org\/wordpress\/2022\/06\/10\/a-la-metro-un-nouveau-service-de-collecte-des-objets-volumineux-en-porte-a-porte\/","title":{"rendered":"A la M\u00e9tro, un nouveau service de collecte des objets volumineux en porte-\u00e0-porte"},"content":{"rendered":"\n<div class=\"wp-block-image is-style-default\"><figure class=\"alignleft size-large\"><img loading=\"lazy\" decoding=\"async\" width=\"250\" height=\"290\" src=\"https:\/\/www.ades-grenoble.org\/wordpress\/wp-content\/uploads\/2016\/03\/bac-tri.jpg\" alt=\"\" class=\"wp-image-11359\" srcset=\"https:\/\/www.ades-grenoble.org\/wordpress\/wp-content\/uploads\/2016\/03\/bac-tri.jpg 250w, https:\/\/www.ades-grenoble.org\/wordpress\/wp-content\/uploads\/2016\/03\/bac-tri-129x150.jpg 129w\" sizes=\"auto, (max-width: 250px) 100vw, 250px\" \/><\/figure><\/div>\n\n\n\n<p>Le nouveau service m\u00e9tropolitain de collecte des objets volumineux a \u00e9t\u00e9 lanc\u00e9 il y a quelques mois. Il est gratuit et accessible sur rendez-vous \u00e0 tous les m\u00e9tropolitains qui n\u2019ont pas de solutions pour se d\u00e9barrasser de leurs encombrants.<\/p>\n\n\n\n<p>Il faut d\u2019abord penser au r\u00e9emploi et \u00e0 la r\u00e9paration. <a rel=\"noreferrer noopener\" href=\"https:\/\/www.grenoblealpesmetropole.fr\/1095-le-reemploi.htm\" target=\"_blank\">La M\u00e9tro propose une gamme de solutions simples et pratiques<\/a>\u00a0pour donner une deuxi\u00e8me vie \u00e0 ces objets.<\/p>\n\n\n\n<p>Si les objets sont hors d\u2019usage, il faut d\u2019abord v\u00e9rifier qu\u2019ils peuvent \u00eatre r\u00e9cup\u00e9r\u00e9s en magasin sous certaines conditions, sinon, les&nbsp;<a href=\"https:\/\/www.grenoblealpesmetropole.fr\/271-je-cherche-une-decheterie.htm#par2425\">21 d\u00e9ch\u00e8teries<\/a>&nbsp;de la M\u00e9tropole sont \u00e0 disposition.<\/p>\n\n\n\n<p>Il est \u00e9galement possible de faire appel \u00e0 de jeunes entreprises qui font le travail d\u2019enl\u00e8vement avec des v\u00e9los cargos, il en existe \u00e0 Grenoble, comme dans bien des grandes villes maintenant.<\/p>\n\n\n\n<p><strong>Si aucune de ces solutions n\u2019est possible, la M\u00e9tropole propose un&nbsp;nouveau service de collecte des objets volumineux en porte-\u00e0-porte, gratuit et sur rendez-vous.&nbsp;<\/strong><\/p>\n\n\n\n<!--more-->\n\n\n\n<p><strong>Comment \u00e7a marche ?<\/strong><\/p>\n\n\n\n<p>Prendre connaissance des\u00a0<a href=\"https:\/\/www.grenoblealpesmetropole.fr\/cms_viewFile.php?idtf=11983&amp;path=Collecte-d-objets-volumineux-pour-reemploi-Regles-d-utilisation-du-service.pdf\">r\u00e8gles d&rsquo;utilisation du service.<\/a> Ce service ne concerne pas tous les objets ou d\u00e9chets (<a href=\"https:\/\/www.grenoblealpesmetropole.fr\/cms_viewFile.php?idtf=11983&amp;path=Collecte-d-objets-volumineux-pour-reemploi-Regles-d-utilisation-du-service.pdf\">voir les objets accept\u00e9s et interdits<\/a>).<\/p>\n\n\n\n<p>Pour demander un rendez-vous via&nbsp;<a href=\"https:\/\/services.demarches.grenoblealpesmetropole.fr\/gestion-des-dechets\/rdv-encombrants\/?cancelurl=https:\/\/demarches.grenoblealpesmetropole.fr\/\">le formulaire en ligne<\/a>&nbsp;ou au 0 800 500 027 du lundi au vendredi de 8h30 \u00e0 12h30 et de 13h30 \u00e0 17h.<\/p>\n\n\n\n<p>Un op\u00e9rateur contactera le demandeur par t\u00e9l\u00e9phone pour fixer le rendez-vous et valider la liste des objets \u00e0 collecter (certains objets \u00e9tant interdits). Le demandeur doit \u00eatre propri\u00e9taire des objets \u00e0 \u00e9vacuer.<br>Le d\u00e9lai est estim\u00e9 entre 3 et 4 semaines<\/p>\n\n\n\n<p>Le jour J, les objets volumineux sont collect\u00e9s, sur le trottoir, devant le domicile des particuliers et en leur pr\u00e9sence.<\/p>\n\n\n\n<p>Que deviennent les objets collect\u00e9s par ce nouveau service ? Ils sont pris en charge, tri\u00e9s et contr\u00f4l\u00e9s\u00a0: les objets en bon \u00e9tat sont revendus en boutiques solidaires \u00e0 faible prix ou distribu\u00e9s \u00e0 des familles fragilis\u00e9es. <\/p>\n\n\n\n<p><a href=\"https:\/\/www.grenoblealpesmetropole.fr\/actualite\/1558\/104-un-nouveau-service-de-collecte-des-objets-volumineux-en-porte-a-porte.htm\">Un nouveau service de collecte des objets volumineux en porte-\u00e0-porte (grenoblealpesmetropole.fr)<\/a><\/p>\n","protected":false},"excerpt":{"rendered":"<p>Le nouveau service m\u00e9tropolitain de collecte des objets volumineux a \u00e9t\u00e9 lanc\u00e9 il y a quelques mois. Il est gratuit et accessible sur rendez-vous \u00e0 tous les m\u00e9tropolitains qui n\u2019ont pas de solutions pour se d\u00e9barrasser de leurs encombrants. Il faut d\u2019abord penser au r\u00e9emploi et \u00e0 la r\u00e9paration. La M\u00e9tro propose une gamme de [&hellip;]<\/p>\n","protected":false},"author":1,"featured_media":0,"comment_status":"closed","ping_status":"open","sticky":false,"template":"","format":"standard","meta":{"twitterCardType":"","cardImageID":0,"cardImage":"","cardTitle":"","cardDesc":"","cardImageAlt":"","cardPlayer":"","cardPlayerWidth":0,"cardPlayerHeight":0,"cardPlayerStream":"","cardPlayerCodec":"","footnotes":""},"categories":[62,11],"tags":[158,32,44],"class_list":["post-20462","post","type-post","status-publish","format-standard","hentry","category-le-rouge-le-vert-hebdo","category-politique-locale","tag-dechets","tag-metro","tag-services-publics"],"_links":{"self":[{"href":"https:\/\/www.ades-grenoble.org\/wordpress\/wp-json\/wp\/v2\/posts\/20462","targetHints":{"allow":["GET"]}}],"collection":[{"href":"https:\/\/www.ades-grenoble.org\/wordpress\/wp-json\/wp\/v2\/posts"}],"about":[{"href":"https:\/\/www.ades-grenoble.org\/wordpress\/wp-json\/wp\/v2\/types\/post"}],"author":[{"embeddable":true,"href":"https:\/\/www.ades-grenoble.org\/wordpress\/wp-json\/wp\/v2\/users\/1"}],"replies":[{"embeddable":true,"href":"https:\/\/www.ades-grenoble.org\/wordpress\/wp-json\/wp\/v2\/comments?post=20462"}],"version-history":[{"count":1,"href":"https:\/\/www.ades-grenoble.org\/wordpress\/wp-json\/wp\/v2\/posts\/20462\/revisions"}],"predecessor-version":[{"id":20463,"href":"https:\/\/www.ades-grenoble.org\/wordpress\/wp-json\/wp\/v2\/posts\/20462\/revisions\/20463"}],"wp:attachment":[{"href":"https:\/\/www.ades-grenoble.org\/wordpress\/wp-json\/wp\/v2\/media?parent=20462"}],"wp:term":[{"taxonomy":"category","embeddable":true,"href":"https:\/\/www.ades-grenoble.org\/wordpress\/wp-json\/wp\/v2\/categories?post=20462"},{"taxonomy":"post_tag","embeddable":true,"href":"https:\/\/www.ades-grenoble.org\/wordpress\/wp-json\/wp\/v2\/tags?post=20462"}],"curies":[{"name":"wp","href":"https:\/\/api.w.org\/{rel}","templated":true}]}}