{"id":20469,"date":"2022-06-10T13:22:45","date_gmt":"2022-06-10T11:22:45","guid":{"rendered":"https:\/\/www.ades-grenoble.org\/wordpress\/?p=20469"},"modified":"2022-06-11T21:09:33","modified_gmt":"2022-06-11T19:09:33","slug":"marie-amelie-patras-1935-2022","status":"publish","type":"post","link":"https:\/\/www.ades-grenoble.org\/wordpress\/2022\/06\/10\/marie-amelie-patras-1935-2022\/","title":{"rendered":"Marie-Am\u00e9lie Patras (1935-2022)"},"content":{"rendered":"\n<div class=\"wp-block-image is-style-rounded\"><figure class=\"alignleft size-large\"><img loading=\"lazy\" decoding=\"async\" width=\"400\" height=\"515\" src=\"https:\/\/www.ades-grenoble.org\/wordpress\/wp-content\/uploads\/2022\/06\/MarieAmelie-Patras.jpg\" alt=\"\" class=\"wp-image-20470\" srcset=\"https:\/\/www.ades-grenoble.org\/wordpress\/wp-content\/uploads\/2022\/06\/MarieAmelie-Patras.jpg 400w, https:\/\/www.ades-grenoble.org\/wordpress\/wp-content\/uploads\/2022\/06\/MarieAmelie-Patras-233x300.jpg 233w, https:\/\/www.ades-grenoble.org\/wordpress\/wp-content\/uploads\/2022\/06\/MarieAmelie-Patras-117x150.jpg 117w\" sizes=\"auto, (max-width: 400px) 100vw, 400px\" \/><figcaption>Marie Am\u00e9lie Patras<\/figcaption><\/figure><\/div>\n\n\n\n<p>De battre son c\u0153ur s&rsquo;est arr\u00eat\u00e9 ! Notre amie et fid\u00e8le militante de l\u2019ADES, Marie-Am\u00e9lie Patras est d\u00e9c\u00e9d\u00e9e \u00e0 87 ans le 5 juin 2022.<\/p>\n\n\n\n<p>Pour nous c\u2019\u00e9tait \u00ab&nbsp;Mam\u00e9lie&nbsp;\u00bb. Elle faisait partie des \u00ab&nbsp;Hussard-es de la R\u00e9publique&nbsp;\u00bb comme institutrice de l\u2019\u00c9ducation nationale. Elle a \u00e9t\u00e9 militante syndicale et membre d\u2019une association de soutien aux personnes handicap\u00e9es.<\/p>\n\n\n\n<p>Elle a milit\u00e9 au PSU \u00e0 Grenoble mais n\u2019a pas suivi Michel Rocard lors de son d\u00e9part au PS en 1974 et c\u2019est tout naturellement qu\u2019elle a milit\u00e9 \u00e0 l\u2019ADES contre la politique du maire corrompu.<\/p>\n\n\n\n<p>Retrait\u00e9e de l\u2019\u00c9ducation nationale elle est pr\u00e9sente sur la liste \u00ab&nbsp;<em>D\u00e9mocratie, \u00c9cologie Solidarit\u00e9<\/em>&nbsp;\u00bb men\u00e9e par Raymond Avrillier, et est \u00e9lue le 18 juin 1995 dans la majorit\u00e9, suite \u00e0 la fusion des listes PS, ADES et GO apr\u00e8s le premier tour de l\u2019\u00e9lection municipale.<\/p>\n\n\n\n<!--more-->\n\n\n\n<p>Elle devient conseill\u00e8re d\u00e9l\u00e9gu\u00e9e \u00e0 l\u2019enfance, jeunesse et p\u00e9riscolaire et va s\u2019attaquer avec d\u00e9termination aux d\u00e9g\u00e2ts commis par la politique de droite du clan Carignon.<\/p>\n\n\n\n<p>A peine quelque mois apr\u00e8s son \u00e9lection, le 4 d\u00e9cembre 1995, un l\u00e2cher d\u2019eau d\u2019un barrage EDF emporte 6 enfants d\u2019une classe de CE1 de l\u2019externat Notre Dame et une accompagnatrice qui faisaient une sortie scolaire au bord du Drac en aval du barrage de Saint Georges de Commiers, pour observer les castors. Ce drame terrible a eu des cons\u00e9quences sur la r\u00e8glementation des sorties scolaires. Pour Mam\u00e9lie ce fut un choc terrible et une profonde blessure. Seuls des responsables d\u2019EDF ont \u00e9t\u00e9 jug\u00e9s responsables de cette trag\u00e9die.<\/p>\n\n\n\n<p>Mam\u00e9lie avait une d\u00e9termination \u00e0 faire changer le monde en commen\u00e7ant par l&rsquo;enfance, par son m\u00e9tier d&rsquo;enseignante \u00e0 l&rsquo;\u00e9cole Saint Laurent en premier. Elle a poursuivi dans son r\u00f4le d&rsquo;\u00e9lue \u00e0 l&rsquo;enfance et \u00e0 la jeunesse.<\/p>\n\n\n\n<p>Apr\u00e8s ce mandat, elle a \u00e9t\u00e9 dans les listes \u00e9cologistes et de gauche \u00e0 Grenoble en 2001et 2008 pour les \u00e9lections municipales en position non \u00e9ligible. Et a soutenue l\u2019arriv\u00e9e de la nouvelle majorit\u00e9 municipale en 2014. Elle a \u00e9t\u00e9 pr\u00e9sidente de l\u2019association grenobloise l\u2019Age d\u2019Or et s\u2019est impliqu\u00e9e dans de nombreuses associations.<\/p>\n\n\n\n<p>Comme \u00ab\u00a0camarade militante\u00a0\u00bb, elle \u00e9tait une m\u00e9diatrice et avait souvent la bonne id\u00e9e qui enrichissait le d\u00e9bat. Elle l&rsquo;exprimait toujours avec d\u00e9licatesse, mais son id\u00e9e imposait l&rsquo;\u00e9coute m\u00eame dans les d\u00e9bats \u00ab\u00a0enflamm\u00e9s\u00a0\u00bb, comme nous en avions souvent. Elle \u00e9tait une grande gastronome, et certain\u00b7es d\u2019entre nous ont eu la chance de go\u00fbter \u00e0 ses plats succulents assortis de tr\u00e8s bons vins. Mam\u00e9lie aimait la vie, elle aimait la rendre go\u00fbteuse et avait un grand sens de l&rsquo;\u00e9coute et du respect des autres.<\/p>\n\n\n\n<p>Nous adressons nos sinc\u00e8res condol\u00e9ances \u00e0 sa famille et nous sommes fiers et heureux d&rsquo;avoir eu la chance de croiser son chemin de vie.&nbsp; Merci pour tout Mam\u00e9lie.<\/p>\n\n\n\n<p>Dans le Rouge et le Vert n\u00b0 60 de juillet et ao\u00fbt 1997, <a href=\"https:\/\/www.ades-grenoble.org\/ades\/presse\/rv\/RV60\/rv60-itvpatras.html\" target=\"_blank\" rel=\"noreferrer noopener\">Mam\u00e9lie rendait compte de son mandat d\u2019\u00e9lue<\/a>.<\/p>\n\n\n\n<p>Pour retrouver les 11 \u00e9lu-es D\u00e9mocratie-Ecologie-Solidarit\u00e9 \u00e0 la mairie de Grenoble de 1995 \u00e0 2001, groupe pr\u00e9sid\u00e9 par Raymond Avrillier puis Pierre Kermen <a href=\"https:\/\/www.ades-grenoble.org\/ades\/elus\/mairie.html\">voir ici.<\/a><\/p>\n","protected":false},"excerpt":{"rendered":"<p>De battre son c\u0153ur s&rsquo;est arr\u00eat\u00e9 ! Notre amie et fid\u00e8le militante de l\u2019ADES, Marie-Am\u00e9lie Patras est d\u00e9c\u00e9d\u00e9e \u00e0 87 ans le 5 juin 2022. Pour nous c\u2019\u00e9tait \u00ab&nbsp;Mam\u00e9lie&nbsp;\u00bb. Elle faisait partie des \u00ab&nbsp;Hussard-es de la R\u00e9publique&nbsp;\u00bb comme institutrice de l\u2019\u00c9ducation nationale. Elle a \u00e9t\u00e9 militante syndicale et membre d\u2019une association de soutien aux personnes [&hellip;]<\/p>\n","protected":false},"author":1,"featured_media":0,"comment_status":"closed","ping_status":"open","sticky":false,"template":"","format":"standard","meta":{"twitterCardType":"","cardImageID":0,"cardImage":"","cardTitle":"","cardDesc":"","cardImageAlt":"","cardPlayer":"","cardPlayerWidth":0,"cardPlayerHeight":0,"cardPlayerStream":"","cardPlayerCodec":"","footnotes":""},"categories":[62,11],"tags":[143,314,147],"class_list":["post-20469","post","type-post","status-publish","format-standard","hentry","category-le-rouge-le-vert-hebdo","category-politique-locale","tag-ades","tag-disparition","tag-hommage"],"_links":{"self":[{"href":"https:\/\/www.ades-grenoble.org\/wordpress\/wp-json\/wp\/v2\/posts\/20469","targetHints":{"allow":["GET"]}}],"collection":[{"href":"https:\/\/www.ades-grenoble.org\/wordpress\/wp-json\/wp\/v2\/posts"}],"about":[{"href":"https:\/\/www.ades-grenoble.org\/wordpress\/wp-json\/wp\/v2\/types\/post"}],"author":[{"embeddable":true,"href":"https:\/\/www.ades-grenoble.org\/wordpress\/wp-json\/wp\/v2\/users\/1"}],"replies":[{"embeddable":true,"href":"https:\/\/www.ades-grenoble.org\/wordpress\/wp-json\/wp\/v2\/comments?post=20469"}],"version-history":[{"count":3,"href":"https:\/\/www.ades-grenoble.org\/wordpress\/wp-json\/wp\/v2\/posts\/20469\/revisions"}],"predecessor-version":[{"id":20476,"href":"https:\/\/www.ades-grenoble.org\/wordpress\/wp-json\/wp\/v2\/posts\/20469\/revisions\/20476"}],"wp:attachment":[{"href":"https:\/\/www.ades-grenoble.org\/wordpress\/wp-json\/wp\/v2\/media?parent=20469"}],"wp:term":[{"taxonomy":"category","embeddable":true,"href":"https:\/\/www.ades-grenoble.org\/wordpress\/wp-json\/wp\/v2\/categories?post=20469"},{"taxonomy":"post_tag","embeddable":true,"href":"https:\/\/www.ades-grenoble.org\/wordpress\/wp-json\/wp\/v2\/tags?post=20469"}],"curies":[{"name":"wp","href":"https:\/\/api.w.org\/{rel}","templated":true}]}}