{"id":20479,"date":"2022-06-17T17:43:59","date_gmt":"2022-06-17T15:43:59","guid":{"rendered":"https:\/\/www.ades-grenoble.org\/wordpress\/?p=20479"},"modified":"2022-06-17T18:23:03","modified_gmt":"2022-06-17T16:23:03","slug":"les-associations-delus-sont-contre-la-suppression-de-la-cvae","status":"publish","type":"post","link":"https:\/\/www.ades-grenoble.org\/wordpress\/2022\/06\/17\/les-associations-delus-sont-contre-la-suppression-de-la-cvae\/","title":{"rendered":"Les associations d\u2019\u00e9lus sont contre la suppression de la CVAE"},"content":{"rendered":"\n<div class=\"wp-block-image is-style-default\"><figure class=\"alignleft size-large\"><img loading=\"lazy\" decoding=\"async\" width=\"240\" height=\"120\" src=\"https:\/\/www.ades-grenoble.org\/wordpress\/wp-content\/uploads\/2016\/02\/france-urbaine.jpg\" alt=\"logo France Urbaine\" class=\"wp-image-11270\" srcset=\"https:\/\/www.ades-grenoble.org\/wordpress\/wp-content\/uploads\/2016\/02\/france-urbaine.jpg 240w, https:\/\/www.ades-grenoble.org\/wordpress\/wp-content\/uploads\/2016\/02\/france-urbaine-150x75.jpg 150w\" sizes=\"auto, (max-width: 240px) 100vw, 240px\" \/><\/figure><\/div>\n\n\n\n<p>Le ministre de l\u2019\u00e9conomie de Macron 2, Bruno Le Maire a propos\u00e9 de supprimer la cotisation sur la valeur ajout\u00e9e des entreprises (CVAE) \u00e0 partir de 2023.<\/p>\n\n\n\n<p>La CVAE est due par les entreprises et les travailleurs ind\u00e9pendants \u00e0 partir d&rsquo;un chiffre d&rsquo;affaires de 500&nbsp;000 \u20ac. Elle est calcul\u00e9e en fonction de la valeur ajout\u00e9e produite par l&rsquo;entreprise. Le taux de la CVAE est fix\u00e9 par la loi \u00e0 0,75 % du chiffre d\u2019affaires mais en dessous de 50 M\u20ac il y a des d\u00e9gr\u00e8vements.<\/p>\n\n\n\n<p>C\u2019est la m\u00e9tropole qui re\u00e7oit la CVAE (39,9 M\u20ac en 2021). La suppression de cet imp\u00f4t \u00e9conomique r\u00e9duirait encore l\u2019autonomie financi\u00e8re des collectivit\u00e9s, apr\u00e8s la disparition de la taxe d\u2019habitation.<\/p>\n\n\n\n<p><a href=\"https:\/\/franceurbaine.org\/communiques-de-presse\/suppression-de-la-cvae-intercommunalites-de-france-et-france-urbaine-demandent\" target=\"_blank\" rel=\"noreferrer noopener\">Les associations d\u2019\u00e9lu.es France urbaine et Intercommunalit\u00e9 de France protestent contre cette d\u00e9cision<\/a> et demandent une concertation avec les \u00e9lu.es locaux.<\/p>\n\n\n\n<!--more-->\n\n\n\n<p><em>\u00ab&nbsp;Les deux associations regrettent fortement que Bruno Le Maire ait confirm\u00e9 la suppression totale de la CVAE d\u00e8s 2023, sans aucune concertation avec les collectivit\u00e9s concern\u00e9es.<\/em><\/p>\n\n\n\n<p><strong><em>France urbaine et Intercommunalit\u00e9s de France regrettent fortement que Bruno Le Maire, ministre de l\u2019\u00c9conomie, ait confirm\u00e9 dans une interview au Figaro la suppression totale de la CVAE d\u00e8s 2023, sans aucune concertation avec les collectivit\u00e9s concern\u00e9es.<\/em><\/strong><em><br>\u00a0<br>La disparition de la CVAE porterait un nouveau coup de rabot aux finances locales. Au-del\u00e0, ces annonces interrogent\u00a0<\/em><strong><em>sur la contribution des entreprises au d\u00e9veloppement actuel et futur des territoires,<\/em><\/strong><em>\u00a0en particulier \u00e0 l\u2019\u00e9chelle des bassins de vie et d\u2019emplois.<br>\u00a0<br>Les \u00e9lus des intercommunalit\u00e9s, des villes et des m\u00e9tropoles travaillent au quotidien avec les acteurs \u00e9conomiques et industriels\u00a0de leurs territoires : ce que ces entreprises demandent,\u00a0<\/em><strong><em>c\u2019est que les collectivit\u00e9s investissent<\/em><\/strong><em>\u00a0pour leur permettre d\u2019attirer une ressource humaine qualifi\u00e9e, d\u2019acc\u00e9der \u00e0 une ressource en eau de qualit\u00e9 et en quantit\u00e9, \u00e0 une \u00e9lectricit\u00e9 d\u00e9carbon\u00e9e, \u00e0 des services de transports et de gestion des d\u00e9chets efficaces\u2026<br>\u00a0<br><\/em><strong><em>Intercommunalit\u00e9s de France et France urbaine appellent avec fermet\u00e9 \u00e0 une large concertation avec les associations d\u2019\u00e9lus sur l\u2019avenir des imp\u00f4ts \u00e9conomiques locaux.\u00a0<\/em><\/strong><em>Christophe B\u00e9chu, ministre d\u00e9l\u00e9gu\u00e9 charg\u00e9 des collectivit\u00e9s territoriales, a d\u2019ailleurs d\u2019ores-et-d\u00e9j\u00e0 insist\u00e9 sur ce n\u00e9cessaire dialogue avec toutes les parties prenantes dans ses premi\u00e8res expressions publiques.\u00a0\u00bb<\/em><\/p>\n\n\n\n<p>La meilleure solution sur cette question, c\u2019est un changement de ministre des finances \u00e0 l\u2019issue des l\u00e9gislatives.<\/p>\n","protected":false},"excerpt":{"rendered":"<p>Le ministre de l\u2019\u00e9conomie de Macron 2, Bruno Le Maire a propos\u00e9 de supprimer la cotisation sur la valeur ajout\u00e9e des entreprises (CVAE) \u00e0 partir de 2023. La CVAE est due par les entreprises et les travailleurs ind\u00e9pendants \u00e0 partir d&rsquo;un chiffre d&rsquo;affaires de 500&nbsp;000 \u20ac. Elle est calcul\u00e9e en fonction de la valeur ajout\u00e9e [&hellip;]<\/p>\n","protected":false},"author":1,"featured_media":0,"comment_status":"closed","ping_status":"open","sticky":false,"template":"","format":"standard","meta":{"twitterCardType":"","cardImageID":0,"cardImage":"","cardTitle":"","cardDesc":"","cardImageAlt":"","cardPlayer":"","cardPlayerWidth":0,"cardPlayerHeight":0,"cardPlayerStream":"","cardPlayerCodec":"","footnotes":""},"categories":[62,11],"tags":[104,196,367,130],"class_list":["post-20479","post","type-post","status-publish","format-standard","hentry","category-le-rouge-le-vert-hebdo","category-politique-locale","tag-economie","tag-etat","tag-fiscalite","tag-intercommunalite"],"_links":{"self":[{"href":"https:\/\/www.ades-grenoble.org\/wordpress\/wp-json\/wp\/v2\/posts\/20479","targetHints":{"allow":["GET"]}}],"collection":[{"href":"https:\/\/www.ades-grenoble.org\/wordpress\/wp-json\/wp\/v2\/posts"}],"about":[{"href":"https:\/\/www.ades-grenoble.org\/wordpress\/wp-json\/wp\/v2\/types\/post"}],"author":[{"embeddable":true,"href":"https:\/\/www.ades-grenoble.org\/wordpress\/wp-json\/wp\/v2\/users\/1"}],"replies":[{"embeddable":true,"href":"https:\/\/www.ades-grenoble.org\/wordpress\/wp-json\/wp\/v2\/comments?post=20479"}],"version-history":[{"count":1,"href":"https:\/\/www.ades-grenoble.org\/wordpress\/wp-json\/wp\/v2\/posts\/20479\/revisions"}],"predecessor-version":[{"id":20480,"href":"https:\/\/www.ades-grenoble.org\/wordpress\/wp-json\/wp\/v2\/posts\/20479\/revisions\/20480"}],"wp:attachment":[{"href":"https:\/\/www.ades-grenoble.org\/wordpress\/wp-json\/wp\/v2\/media?parent=20479"}],"wp:term":[{"taxonomy":"category","embeddable":true,"href":"https:\/\/www.ades-grenoble.org\/wordpress\/wp-json\/wp\/v2\/categories?post=20479"},{"taxonomy":"post_tag","embeddable":true,"href":"https:\/\/www.ades-grenoble.org\/wordpress\/wp-json\/wp\/v2\/tags?post=20479"}],"curies":[{"name":"wp","href":"https:\/\/api.w.org\/{rel}","templated":true}]}}