{"id":20508,"date":"2022-06-24T11:21:15","date_gmt":"2022-06-24T09:21:15","guid":{"rendered":"https:\/\/www.ades-grenoble.org\/wordpress\/?p=20508"},"modified":"2022-06-24T11:54:48","modified_gmt":"2022-06-24T09:54:48","slug":"enquete-publique-sur-le-plan-de-protection-de-latmosphere-ppa","status":"publish","type":"post","link":"https:\/\/www.ades-grenoble.org\/wordpress\/2022\/06\/24\/enquete-publique-sur-le-plan-de-protection-de-latmosphere-ppa\/","title":{"rendered":"Enqu\u00eate publique sur le Plan de protection de l\u2019Atmosph\u00e8re (PPA)"},"content":{"rendered":"\n<div class=\"wp-block-image is-style-default\"><figure class=\"alignleft size-large\"><img loading=\"lazy\" decoding=\"async\" width=\"316\" height=\"206\" src=\"https:\/\/www.ades-grenoble.org\/wordpress\/wp-content\/uploads\/2021\/05\/3e-PPA.jpg\" alt=\"\" class=\"wp-image-18797\" srcset=\"https:\/\/www.ades-grenoble.org\/wordpress\/wp-content\/uploads\/2021\/05\/3e-PPA.jpg 316w, https:\/\/www.ades-grenoble.org\/wordpress\/wp-content\/uploads\/2021\/05\/3e-PPA-150x98.jpg 150w, https:\/\/www.ades-grenoble.org\/wordpress\/wp-content\/uploads\/2021\/05\/3e-PPA-300x196.jpg 300w\" sizes=\"auto, (max-width: 316px) 100vw, 316px\" \/><\/figure><\/div>\n\n\n\n<p><a href=\"https:\/\/www.registre-numerique.fr\/ppa-grenoble-alpes-dauphine\/documents\" target=\"_blank\" rel=\"noreferrer noopener\">L\u2019enqu\u00eate publique sur le nouveau Plan de protection de l&rsquo;atmosph\u00e8re (PPA3) est ouverte du 20 juin au 29 juillet <\/a>au m\u00eame moment que celle sur le PLUi et il est important que les habitants s\u2019en saisissent car ce plan doit \u00eatre fortement critiqu\u00e9\u00a0; il ne r\u00e9pond pas aux exigences de sant\u00e9 publique port\u00e9es par l\u2019OMS ni aux r\u00e8gles europ\u00e9ennes.<\/p>\n\n\n\n<p>Comme n<a rel=\"noreferrer noopener\" href=\"https:\/\/www.ades-grenoble.org\/wordpress\/2022\/03\/18\/3eme-plan-de-protection-de-latmosphere-de-lagglomeration-grenobloise-ppa3\/\" target=\"_blank\">ous l\u2019avions indiqu\u00e9 pr\u00e9c\u00e9demment<\/a>, les mesures du PPA3 sont insuffisantes, et il faut reprendre la position de la ville de Grenoble tr\u00e8s critique sur cette proposition de PPA3 et l\u2019avis de l\u2019autorit\u00e9 environnementale qui demande des am\u00e9liorations importantes\u00a0(ces deux documents sont dans le dossier d\u2019enqu\u00eate publique).<\/p>\n\n\n\n<!--more-->\n\n\n\n<p>L\u2019autorit\u00e9 environnementale dans sa synth\u00e8se indique&nbsp;: <em>\u00ab&nbsp;Pour en am\u00e9liorer le contenu et son \u00e9valuation environnementale, l\u2019Ae recommande principalement de :<\/em><\/p>\n\n\n\n<ul class=\"wp-block-list\"><li><em>compl\u00e9ter l\u2019\u00e9tat initial par des donn\u00e9es r\u00e9centes cibl\u00e9es par secteur sur les principales sources de pollution de l\u2019air (circulation, chauffage au bois, industrie), \u00e0 reprendre dans des fiches \u00e0 l\u2019intention de chaque intercommunalit\u00e9, et par une synth\u00e8se des \u00e9tudes sp\u00e9cifiques men\u00e9es dans le sud grenoblois,<\/em><\/li><li><em>conduire, \u00e0 l\u2019\u00e9chelle du PPA, des \u00e9tudes plus compl\u00e8tes pour affiner la connaissance et mettre en perspective les risques sanitaires li\u00e9s aux rejets atmosph\u00e9riques des polluants pour lesquels le PPA ne pr\u00e9voit pas d\u2019objectif, En ce qui concerne les choix et les objectifs du PPA :<\/em><\/li><li><em>rappeler les actions du PPA 2 et de la feuille de route 2018, ainsi que l\u2019ensemble des raisons, notamment environnementales, ayant conduit \u00e0 retenir les actions du PPA 3 et leurs objectifs,<\/em><\/li><li><em>pr\u00e9senter et int\u00e9grer le contenu du plan r\u00e9gional ozone au sein du PPA, d\u00e9velopper les connaissances sur l\u2019\u00e9volution des concentrations en ozone, en tenant compte du changement climatique, envisager des r\u00e9ductions des \u00e9missions de ceux de ses pr\u00e9curseurs qui ont l\u2019impact le plus fort sur la sant\u00e9 humaine et pr\u00e9ciser les objectifs \u00e0 atteindre ; En ce qui concerne les actions et les moyens :<\/em><\/li><li><em>confirmer les engagements \u00e0 atteindre les objectifs assign\u00e9s aux actions, pr\u00e9ciser les moyens humains et financiers et en fournir une vision d\u2019ensemble, ainsi que les engagements pris dans le cadre des mesures d\u2019\u00e9vitement et de r\u00e9duction,<\/em><\/li><li><em>pr\u00e9ciser le sc\u00e9nario de r\u00e9f\u00e9rence pour les \u00e9missions du secteur \u00ab r\u00e9sidentiel \u2013 tertiaire \u00bb (trajectoire du PPA 2 et des actions de r\u00e9novation \u00e9nerg\u00e9tique des b\u00e2timents) et d\u00e9composer la fa\u00e7on dont le PPA 3 permettra d\u2019obtenir les r\u00e9ductions d\u2019\u00e9missions pr\u00e9sent\u00e9es,<\/em><\/li><li><em>r\u00e9\u00e9valuer les r\u00e9ductions des rejets d\u2019ammoniac dans l\u2019air n\u00e9cessaires pour atteindre l\u2019objectif du plan national de r\u00e9duction des \u00e9missions de polluants atmosph\u00e9riques et pr\u00e9ciser les actions en cons\u00e9quence, inclure une action pour r\u00e9duire les rejets de pesticides et l\u2019exposition des populations voisines des \u00e9pandages, et \u00e9valuer leurs autres b\u00e9n\u00e9fices environnementaux,<\/em><\/li><li><em>pr\u00e9ciser la situation des personnes qui pourraient encore \u00eatre expos\u00e9es \u00e0 des d\u00e9passements du seuil r\u00e9glementaire pour le dioxyde d\u2019azote et les PM2,5 et d\u00e9finir le cas \u00e9ch\u00e9ant des actions suppl\u00e9mentaires, en particulier pour l\u2019A 480 et la rocade grenobloise.\u00a0\u00bb<\/em><\/li><\/ul>\n","protected":false},"excerpt":{"rendered":"<p>L\u2019enqu\u00eate publique sur le nouveau Plan de protection de l&rsquo;atmosph\u00e8re (PPA3) est ouverte du 20 juin au 29 juillet au m\u00eame moment que celle sur le PLUi et il est important que les habitants s\u2019en saisissent car ce plan doit \u00eatre fortement critiqu\u00e9\u00a0; il ne r\u00e9pond pas aux exigences de sant\u00e9 publique port\u00e9es par l\u2019OMS [&hellip;]<\/p>\n","protected":false},"author":1,"featured_media":0,"comment_status":"closed","ping_status":"open","sticky":false,"template":"","format":"standard","meta":{"twitterCardType":"","cardImageID":0,"cardImage":"","cardTitle":"","cardDesc":"","cardImageAlt":"","cardPlayer":"","cardPlayerWidth":0,"cardPlayerHeight":0,"cardPlayerStream":"","cardPlayerCodec":"","footnotes":""},"categories":[62,11],"tags":[122,256,146,99],"class_list":["post-20508","post","type-post","status-publish","format-standard","hentry","category-le-rouge-le-vert-hebdo","category-politique-locale","tag-pollution-atmospherique","tag-prevention","tag-risques-chimiques","tag-sante"],"_links":{"self":[{"href":"https:\/\/www.ades-grenoble.org\/wordpress\/wp-json\/wp\/v2\/posts\/20508","targetHints":{"allow":["GET"]}}],"collection":[{"href":"https:\/\/www.ades-grenoble.org\/wordpress\/wp-json\/wp\/v2\/posts"}],"about":[{"href":"https:\/\/www.ades-grenoble.org\/wordpress\/wp-json\/wp\/v2\/types\/post"}],"author":[{"embeddable":true,"href":"https:\/\/www.ades-grenoble.org\/wordpress\/wp-json\/wp\/v2\/users\/1"}],"replies":[{"embeddable":true,"href":"https:\/\/www.ades-grenoble.org\/wordpress\/wp-json\/wp\/v2\/comments?post=20508"}],"version-history":[{"count":1,"href":"https:\/\/www.ades-grenoble.org\/wordpress\/wp-json\/wp\/v2\/posts\/20508\/revisions"}],"predecessor-version":[{"id":20509,"href":"https:\/\/www.ades-grenoble.org\/wordpress\/wp-json\/wp\/v2\/posts\/20508\/revisions\/20509"}],"wp:attachment":[{"href":"https:\/\/www.ades-grenoble.org\/wordpress\/wp-json\/wp\/v2\/media?parent=20508"}],"wp:term":[{"taxonomy":"category","embeddable":true,"href":"https:\/\/www.ades-grenoble.org\/wordpress\/wp-json\/wp\/v2\/categories?post=20508"},{"taxonomy":"post_tag","embeddable":true,"href":"https:\/\/www.ades-grenoble.org\/wordpress\/wp-json\/wp\/v2\/tags?post=20508"}],"curies":[{"name":"wp","href":"https:\/\/api.w.org\/{rel}","templated":true}]}}