{"id":20598,"date":"2022-07-14T09:51:18","date_gmt":"2022-07-14T07:51:18","guid":{"rendered":"https:\/\/www.ades-grenoble.org\/wordpress\/?p=20598"},"modified":"2022-07-14T09:59:29","modified_gmt":"2022-07-14T07:59:29","slug":"politique-politicienne-270","status":"publish","type":"post","link":"https:\/\/www.ades-grenoble.org\/wordpress\/2022\/07\/14\/politique-politicienne-270\/","title":{"rendered":"Politique politicienne"},"content":{"rendered":"\n<div class=\"wp-block-image is-style-default\"><figure class=\"alignleft size-large\"><img loading=\"lazy\" decoding=\"async\" width=\"200\" height=\"234\" src=\"https:\/\/www.ades-grenoble.org\/wordpress\/wp-content\/uploads\/2015\/01\/fou1.png\" alt=\"fou\" class=\"wp-image-9634\" srcset=\"https:\/\/www.ades-grenoble.org\/wordpress\/wp-content\/uploads\/2015\/01\/fou1.png 200w, https:\/\/www.ades-grenoble.org\/wordpress\/wp-content\/uploads\/2015\/01\/fou1-128x150.png 128w\" sizes=\"auto, (max-width: 200px) 100vw, 200px\" \/><\/figure><\/div>\n\n\n\n<p>Ce sont des milliards d&rsquo;euros que l&rsquo;Etat, avec l\u2019Europe, va apporter pour aider la construction d&rsquo;une nouvelle usine de fabrication de semi-conducteurs \u00e0 Crolles suite \u00e0 l&rsquo;accord entre ST Microelectronics et l&rsquo;am\u00e9ricain GlobalFounderies. Macron est venu faire le service \u00ab&nbsp;avant-vente&nbsp;\u00bb de ce nouveau projet gigantesque, mais \u00e9videmment Jupiter Macron n\u2019a pas associ\u00e9 les collectivit\u00e9s \u00e0 cette d\u00e9cision. C&rsquo;est le moment d&rsquo;attirer l&rsquo;attention sur les cons\u00e9quences d&rsquo;un tel projet sur l&rsquo;ensemble de la grande agglom\u00e9ration. D\u00e9j\u00e0 qu&rsquo;il y a une crise de l&rsquo;alimentation en eau des industriels, ce qui oblige la m\u00e9tropole et le Gr\u00e9sivaudan \u00e0 pr\u00e9voir des investissements rapides pour r\u00e9gler cette question, l&rsquo;arriv\u00e9e d&rsquo;une nouvelle usine va amplifier dramatiquement cette question. Il faudra aussi que les collectivit\u00e9s apportent des solutions pour les logements, les mobilit\u00e9s pour les nombreux nouveaux emplois&#8230; C&rsquo;est le moment pour les collectivit\u00e9s dont la M\u00e9tro de dire \u00e0 l&rsquo;Etat que c&rsquo;est fini, elles ne financeront plus&nbsp;les d\u00e9veloppements en micro-\u00e9lectronique (fini les plans nano) et que l&rsquo;Etat doit les aider notamment pour la mise en place rapide d&rsquo;un RER dans l&rsquo;agglom\u00e9ration ainsi que le bus \u00e0 haut niveau de service entre la Presqu&rsquo;Ile et Crolles qui est abandonn\u00e9 par le SMMAG. Si ces aides ne sont pas concr\u00e9tis\u00e9es ce sera de la pure politique politicienne de la part de Macron&nbsp;: l\u2019Etat d\u00e9cide, les collectivit\u00e9s trinquent.<\/p>\n\n\n\n<hr class=\"wp-block-separator\"\/>\n\n\n\n<p>Comme de nombreux m\u00e9dias, Mme Chalas, conseill\u00e8re municipale, devrait r\u00e9viser les r\u00e8gles de l\u2019\u00e9lection des adjoints dans une ville de plus de 1000 habitants&nbsp;: lors du dernier conseil municipal de Grenoble, elle a pr\u00eat\u00e9 au maire des raisons politiciennes, il aurait fait pression sur les adjoints en les obligeant \u00e0 d\u00e9missionner pour \u00eatre ensuite r\u00e9\u00e9lus. La r\u00e8gle est que s\u2019il y a changement dans l\u2019ordre du tableau des adjoints, il est n\u00e9cessaire de refaire une \u00e9lection de tous les adjoints et pour ce faire les adjoints en poste doivent tous d\u00e9missionner. La pr\u00e9fecture doit donner son accord sur les d\u00e9missions avant que la convocation du conseil municipal dont l\u2019ordre du jour comprend cette nouvelle \u00e9lection des adjoints, soit envoy\u00e9e. La liste doit \u00eatre compos\u00e9e alternativement d\u2019un candidat de chaque sexe. (Voir les articles L.2122-7-2 et L.2122-15 du CGCT).<\/p>\n","protected":false},"excerpt":{"rendered":"<p>Ce sont des milliards d&rsquo;euros que l&rsquo;Etat, avec l\u2019Europe, va apporter pour aider la construction d&rsquo;une nouvelle usine de fabrication de semi-conducteurs \u00e0 Crolles suite \u00e0 l&rsquo;accord entre ST Microelectronics et l&rsquo;am\u00e9ricain GlobalFounderies. Macron est venu faire le service \u00ab&nbsp;avant-vente&nbsp;\u00bb de ce nouveau projet gigantesque, mais \u00e9videmment Jupiter Macron n\u2019a pas associ\u00e9 les collectivit\u00e9s \u00e0 [&hellip;]<\/p>\n","protected":false},"author":1,"featured_media":0,"comment_status":"closed","ping_status":"open","sticky":false,"template":"","format":"standard","meta":{"twitterCardType":"","cardImageID":0,"cardImage":"","cardTitle":"","cardDesc":"","cardImageAlt":"","cardPlayer":"","cardPlayerWidth":0,"cardPlayerHeight":0,"cardPlayerStream":"","cardPlayerCodec":"","footnotes":""},"categories":[62,11],"tags":[54],"class_list":["post-20598","post","type-post","status-publish","format-standard","hentry","category-le-rouge-le-vert-hebdo","category-politique-locale","tag-politique-droite-gauche"],"_links":{"self":[{"href":"https:\/\/www.ades-grenoble.org\/wordpress\/wp-json\/wp\/v2\/posts\/20598","targetHints":{"allow":["GET"]}}],"collection":[{"href":"https:\/\/www.ades-grenoble.org\/wordpress\/wp-json\/wp\/v2\/posts"}],"about":[{"href":"https:\/\/www.ades-grenoble.org\/wordpress\/wp-json\/wp\/v2\/types\/post"}],"author":[{"embeddable":true,"href":"https:\/\/www.ades-grenoble.org\/wordpress\/wp-json\/wp\/v2\/users\/1"}],"replies":[{"embeddable":true,"href":"https:\/\/www.ades-grenoble.org\/wordpress\/wp-json\/wp\/v2\/comments?post=20598"}],"version-history":[{"count":1,"href":"https:\/\/www.ades-grenoble.org\/wordpress\/wp-json\/wp\/v2\/posts\/20598\/revisions"}],"predecessor-version":[{"id":20599,"href":"https:\/\/www.ades-grenoble.org\/wordpress\/wp-json\/wp\/v2\/posts\/20598\/revisions\/20599"}],"wp:attachment":[{"href":"https:\/\/www.ades-grenoble.org\/wordpress\/wp-json\/wp\/v2\/media?parent=20598"}],"wp:term":[{"taxonomy":"category","embeddable":true,"href":"https:\/\/www.ades-grenoble.org\/wordpress\/wp-json\/wp\/v2\/categories?post=20598"},{"taxonomy":"post_tag","embeddable":true,"href":"https:\/\/www.ades-grenoble.org\/wordpress\/wp-json\/wp\/v2\/tags?post=20598"}],"curies":[{"name":"wp","href":"https:\/\/api.w.org\/{rel}","templated":true}]}}