{"id":20638,"date":"2022-08-16T09:43:29","date_gmt":"2022-08-16T07:43:29","guid":{"rendered":"https:\/\/www.ades-grenoble.org\/wordpress\/?p=20638"},"modified":"2022-08-16T10:07:48","modified_gmt":"2022-08-16T08:07:48","slug":"le-conseil-constitutionnel-veillera-au-maintien-des-missions-du-service-public-de-laudiovisuel","status":"publish","type":"post","link":"https:\/\/www.ades-grenoble.org\/wordpress\/2022\/08\/16\/le-conseil-constitutionnel-veillera-au-maintien-des-missions-du-service-public-de-laudiovisuel\/","title":{"rendered":"Le Conseil Constitutionnel veillera au maintien des missions du service public de l\u2019audiovisuel"},"content":{"rendered":"<div class=\"wp-block-image is-style-default\">\n<figure class=\"alignleft size-full\"><img loading=\"lazy\" decoding=\"async\" width=\"250\" height=\"136\" src=\"https:\/\/www.ades-grenoble.org\/wordpress\/wp-content\/uploads\/2015\/01\/conseilconstitutionnel.jpg\" alt=\"\" class=\"wp-image-9661\" srcset=\"https:\/\/www.ades-grenoble.org\/wordpress\/wp-content\/uploads\/2015\/01\/conseilconstitutionnel.jpg 250w, https:\/\/www.ades-grenoble.org\/wordpress\/wp-content\/uploads\/2015\/01\/conseilconstitutionnel-150x82.jpg 150w\" sizes=\"auto, (max-width: 250px) 100vw, 250px\" \/><\/figure>\n<\/div>\n\n\n<p>Suite \u00e0 une saisie des d\u00e9put\u00e9s et s\u00e9nateurs de gauche et \u00e9cologistes contestant la disparition de la taxe audiovisuelle, craignant que les missions de service public soient mises en cause, le 29 juillet <a href=\"https:\/\/www.conseil-constitutionnel.fr\/actualites\/communique\/decision-n-2022-842-dc-du-12-aout-2022-communique-de-presse\" target=\"_blank\" rel=\"noreferrer noopener\">le Conseil constitutionnel juge la loi conforme \u00e0 la Constitution mais encadre les choix d\u2019avenir du l\u00e9gislateur.<\/a> Il jugera \u00e0 l\u2019avenir si les recettes de l\u2019audiovisuel public suffiront \u00e0 l\u2019accomplissement de ses missions de service public.<\/p>\n\n\n\n<p><em>\u00ab&nbsp;Par sa d\u00e9cision de ce jour, le Conseil juge, en premier lieu, que, en se bornant \u00e0 pr\u00e9voir que,&nbsp;\u00ab&nbsp;en vue d&rsquo;en consacrer le produit aux d\u00e9penses de la radiodiffusion, il est institu\u00e9 \u2026 sur les installations r\u00e9ceptrices de radiodiffusion, une redevance pour droit d&rsquo;usage&nbsp;\u00bb, l&rsquo;article 109 de la loi du 31 mai 1933 n&rsquo;a eu ni pour objet ni pour effet de consacrer un principe selon lequel le secteur de l&rsquo;audiovisuel public ne pourrait \u00eatre financ\u00e9 que par une redevance. Cette loi ne saurait donc avoir donn\u00e9 naissance \u00e0 un principe fondamental reconnu par les lois de la R\u00e9publique.<\/em><\/p>\n\n\n\n<!--more-->\n\n\n\n<p><em>Le Conseil constitutionnel rappelle, en second lieu, que, aux termes de l&rsquo;article 11 de la D\u00e9claration des de 1789&nbsp;:&nbsp;\u00ab&nbsp;La libre communication des pens\u00e9es et des opinions est un des droits les plus pr\u00e9cieux de l&rsquo;homme&nbsp;: tout citoyen peut donc parler, \u00e9crire, imprimer librement, sauf \u00e0 r\u00e9pondre de l&rsquo;abus de cette libert\u00e9 dans les cas d\u00e9termin\u00e9s par la loi&nbsp;\u00bb. La libre communication des pens\u00e9es et des opinions ne serait pas effective si le public auquel s&rsquo;adressent les moyens de communication audiovisuels n&rsquo;\u00e9tait pas \u00e0 m\u00eame de disposer, aussi bien dans le cadre du secteur priv\u00e9 que dans celui du secteur public, de programmes qui garantissent l&rsquo;expression de tendances de caract\u00e8re diff\u00e9rent en respectant l&rsquo;imp\u00e9ratif d&rsquo;honn\u00eatet\u00e9 de l&rsquo;information. Ainsi, les auditeurs et les t\u00e9l\u00e9spectateurs, qui sont au nombre des destinataires essentiels de la libert\u00e9 proclam\u00e9e par l&rsquo;article 11, doivent \u00eatre \u00e0 m\u00eame d&rsquo;exercer leur libre choix sans que ni les int\u00e9r\u00eats priv\u00e9s ni les pouvoirs publics puissent y substituer leurs propres d\u00e9cisions.<\/em><\/p>\n\n\n\n<p><em>S&rsquo;il est \u00e0 tout moment loisible au l\u00e9gislateur, statuant dans le domaine qui lui est r\u00e9serv\u00e9 par l&rsquo;article 34 de la Constitution, de modifier des textes ant\u00e9rieurs ou d&rsquo;abroger ceux-ci en leur substituant, le cas \u00e9ch\u00e9ant, d&rsquo;autres dispositions, c&rsquo;est \u00e0 la condition que l&rsquo;exercice de ce pouvoir n&rsquo;aboutisse pas \u00e0 priver de garanties l\u00e9gales des exigences de caract\u00e8re constitutionnel.<br>\u00c0 cette aune, le Conseil constitutionnel juge que, en supprimant, \u00e0 compter du 1er&nbsp;janvier 2022, la contribution \u00e0 l&rsquo;audiovisuel public, les dispositions contest\u00e9es sont susceptibles d&rsquo;affecter la garantie des ressources du secteur de l&rsquo;audiovisuel public qui constitue un \u00e9l\u00e9ment de son ind\u00e9pendance, laquelle concourt \u00e0 la mise en \u0153uvre de la libert\u00e9 de communication.<\/em><\/p>\n\n\n\n<p><em>Toutefois, d&rsquo;une part, ces dispositions pr\u00e9voient que, au titre de l&rsquo;ann\u00e9e 2022, les recettes du compte de concours financier sont constitu\u00e9es d&rsquo;une fraction du produit de taxe sur la valeur ajout\u00e9e d&rsquo;un montant \u00e9quivalent au produit de la contribution \u00e0 l&rsquo;audiovisuel public au titre de cette m\u00eame ann\u00e9e.<\/em><\/p>\n\n\n\n<p><em>D&rsquo;autre part, ces m\u00eames dispositions pr\u00e9voient que, \u00e0 compter du 1er&nbsp;janvier 2023 et jusqu&rsquo;au 31 d\u00e9cembre 2024, les recettes du compte de concours financiers proviennent d&rsquo;une fraction du produit de la taxe sur la valeur ajout\u00e9e d\u00e9termin\u00e9e chaque ann\u00e9e par la loi de finances de l&rsquo;ann\u00e9e.<\/em><\/p>\n\n\n\n<p><strong><em>Par deux r\u00e9serves d&rsquo;interpr\u00e9tation, le Conseil constitutionnel juge qu&rsquo;il incombera au l\u00e9gislateur, d&rsquo;une part, dans les lois de finances pour les ann\u00e9es 2023 et 2024 et, d&rsquo;autre part, pour la p\u00e9riode post\u00e9rieure au 31 d\u00e9cembre 2024, de fixer le montant de ces recettes afin que les soci\u00e9t\u00e9s et l&rsquo;\u00e9tablissement de l&rsquo;audiovisuel public soient \u00e0 m\u00eame d&rsquo;exercer les missions de service public qui leur sont confi\u00e9es. Le Conseil constitutionnel sera le juge du respect de ces exigences.\u00a0\u00bb<\/em><\/strong><\/p>\n","protected":false},"excerpt":{"rendered":"<p>Suite \u00e0 une saisie des d\u00e9put\u00e9s et s\u00e9nateurs de gauche et \u00e9cologistes contestant la disparition de la taxe audiovisuelle, craignant que les missions de service public soient mises en cause, le 29 juillet le Conseil constitutionnel juge la loi conforme \u00e0 la Constitution mais encadre les choix d\u2019avenir du l\u00e9gislateur. Il jugera \u00e0 l\u2019avenir si [&hellip;]<\/p>\n","protected":false},"author":1,"featured_media":0,"comment_status":"closed","ping_status":"open","sticky":false,"template":"","format":"standard","meta":{"twitterCardType":"","cardImageID":0,"cardImage":"","cardTitle":"","cardDesc":"","cardImageAlt":"","cardPlayer":"","cardPlayerWidth":0,"cardPlayerHeight":0,"cardPlayerStream":"","cardPlayerCodec":"","footnotes":""},"categories":[62,11],"tags":[259,166,44],"class_list":["post-20638","post","type-post","status-publish","format-standard","hentry","category-le-rouge-le-vert-hebdo","category-politique-locale","tag-constitution","tag-loi","tag-services-publics"],"_links":{"self":[{"href":"https:\/\/www.ades-grenoble.org\/wordpress\/wp-json\/wp\/v2\/posts\/20638","targetHints":{"allow":["GET"]}}],"collection":[{"href":"https:\/\/www.ades-grenoble.org\/wordpress\/wp-json\/wp\/v2\/posts"}],"about":[{"href":"https:\/\/www.ades-grenoble.org\/wordpress\/wp-json\/wp\/v2\/types\/post"}],"author":[{"embeddable":true,"href":"https:\/\/www.ades-grenoble.org\/wordpress\/wp-json\/wp\/v2\/users\/1"}],"replies":[{"embeddable":true,"href":"https:\/\/www.ades-grenoble.org\/wordpress\/wp-json\/wp\/v2\/comments?post=20638"}],"version-history":[{"count":1,"href":"https:\/\/www.ades-grenoble.org\/wordpress\/wp-json\/wp\/v2\/posts\/20638\/revisions"}],"predecessor-version":[{"id":20639,"href":"https:\/\/www.ades-grenoble.org\/wordpress\/wp-json\/wp\/v2\/posts\/20638\/revisions\/20639"}],"wp:attachment":[{"href":"https:\/\/www.ades-grenoble.org\/wordpress\/wp-json\/wp\/v2\/media?parent=20638"}],"wp:term":[{"taxonomy":"category","embeddable":true,"href":"https:\/\/www.ades-grenoble.org\/wordpress\/wp-json\/wp\/v2\/categories?post=20638"},{"taxonomy":"post_tag","embeddable":true,"href":"https:\/\/www.ades-grenoble.org\/wordpress\/wp-json\/wp\/v2\/tags?post=20638"}],"curies":[{"name":"wp","href":"https:\/\/api.w.org\/{rel}","templated":true}]}}