{"id":20657,"date":"2022-08-26T08:00:37","date_gmt":"2022-08-26T06:00:37","guid":{"rendered":"https:\/\/www.ades-grenoble.org\/wordpress\/?p=20657"},"modified":"2022-08-26T08:45:57","modified_gmt":"2022-08-26T06:45:57","slug":"diverses-actualites-88","status":"publish","type":"post","link":"https:\/\/www.ades-grenoble.org\/wordpress\/2022\/08\/26\/diverses-actualites-88\/","title":{"rendered":"Diverses actualit\u00e9s"},"content":{"rendered":"<div class=\"wp-block-image\">\n<figure class=\"alignleft size-full\"><img loading=\"lazy\" decoding=\"async\" width=\"400\" height=\"222\" src=\"https:\/\/www.ades-grenoble.org\/wordpress\/wp-content\/uploads\/2020\/11\/crieur.jpg\" alt=\"\" class=\"wp-image-18106\" srcset=\"https:\/\/www.ades-grenoble.org\/wordpress\/wp-content\/uploads\/2020\/11\/crieur.jpg 400w, https:\/\/www.ades-grenoble.org\/wordpress\/wp-content\/uploads\/2020\/11\/crieur-150x83.jpg 150w, https:\/\/www.ades-grenoble.org\/wordpress\/wp-content\/uploads\/2020\/11\/crieur-300x167.jpg 300w\" sizes=\"auto, (max-width: 400px) 100vw, 400px\" \/><\/figure>\n<\/div>\n\n\n<p><strong>\u00ab\u00a0Le vivant ou les cendres\u00a0\u00bb. De l&rsquo;urgence d&rsquo;un nouveau mouvement pour refonder l&rsquo;\u00e9cologie politique<\/strong>. C\u2019est le titre d\u2019<a rel=\"noreferrer noopener\" href=\"https:\/\/sneaky-fruit-206.notion.site\/Tribune-Le-vivant-ou-les-cendres-De-l-urgence-d-un-nouveau-mouvement-pour-refonder-l-cologie-pol-ba9c6622836c431fac7ab26f8309166e\" target=\"_blank\">un appel lanc\u00e9 le 20 ao\u00fbt par plus de 600 personnalit\u00e9s \u00e9cologistes<\/a>. <em>\u00ab\u00a0Aux compagnons de route de l\u2019\u00e9cologie politique, \u00e0 ses \u00e9lectrices et \u00e9lecteurs d\u2019un jour ou de toujours, aux militantes et militants actifs, aux sympathisantes et sympathisants attentifs, que vous soyez dans l\u2019enthousiasme, la critique, la bienveillance, l\u2019impatience, l\u2019anxi\u00e9t\u00e9, la d\u00e9ception parfois, mais jamais la r\u00e9signation : nous vous proposons de travailler ensemble \u00e0 la fondation d\u2019un nouveau mouvement \u00e9cologiste\u2026\u00a0\u00bb<\/em><\/p>\n\n\n\n<hr class=\"wp-block-separator has-alpha-channel-opacity\"\/>\n\n\n\n<p><strong>Co\u00fbt de la rentr\u00e9e \u00e9tudiante \u00e0 Grenoble. <\/strong><a rel=\"noreferrer noopener\" href=\"https:\/\/drive.google.com\/file\/d\/1x34rjfr-U0Q57eCv82FQfLASWhMNLDy-\/view?fbclid=IwAR1fYWRoxkgteV8t33On7TtHUj6EfQHgusGbu9BoQ7cdYJqJw1_gtwOXpd8\" target=\"_blank\">L\u2019association \u00e9tudiante <em>Interasso Grenoble Alpes <\/em>a calcul\u00e9 le prix de la rentr\u00e9e \u00e9tudiante \u00e0 2312,35 \u20ac<\/a> auquel s\u2019ajoutera 1140,78 \u20ac de d\u00e9penses mensuelles \u00e0 partir d&rsquo;octobre. Cette ann\u00e9e universitaire co\u00fbtera donc \u00e0 un \u00e9tudiant grenoblois plus de 14\u00a0860 \u20ac. Les aides sont tr\u00e8s insuffisantes Interasso Grenoble Alpes et tire la sonnette d\u2019alarme. Le co\u00fbt des \u00e9tudes menace d\u2019accro\u00eetre une in\u00e9galit\u00e9 d\u2019acc\u00e8s et de r\u00e9ussite universitaire.<\/p>\n\n\n\n<hr class=\"wp-block-separator has-alpha-channel-opacity\"\/>\n\n\n\n<p><strong>Pas de transition \u00e9nerg\u00e9tique sans appropriation des enjeux ! <\/strong>C\u2019est le titre de l<a rel=\"noreferrer noopener\" href=\"https:\/\/conventionclimat.grenoblealpesmetropole.fr\/actualite\/1596\/1359-pas-de-transition-energetique-sans-appropriation-des-enjeux.htm\" target=\"_blank\">\u2019intervention d\u2019Yves Marignac, porte-parole de l\u2019association n\u00e9gaWatt<\/a> aupr\u00e8s de la Convention citoyenne m\u00e9tropolitaine pour le climat. <em>\u00abLa transition \u00e9nerg\u00e9tique passera par plus d\u2019horizontalit\u00e9, de transversalit\u00e9 et d\u2019appropriation des enjeux par l\u2019ensemble des acteurs.\u00bb<\/em><\/p>\n\n\n\n<hr class=\"wp-block-separator has-alpha-channel-opacity\"\/>\n\n\n\n<p><strong>Tout savoir sur les Zones \u00e0 Faibles Emissions mobilit\u00e9 (ZFE-m).<\/strong> Le cabinet d\u2019avocats Landot a fait une formation (tr\u00e8s technique) par <a rel=\"noreferrer noopener\" href=\"https:\/\/youtu.be\/750WzSxiiro\" target=\"_blank\">une vid\u00e9o de 25 minutes sur les ZFE<\/a> qui sont en pleine phase de mise en \u0153uvre, dans un cadre r\u00e9nov\u00e9 par plusieurs lois r\u00e9centes (LOM : loi 3DS&#8230;).<\/p>\n\n\n\n<!--more-->\n\n\n\n<hr class=\"wp-block-separator has-alpha-channel-opacity\"\/>\n\n\n\n<p><strong><a rel=\"noreferrer noopener\" href=\"https:\/\/www.legifrance.gouv.fr\/jorf\/id\/JORFTEXT000046179687\" target=\"_blank\">Un d\u00e9cret relatif aux aides \u00e0 l&rsquo;acquisition ou \u00e0 la location de v\u00e9hicules peu polluants<\/a>. <\/strong>Il modifie les modalit\u00e9s de mise en \u0153uvre des aides \u00e0 l&rsquo;acquisition de v\u00e9hicules peu polluants\u00a0 par une augmentation du montant du bonus v\u00e9lo pour les m\u00e9nages sous conditions de ressources et pour les personnes en situation de handicap, et supprime sa conditionnalit\u00e9 \u00e0 l&rsquo;obtention d&rsquo;une aide locale ; les v\u00e9los classiques non \u00e9lectriques sont \u00e9ligibles au bonus pour les m\u00e9nages sous conditions de ressources et pour les personnes en situation de handicap ; les v\u00e9los pliants sont \u00e9ligibles au bonus v\u00e9lo ; \u00a0les modalit\u00e9s de mise en \u0153uvre de la prime \u00e0 la conversion\u00a0 permet \u00e0 plusieurs membres du m\u00eame foyer fiscal de b\u00e9n\u00e9ficier d&rsquo;une aide \u00e0 l&rsquo;acquisition d&rsquo;un v\u00e9lo \u00e9lectrique pour un m\u00eame v\u00e9hicule mis en destruction.<\/p>\n\n\n\n<hr class=\"wp-block-separator has-alpha-channel-opacity\"\/>\n\n\n\n<p><strong><a rel=\"noreferrer noopener\" href=\"https:\/\/inpn.mnhn.fr\/viewer-carto\/espaces\/\" target=\"_blank\">Cartographie en ligne du patrimoine naturel en France<\/a>.<\/strong> L&rsquo;Inventaire national du patrimoine naturel (INPN) est le portail de la biodiversit\u00e9 et de la g\u00e9odiversit\u00e9 fran\u00e7aises, de m\u00e9tropole et d&rsquo;outre-mer. On y trouve les cartes des r\u00e9serves biologiques, parcs, sites Natura 2000, zones humides \u2026 ainsi que les arr\u00eat\u00e9s de protection<a href=\"https:\/\/inpn.mnhn.fr\/viewer-carto\/espaces\/\">.<\/a><\/p>\n\n\n\n<hr class=\"wp-block-separator has-alpha-channel-opacity\"\/>\n\n\n\n<p><strong>La Commission europ\u00e9enne a propos\u00e9 <a rel=\"noreferrer noopener\" href=\"https:\/\/ec.europa.eu\/commission\/presscorner\/detail\/fr\/IP_22_4608\" target=\"_blank\">un plan visant \u00e0 diminuer de 15% la demande europ\u00e9enne de gaz.<\/a><\/strong> Pour surmonter la chute des livraisons russes, la commission propose un plan de limitation du chauffage de certains b\u00e2timents, de recourir davantage aux \u00e9nergies renouvelables, inciter les entreprises \u00e0 r\u00e9duire leurs besoins\u2026<\/p>\n\n\n\n<hr class=\"wp-block-separator has-alpha-channel-opacity\"\/>\n\n\n\n<p><strong>La Commission europ\u00e9enne a adress\u00e9 <a rel=\"noreferrer noopener\" href=\"https:\/\/www.banquedesterritoires.fr\/la-commission-europeenne-presse-la-france-de-revoir-plusieurs-pans-de-sa-legislation\" target=\"_blank\">quatre lettres de mise en demeure ou avis motiv\u00e9s \u00e0 la France<\/a>. <\/strong>Elle lui demande de revoir plusieurs pans de sa l\u00e9gislation environnementale qui ne transpose pas correctement certaines directives europ\u00e9ennes. Suite \u00e0 une mise en demeure que la France a ignor\u00e9e, la Commission lui a adress\u00e9 trois avis motiv\u00e9s derni\u00e8re \u00e9tape avant \u00e9ventuelle saisie de la Cour de justice de l\u2019Union europ\u00e9enne.<\/p>\n\n\n\n<hr class=\"wp-block-separator has-alpha-channel-opacity\"\/>\n\n\n\n<p><strong><a href=\"https:\/\/www.insee.fr\/fr\/statistiques\/6474294\" target=\"_blank\" rel=\"noreferrer noopener\">Un tiers de l\u2019empreinte\u00a0carbone de\u00a0l\u2019Union europ\u00e9enne est\u00a0d\u00fb\u00a0\u00e0\u00a0ses\u00a0importations<\/a>. <\/strong>En 2018, l\u2019empreinte carbone par habitant de l\u2019UE est de 11 tonnes d\u2019\u00e9quivalent\u00a0CO2, contre 21 aux \u00c9tats-Unis et 8 en Chine. Un tiers environ de l\u2019empreinte de l\u2019UE correspond \u00e0 des processus de production localis\u00e9s en dehors de son territoire. Entre 2000 et 2018, les \u00e9missions mondiales de GES ont augment\u00e9 de moiti\u00e9 quand la population augmentait d\u2019un quart. Les \u00e9missions produites par l\u2019UE ont diminu\u00e9 mais elles ont tripl\u00e9 dans le m\u00eame temps en Chine.<\/p>\n\n\n\n<hr class=\"wp-block-separator has-alpha-channel-opacity\"\/>\n\n\n\n<p><strong><a rel=\"noreferrer noopener\" href=\"https:\/\/www.ccomptes.fr\/fr\/documents\/60463\" target=\"_blank\">La Cour des comptes se penche sur la mise en place de la 5G<\/a>. <\/strong>Si la proc\u00e9dure d\u2019attribution des fr\u00e9quences, faisant notamment appel \u00e0 des ench\u00e8res entre les quatre concurrents, s\u2019est d\u00e9roul\u00e9e dans des conditions globalement satisfaisantes, les b\u00e9n\u00e9fices de la 5G pour le grand public sont jusqu\u2019\u00e0 pr\u00e9sent relativement limit\u00e9s. Pour l\u2019heure, les usages sont surtout r\u00e9cr\u00e9atifs (vid\u00e9o haute voire tr\u00e8s haute d\u00e9finition et jeux en ligne) et ne correspondent pas aux nombreuses promesses de la 5G en mati\u00e8re d\u2019internet des objets, d\u2019innovations technologiques ou encore d\u2019am\u00e9lioration des services publics gr\u00e2ce \u00e0 la \u00ab ville connect\u00e9e \u00bb.<\/p>\n","protected":false},"excerpt":{"rendered":"<p>\u00ab\u00a0Le vivant ou les cendres\u00a0\u00bb. De l&rsquo;urgence d&rsquo;un nouveau mouvement pour refonder l&rsquo;\u00e9cologie politique. C\u2019est le titre d\u2019un appel lanc\u00e9 le 20 ao\u00fbt par plus de 600 personnalit\u00e9s \u00e9cologistes. \u00ab\u00a0Aux compagnons de route de l\u2019\u00e9cologie politique, \u00e0 ses \u00e9lectrices et \u00e9lecteurs d\u2019un jour ou de toujours, aux militantes et militants actifs, aux sympathisantes et sympathisants [&hellip;]<\/p>\n","protected":false},"author":1,"featured_media":0,"comment_status":"closed","ping_status":"open","sticky":false,"template":"","format":"standard","meta":{"twitterCardType":"","cardImageID":0,"cardImage":"","cardTitle":"","cardDesc":"","cardImageAlt":"","cardPlayer":"","cardPlayerWidth":0,"cardPlayerHeight":0,"cardPlayerStream":"","cardPlayerCodec":"","footnotes":""},"categories":[62,11],"tags":[5,153,122,380,267],"class_list":["post-20657","post","type-post","status-publish","format-standard","hentry","category-le-rouge-le-vert-hebdo","category-politique-locale","tag-deplacements","tag-ecologie","tag-pollution-atmospherique","tag-transitions","tag-universite"],"_links":{"self":[{"href":"https:\/\/www.ades-grenoble.org\/wordpress\/wp-json\/wp\/v2\/posts\/20657","targetHints":{"allow":["GET"]}}],"collection":[{"href":"https:\/\/www.ades-grenoble.org\/wordpress\/wp-json\/wp\/v2\/posts"}],"about":[{"href":"https:\/\/www.ades-grenoble.org\/wordpress\/wp-json\/wp\/v2\/types\/post"}],"author":[{"embeddable":true,"href":"https:\/\/www.ades-grenoble.org\/wordpress\/wp-json\/wp\/v2\/users\/1"}],"replies":[{"embeddable":true,"href":"https:\/\/www.ades-grenoble.org\/wordpress\/wp-json\/wp\/v2\/comments?post=20657"}],"version-history":[{"count":1,"href":"https:\/\/www.ades-grenoble.org\/wordpress\/wp-json\/wp\/v2\/posts\/20657\/revisions"}],"predecessor-version":[{"id":20658,"href":"https:\/\/www.ades-grenoble.org\/wordpress\/wp-json\/wp\/v2\/posts\/20657\/revisions\/20658"}],"wp:attachment":[{"href":"https:\/\/www.ades-grenoble.org\/wordpress\/wp-json\/wp\/v2\/media?parent=20657"}],"wp:term":[{"taxonomy":"category","embeddable":true,"href":"https:\/\/www.ades-grenoble.org\/wordpress\/wp-json\/wp\/v2\/categories?post=20657"},{"taxonomy":"post_tag","embeddable":true,"href":"https:\/\/www.ades-grenoble.org\/wordpress\/wp-json\/wp\/v2\/tags?post=20657"}],"curies":[{"name":"wp","href":"https:\/\/api.w.org\/{rel}","templated":true}]}}