{"id":20661,"date":"2022-08-26T08:09:46","date_gmt":"2022-08-26T06:09:46","guid":{"rendered":"https:\/\/www.ades-grenoble.org\/wordpress\/?p=20661"},"modified":"2022-08-26T08:46:17","modified_gmt":"2022-08-26T06:46:17","slug":"dark-stores-et-dark-kitchens-il-faut-renforcer-la-reglementation","status":"publish","type":"post","link":"https:\/\/www.ades-grenoble.org\/wordpress\/2022\/08\/26\/dark-stores-et-dark-kitchens-il-faut-renforcer-la-reglementation\/","title":{"rendered":"Dark stores et dark kitchens, il faut renforcer la r\u00e8glementation"},"content":{"rendered":"<div class=\"wp-block-image is-style-default\">\n<figure class=\"alignleft size-full\"><img loading=\"lazy\" decoding=\"async\" width=\"240\" height=\"120\" src=\"https:\/\/www.ades-grenoble.org\/wordpress\/wp-content\/uploads\/2016\/02\/france-urbaine.jpg\" alt=\"logo France Urbaine\" class=\"wp-image-11270\" srcset=\"https:\/\/www.ades-grenoble.org\/wordpress\/wp-content\/uploads\/2016\/02\/france-urbaine.jpg 240w, https:\/\/www.ades-grenoble.org\/wordpress\/wp-content\/uploads\/2016\/02\/france-urbaine-150x75.jpg 150w\" sizes=\"auto, (max-width: 240px) 100vw, 240px\" \/><\/figure>\n<\/div>\n\n\n<p>Le d\u00e9veloppement acc\u00e9l\u00e9r\u00e9 des <em>dark stores<\/em> et des <em>dark kitchens<\/em> inqui\u00e8te de plus en plus les \u00e9lu-es locaux des grandes villes. L\u2019association France Urbaine intervient activement aupr\u00e8s du gouvernement qui tarde \u00e0 prendre des mesures r\u00e8glementaires permettant aux maires d\u2019intervenir contre ce d\u00e9veloppement anarchique qui met en cause la p\u00e9rennit\u00e9 de certains commerces. France urbaine a fait un communiqu\u00e9 \u00e0 ce sujet le 20 ao\u00fbt 2022.<\/p>\n\n\n\n<p><em>\u00ab&nbsp;Implantation des dark stores : les maires doivent pouvoir agir au plus vite<\/em><\/p>\n\n\n\n<!--more-->\n\n\n\n<p><em>Depuis deux ans, le secteur de la livraison rapide se d\u00e9veloppe fortement et de mani\u00e8re anarchique dans les grandes villes fran\u00e7aises et europ\u00e9ennes.<\/em><\/p>\n\n\n\n<p><em>France urbaine, l\u2019association des grandes villes, agglom\u00e9rations et m\u00e9tropoles, a sollicit\u00e9, d\u00e8s l\u2019automne 2021, l\u2019appui du Gouvernement dans le cadre des Assises du Commerce afin de mieux r\u00e9guler et encadrer l\u2019activit\u00e9 de ces entrep\u00f4ts o\u00f9 sont pr\u00e9par\u00e9es les commandes express pass\u00e9es sur Internet. Cette activit\u00e9 entra\u00eene de nombreuses nuisances au quotidien dans les centres-villes et fragilise les efforts engag\u00e9s par les collectivit\u00e9s pour soutenir et d\u00e9velopper le commerce de proximit\u00e9.<\/em><\/p>\n\n\n\n<p><em>Au mois de juillet, le Gouvernement a ouvert une phase de concertation et entendu la proposition de France urbaine d\u2019actualiser le d\u00e9cret du 10 novembre 2016 recensant les diff\u00e9rentes destinations et sous destinations et qui n\u2019int\u00e9grait pas les entrep\u00f4ts et activit\u00e9s de type \u00ab&nbsp;dark stores&nbsp;\u00bb et \u00ab&nbsp;dark kitchens&nbsp;\u00bb.<\/em><\/p>\n\n\n\n<p><em>France urbaine prend acte des prises de position r\u00e9centes du Gouvernement et qui a annonc\u00e9 que la concertation reprendrait dans les prochains jours. Le travail doit se poursuivre et aboutir rapidement pour ne pas laisser se d\u00e9velopper une situation de fait particuli\u00e8rement pr\u00e9judiciable.<\/em><\/p>\n\n\n\n<p><em>A ce stade, les propositions d\u2019actualisation formul\u00e9es par l&rsquo;administration ne permettent pas un r\u00e9el encadrement par les maires. Le d\u00e9cret final devra \u00eatre plus strict et plus pr\u00e9cis. Les maires doivent pouvoir r\u00e9guler les implantations en fonction de leur strat\u00e9gie d\u2019urbanisme et de la politique d&rsquo;animation et de d\u00e9veloppement commercial de leurs territoires.<\/em><em>Les \u00e9lus des grandes villes, agglom\u00e9rations et m\u00e9tropoles r\u00e9unis au sein de France urbaine ont soumis leurs propositions et souhaitent avancer concr\u00e8tement pour donner au plus vite aux maires les moyens d\u2019une plus stricte r\u00e9gulation des \u00ab\u00a0dark stores\u00a0\u00bb et \u00ab\u00a0dark kitchens\u00a0\u00bb.<\/em><\/p>\n","protected":false},"excerpt":{"rendered":"<p>Le d\u00e9veloppement acc\u00e9l\u00e9r\u00e9 des dark stores et des dark kitchens inqui\u00e8te de plus en plus les \u00e9lu-es locaux des grandes villes. L\u2019association France Urbaine intervient activement aupr\u00e8s du gouvernement qui tarde \u00e0 prendre des mesures r\u00e8glementaires permettant aux maires d\u2019intervenir contre ce d\u00e9veloppement anarchique qui met en cause la p\u00e9rennit\u00e9 de certains commerces. France urbaine [&hellip;]<\/p>\n","protected":false},"author":1,"featured_media":0,"comment_status":"closed","ping_status":"open","sticky":false,"template":"","format":"standard","meta":{"twitterCardType":"","cardImageID":0,"cardImage":"","cardTitle":"","cardDesc":"","cardImageAlt":"","cardPlayer":"","cardPlayerWidth":0,"cardPlayerHeight":0,"cardPlayerStream":"","cardPlayerCodec":"","footnotes":""},"categories":[62,11],"tags":[226,202,196],"class_list":["post-20661","post","type-post","status-publish","format-standard","hentry","category-le-rouge-le-vert-hebdo","category-politique-locale","tag-collectivites","tag-commerce","tag-etat"],"_links":{"self":[{"href":"https:\/\/www.ades-grenoble.org\/wordpress\/wp-json\/wp\/v2\/posts\/20661","targetHints":{"allow":["GET"]}}],"collection":[{"href":"https:\/\/www.ades-grenoble.org\/wordpress\/wp-json\/wp\/v2\/posts"}],"about":[{"href":"https:\/\/www.ades-grenoble.org\/wordpress\/wp-json\/wp\/v2\/types\/post"}],"author":[{"embeddable":true,"href":"https:\/\/www.ades-grenoble.org\/wordpress\/wp-json\/wp\/v2\/users\/1"}],"replies":[{"embeddable":true,"href":"https:\/\/www.ades-grenoble.org\/wordpress\/wp-json\/wp\/v2\/comments?post=20661"}],"version-history":[{"count":1,"href":"https:\/\/www.ades-grenoble.org\/wordpress\/wp-json\/wp\/v2\/posts\/20661\/revisions"}],"predecessor-version":[{"id":20662,"href":"https:\/\/www.ades-grenoble.org\/wordpress\/wp-json\/wp\/v2\/posts\/20661\/revisions\/20662"}],"wp:attachment":[{"href":"https:\/\/www.ades-grenoble.org\/wordpress\/wp-json\/wp\/v2\/media?parent=20661"}],"wp:term":[{"taxonomy":"category","embeddable":true,"href":"https:\/\/www.ades-grenoble.org\/wordpress\/wp-json\/wp\/v2\/categories?post=20661"},{"taxonomy":"post_tag","embeddable":true,"href":"https:\/\/www.ades-grenoble.org\/wordpress\/wp-json\/wp\/v2\/tags?post=20661"}],"curies":[{"name":"wp","href":"https:\/\/api.w.org\/{rel}","templated":true}]}}