{"id":20684,"date":"2022-09-02T16:13:20","date_gmt":"2022-09-02T14:13:20","guid":{"rendered":"https:\/\/www.ades-grenoble.org\/wordpress\/?p=20684"},"modified":"2022-09-02T17:08:43","modified_gmt":"2022-09-02T15:08:43","slug":"diverses-actualites-89","status":"publish","type":"post","link":"https:\/\/www.ades-grenoble.org\/wordpress\/2022\/09\/02\/diverses-actualites-89\/","title":{"rendered":"Diverses actualit\u00e9s"},"content":{"rendered":"<div class=\"wp-block-image is-style-default\">\n<figure class=\"alignleft size-full\"><img loading=\"lazy\" decoding=\"async\" width=\"400\" height=\"222\" src=\"https:\/\/www.ades-grenoble.org\/wordpress\/wp-content\/uploads\/2020\/11\/crieur.jpg\" alt=\"\" class=\"wp-image-18106\" srcset=\"https:\/\/www.ades-grenoble.org\/wordpress\/wp-content\/uploads\/2020\/11\/crieur.jpg 400w, https:\/\/www.ades-grenoble.org\/wordpress\/wp-content\/uploads\/2020\/11\/crieur-150x83.jpg 150w, https:\/\/www.ades-grenoble.org\/wordpress\/wp-content\/uploads\/2020\/11\/crieur-300x167.jpg 300w\" sizes=\"auto, (max-width: 400px) 100vw, 400px\" \/><\/figure>\n<\/div>\n\n\n<p><strong><a href=\"https:\/\/www.grenoble.fr\/uploads\/Externe\/b6\/1504_551_DP-Rentree-scolaire-2022-2023-VWEB.pdf\" target=\"_blank\" rel=\"noreferrer noopener\">Rentr\u00e9e scolaire 2022-2023 \u00e0 Grenoble<\/a>. <\/strong>La rentr\u00e9e 2021-2022 a \u00e9t\u00e9 marqu\u00e9e par une forte baisse des effectifs avec pr\u00e8s de 450 \u00e9l\u00e8ves de moins, soit plus de 3,5 % de baisse. Pour la rentr\u00e9e 2022-2023, cette diminution devrait se poursuivre : 11 600 \u00e9l\u00e8ves sont attendus, soit environ 315 \u00e9l\u00e8ves de moins (2,6%). Les naissances connaissant une diminution notable et continue depuis plusieurs ann\u00e9es. Poursuite du projet Place(s) aux Enfants\u00a0et de la transformation des cours d\u2019\u00e9cole\u00a0; une r\u00e9organisation importante du p\u00e9riscolaire municipal\u00a0; un taux de couverture d\u2019ATSEM par classe de 100%\u00a0.<\/p>\n\n\n\n<hr class=\"wp-block-separator has-alpha-channel-opacity\"\/>\n\n\n\n<p><strong>Arrestation et garde \u00e0 vue pr\u00e9sident de Vivre et Agir en Maurienne. <\/strong>Philippe Delhomme copr\u00e9sident de Vivre et Agir en Maurienne association de protection de l&rsquo;environnement a \u00e9t\u00e9 interpell\u00e9 sur un barrage contre le b\u00e9tonnage et l&rsquo;ass\u00e8chement de la Maurienne pour le projet Lyon-Turin. Pendant que le gouvernement d\u00e9clare que l\u2019eau est un probl\u00e8me national et europ\u00e9en, qu\u2019il faut la pr\u00e9server, le pr\u00e9fet fait arr\u00eater et mettre en garde \u00e0 vue un protecteur de l\u2019environnement qui se bat depuis des ann\u00e9es pour sauvegarder ce bien essentiel \u00e0 la vie ! Voir le reportage France 3 sur <a href=\"https:\/\/www.france.tv\/france-3\/auvergne-rhone-alpes\/jt-19-20-alpes\/4046497-emission-du-mardi-30-aout-2022.html\">ce lien<\/a>.<\/p>\n\n\n\n<hr class=\"wp-block-separator has-alpha-channel-opacity\"\/>\n\n\n\n<p><strong>\u00c9ducation\u00a0: donner la priorit\u00e9 aux perdants. <\/strong>Les in\u00e9galit\u00e9s scolaires ne se sont pas r\u00e9duites mais d\u00e9plac\u00e9es. R\u00e9sultat\u00a0: les vaincus du syst\u00e8me scolaire se d\u00e9fient des valeurs d\u00e9mocratiques. Il faut repenser l\u2019\u00e9cole pour \u00e9duquer \u00e0 la confiance en soi, \u00e0 la solidarit\u00e9 et \u00e0 la tol\u00e9rance, sans humilier personne. Les propositions du sociologue Fran\u00e7ois Dubet \u00e0 lire dans la lettre de l\u2019Observatoire des in\u00e9galit\u00e9s\u00a0: <u><a rel=\"noreferrer noopener\" href=\"http:\/\/1889.mj.am\/lnk\/AL4AANFbn7QAAcwUtRoAAMu5CwAAAKN3DGEACa5oAAIIEwBjD2wd8h_RUby7RsSINoAj5ym34wAB8h0\/2\/arqCyhWb0nD561AdNasNRA\/aHR0cHM6Ly93d3cuaW5lZ2FsaXRlcy5mci9FZHVjYXRpb24tZG9ubmVyLWxhLXByaW9yaXRlLWF1eC1wZXJkYW50cw\" target=\"_blank\">\u00c9ducation\u00a0: donner la priorit\u00e9 aux perdants<\/a><\/u><\/p>\n\n\n\n<hr class=\"wp-block-separator has-alpha-channel-opacity\"\/>\n\n\n\n<p><strong>L\u2019accompagnement humain des \u00e9l\u00e8ves en situation de handicap.<\/strong><a rel=\"noreferrer noopener\" href=\"https:\/\/www.defenseurdesdroits.fr\/sites\/default\/files\/atoms\/files\/aesh-2022-num-access.pdf\" target=\"_blank\"><strong> <\/strong>Rapport de la D\u00e9fenseure des droits consacr\u00e9 \u00e0 l\u2019accompagnement humain des \u00e9l\u00e8ves en situation de handicap<\/a>. Les r\u00e9sultats quantitatifs sont plut\u00f4t positifs ces derni\u00e8res ann\u00e9es. Elle d\u00e9plore une inad\u00e9quation entre les moyens mis en \u0153uvre et les v\u00e9ritables besoins des \u00e9l\u00e8ves.<\/p>\n\n\n\n<!--more-->\n\n\n\n<hr class=\"wp-block-separator has-alpha-channel-opacity\"\/>\n\n\n\n<p><strong>Lancement de PaGella, biblioth\u00e8que num\u00e9rique de la ville de Grenoble, en partenariat avec la BnF. <\/strong><em>Le 17 septembre 2022, \u00e0 l\u2019occasion des journ\u00e9es europ\u00e9ennes du patrimoine, marque le \u00a0lancement de <a rel=\"noreferrer noopener\" href=\"https:\/\/www.grenoble.fr\/uploads\/Externe\/5f\/1495_918_CP-PaGella.pdf\" target=\"_blank\">PaGella, la biblioth\u00e8que num\u00e9rique de Grenoble<\/a>, qui vient rejoindre le programme \u00ab Gallica marque blanche \u00bb propos\u00e9 par la Biblioth\u00e8que nationale de France. Ce dispositif de coop\u00e9ration num\u00e9rique permet de partager les savoir-faire et l\u2019expertise technique de la BnF avec ses partenaires afin de mieux valoriser leurs collections en ligne.<\/em><\/p>\n\n\n\n<hr class=\"wp-block-separator has-alpha-channel-opacity\"\/>\n\n\n\n<p><strong>Les plus modestes subissent plus fortement le rench\u00e9rissement de l\u2019\u00e9nergie. <\/strong>Suivant <a rel=\"noreferrer noopener\" href=\"https:\/\/www.insee.fr\/fr\/statistiques\/6524161\" target=\"_blank\">une \u00e9tude de l\u2019INSEE<\/a>, la composition du panier de consommation des m\u00e9nages diff\u00e8re selon leur niveau de revenu. Les d\u00e9penses d\u2019\u00e9nergie repr\u00e9sentent 12,7\u00a0% des d\u00e9penses de consommation des 10\u00a0% des m\u00e9nages avec les revenus les plus faibles, contre 9,5\u00a0% pour les 10\u00a0% des m\u00e9nages avec les revenus les plus \u00e9lev\u00e9s. Plus la part de produits affect\u00e9s par une forte hausse de prix est importante dans le panier d\u2019un m\u00e9nage, plus le m\u00e9nage est affect\u00e9 par cette inflation. De fait, avec prise en compte du bouclier tarifaire, le rench\u00e9rissement de l\u2019\u00e9nergie entre le deuxi\u00e8me trimestre\u00a02021 et le deuxi\u00e8me trimestre\u00a02022 augmente l\u2019inflation de 3,3\u00a0points pour les m\u00e9nages du premier dixi\u00e8me, contre 2,7\u00a0points pour ceux du dixi\u00e8me le plus \u00e9lev\u00e9.<\/p>\n\n\n\n<hr class=\"wp-block-separator has-alpha-channel-opacity\"\/>\n\n\n\n<p><strong>Rapport de l\u2019Observatoire des finances et de la gestion publique locales (OFGL) sur les finances des collectivit\u00e9s locales. <\/strong>Cet observatoire a pour mission de collecter, d\u2019analyser et de partager les donn\u00e9es sur les finances et la gestion des collectivit\u00e9s locales. Dans le cadre de cette mission, l&rsquo;OFGL produit <a rel=\"noreferrer noopener\" href=\"https:\/\/www.collectivites-locales.gouv.fr\/files\/Accueil\/Etudes%20et%20statistiques\/OFGL\/2022\/Rapport%20OFGL%202022%20V3.pdf\" target=\"_blank\">un rapport qui dresse un \u00e9tat des lieux des finances locales en 2021<\/a>. Il ne tient donc pas compte de la d\u00e9t\u00e9rioration non n\u00e9gligeable des finances induites par l\u2019importante inflation en 2022.<\/p>\n\n\n\n<hr class=\"wp-block-separator has-alpha-channel-opacity\"\/>\n\n\n\n<p><strong>3,3 millions d\u2019\u00e9lecteurs ont \u00e9tabli au moins une procuration pour les \u00e9lections de 2022<\/strong>. <a rel=\"noreferrer noopener\" href=\"https:\/\/www.insee.fr\/fr\/statistiques\/6480276\" target=\"_blank\">Une \u00e9tude de l\u2019INSEE<\/a> indique qu\u2019en 2022, pr\u00e8s de 3,3\u00a0millions d\u2019\u00e9lecteurs ont \u00e9tabli une procuration pour au moins un des tours de l\u2019\u00e9lection pr\u00e9sidentielle ou des \u00e9lections l\u00e9gislatives, soit 6,7\u00a0% des \u00e9lecteurs inscrits. Les femmes donnent plus souvent procuration que les hommes. 10\u00a0% des 18-29\u00a0ans ont \u00e9tabli au moins une procuration et plus de la moiti\u00e9 ont alors d\u00e9sign\u00e9 un mandataire \u00e2g\u00e9 de 50\u00a0\u00e0 69\u00a0ans pour voter \u00e0 leur place. Pour la premi\u00e8re fois en 2022, il \u00e9tait possible de d\u00e9signer un mandataire inscrit dans une commune diff\u00e9rente du mandant\u00a0; 13\u00a0% des \u00e9lecteurs ayant donn\u00e9 procuration ont utilis\u00e9 cette possibilit\u00e9.<\/p>\n\n\n\n<hr class=\"wp-block-separator has-alpha-channel-opacity\"\/>\n\n\n\n<p><strong><a rel=\"noreferrer noopener\" href=\"https:\/\/www.legifrance.gouv.fr\/jorf\/id\/JORFTEXT000046179687\" target=\"_blank\">D\u00e9cret no 2022-1151 du 12 ao\u00fbt 2022 relatif aux aides \u00e0 l\u2019acquisition ou \u00e0 la location de v\u00e9hicules peu polluants<\/a><\/strong>. Il renforce le bonus \u00e9cologique et la prime \u00e0 la conversion pour l\u2019acquisition d\u2019un v\u00e9lo jusqu&rsquo;au 31 d\u00e9cembre prochain. Le bonus maximal pour l&rsquo;achat d&rsquo;un v\u00e9lo \u00e9lectrique passe de 200 \u00e0 300 euros et n&rsquo;est plus conditionn\u00e9 au versement d&rsquo;une aide de la part d&rsquo;une collectivit\u00e9 territoriale. Il reste r\u00e9serv\u00e9 aux personnes dont le revenu fiscal par part est inf\u00e9rieur \u00e0 13.489 euros. Pour les personnes en situation de handicap et celles dont le revenu fiscal de r\u00e9f\u00e9rence par part est inf\u00e9rieur ou \u00e9gal \u00e0 6.300 euros, l&rsquo;aide pourra aller jusqu&rsquo;\u00e0 400 euros.<\/p>\n\n\n\n<hr class=\"wp-block-separator has-alpha-channel-opacity\"\/>\n\n\n\n<p><strong>Extension de l\u2019acc\u00e8s \u00e0 la vid\u00e9oprotection aux policiers municipaux.<\/strong> <a rel=\"noreferrer noopener\" href=\"https:\/\/www.legifrance.gouv.fr\/jorf\/id\/JORFTEXT000046179995\" target=\"_blank\">Un d\u00e9cret <\/a>dispose que les agents destinataires des images et enregistrements de syst\u00e8mes de vid\u00e9oprotection appartenant \u00e0 des tiers, individuellement d\u00e9sign\u00e9s et d\u00fbment habilit\u00e9s pour les seuls besoins de leurs missions, ne le sont en outre que <em>\u00ab\u00a0pour les seules images issues de syst\u00e8mes implant\u00e9s sur le territoire de la commune ou de l\u2019\u00e9tablissement public de coop\u00e9ration dont ils rel\u00e8vent par le maire\u00a0\u00bb.<\/em><\/p>\n\n\n\n<hr class=\"wp-block-separator has-alpha-channel-opacity\"\/>\n\n\n\n<p><strong>Association non d\u00e9clar\u00e9e : attention aux risques encourus par les dirigeants.<\/strong> Une association non d\u00e9clar\u00e9e (ou association de fait) est form\u00e9e par un groupement de personnes qui n\u2019a pas accompli les formalit\u00e9s de d\u00e9claration pr\u00e9alable. De ce fait, la structure ne b\u00e9n\u00e9ficie pas de la capacit\u00e9 juridique de la personne morale (art. 2 de la loi du 1<sup>er<\/sup>\u00a0juillet 1901 relative au contrat d\u2019association). Tous les actes effectu\u00e9s sont r\u00e9put\u00e9s faits par ses membres. Dans ces conditions, certaines obligations vont peser directement sur les dirigeants de l\u2019association, par exemple l\u2019obligation de payer les dettes ou d\u2019assumer la responsabilit\u00e9 des accidents en lien avec les activit\u00e9s de l\u2019organisme, dont il est le repr\u00e9sentant. Voir l\u2019analyse du cabinet Seban <a rel=\"noreferrer noopener\" href=\"https:\/\/www.seban-associes.avocat.fr\/association-non-declaree-attention-aux-risques-encourus-par-les-dirigeants\/?idLAJ=112068\" target=\"_blank\">ici<\/a>.<\/p>\n","protected":false},"excerpt":{"rendered":"<p>Rentr\u00e9e scolaire 2022-2023 \u00e0 Grenoble. La rentr\u00e9e 2021-2022 a \u00e9t\u00e9 marqu\u00e9e par une forte baisse des effectifs avec pr\u00e8s de 450 \u00e9l\u00e8ves de moins, soit plus de 3,5 % de baisse. Pour la rentr\u00e9e 2022-2023, cette diminution devrait se poursuivre : 11 600 \u00e9l\u00e8ves sont attendus, soit environ 315 \u00e9l\u00e8ves de moins (2,6%). Les naissances [&hellip;]<\/p>\n","protected":false},"author":1,"featured_media":0,"comment_status":"closed","ping_status":"open","sticky":false,"template":"","format":"standard","meta":{"twitterCardType":"","cardImageID":0,"cardImage":"","cardTitle":"","cardDesc":"","cardImageAlt":"","cardPlayer":"","cardPlayerWidth":0,"cardPlayerHeight":0,"cardPlayerStream":"","cardPlayerCodec":"","footnotes":""},"categories":[62,11],"tags":[40,225,310,240],"class_list":["post-20684","post","type-post","status-publish","format-standard","hentry","category-le-rouge-le-vert-hebdo","category-politique-locale","tag-education","tag-handicap","tag-numerique","tag-repression"],"_links":{"self":[{"href":"https:\/\/www.ades-grenoble.org\/wordpress\/wp-json\/wp\/v2\/posts\/20684","targetHints":{"allow":["GET"]}}],"collection":[{"href":"https:\/\/www.ades-grenoble.org\/wordpress\/wp-json\/wp\/v2\/posts"}],"about":[{"href":"https:\/\/www.ades-grenoble.org\/wordpress\/wp-json\/wp\/v2\/types\/post"}],"author":[{"embeddable":true,"href":"https:\/\/www.ades-grenoble.org\/wordpress\/wp-json\/wp\/v2\/users\/1"}],"replies":[{"embeddable":true,"href":"https:\/\/www.ades-grenoble.org\/wordpress\/wp-json\/wp\/v2\/comments?post=20684"}],"version-history":[{"count":1,"href":"https:\/\/www.ades-grenoble.org\/wordpress\/wp-json\/wp\/v2\/posts\/20684\/revisions"}],"predecessor-version":[{"id":20685,"href":"https:\/\/www.ades-grenoble.org\/wordpress\/wp-json\/wp\/v2\/posts\/20684\/revisions\/20685"}],"wp:attachment":[{"href":"https:\/\/www.ades-grenoble.org\/wordpress\/wp-json\/wp\/v2\/media?parent=20684"}],"wp:term":[{"taxonomy":"category","embeddable":true,"href":"https:\/\/www.ades-grenoble.org\/wordpress\/wp-json\/wp\/v2\/categories?post=20684"},{"taxonomy":"post_tag","embeddable":true,"href":"https:\/\/www.ades-grenoble.org\/wordpress\/wp-json\/wp\/v2\/tags?post=20684"}],"curies":[{"name":"wp","href":"https:\/\/api.w.org\/{rel}","templated":true}]}}