{"id":20692,"date":"2022-09-02T16:47:34","date_gmt":"2022-09-02T14:47:34","guid":{"rendered":"https:\/\/www.ades-grenoble.org\/wordpress\/?p=20692"},"modified":"2022-09-02T17:09:32","modified_gmt":"2022-09-02T15:09:32","slug":"les-loyers-des-logements-les-plus-energivores-sont-geles","status":"publish","type":"post","link":"https:\/\/www.ades-grenoble.org\/wordpress\/2022\/09\/02\/les-loyers-des-logements-les-plus-energivores-sont-geles\/","title":{"rendered":"Les loyers des logements les plus \u00e9nergivores sont gel\u00e9s"},"content":{"rendered":"<div class=\"wp-block-image is-style-default\">\n<figure class=\"alignleft size-full\"><img loading=\"lazy\" decoding=\"async\" width=\"467\" height=\"85\" src=\"https:\/\/www.ades-grenoble.org\/wordpress\/wp-content\/uploads\/2018\/02\/MinistereEcologie.jpg\" alt=\"\" class=\"wp-image-13886\" srcset=\"https:\/\/www.ades-grenoble.org\/wordpress\/wp-content\/uploads\/2018\/02\/MinistereEcologie.jpg 467w, https:\/\/www.ades-grenoble.org\/wordpress\/wp-content\/uploads\/2018\/02\/MinistereEcologie-150x27.jpg 150w, https:\/\/www.ades-grenoble.org\/wordpress\/wp-content\/uploads\/2018\/02\/MinistereEcologie-300x55.jpg 300w\" sizes=\"auto, (max-width: 467px) 100vw, 467px\" \/><\/figure>\n<\/div>\n\n\n<p>Depuis le 24 ao\u00fbt, les propri\u00e9taires de logements \u00e0 \u00e9tiquette \u00e9nerg\u00e9tique F et G ne peuvent plus augmenter les loyers n\u2019importe o\u00f9 en France. Cela repr\u00e9sente 17% du parc de r\u00e9sidences principales. A partir de 2025 pour les F et 2028 pour les G, il ne sera tout simplement plus possible de les louer. Les locations saisonni\u00e8res ne sont pas vis\u00e9es par ces mesures.<\/p>\n\n\n\n<p>Il s\u2019agit des logements class\u00e9s F et G lors du DPE (diagnostic de performance \u00e9nerg\u00e9tique) dont la consommation d\u2019\u00e9nergie primaire est sup\u00e9rieure \u00e0 330&nbsp;kWh par m\u00e8tre carr\u00e9 par an. Le DPE est obligatoire lors de la mise en vente ou en location d\u2019un logement, il indique la consommation \u00e9nerg\u00e9tique et le niveau d\u2019\u00e9mission de gaz \u00e0 effet de serre, selon un bar\u00e8me allant de A (peu \u00e9nergivore et peu polluant) \u00e0 G (tr\u00e8s \u00e9nergivore et tr\u00e8s polluant).<\/p>\n\n\n\n<p>Le nouveau locataire peut contr\u00f4ler le respect de cette obligation car lors de la location de logements lou\u00e9s vides et meubl\u00e9s, le bail doit en effet mentionner la somme vers\u00e9e par le pr\u00e9d\u00e9cesseur.<\/p>\n\n\n\n<!--more-->\n\n\n\n<p>Dans ces logements class\u00e9s F et G, il est maintenant \u00e9galement impossible de pratiquer, en cours de bail, l\u2019augmentation annuelle de loyer selon l\u2019\u00e9volution de l\u2019indice de r\u00e9f\u00e9rence des loyers (IRL). Si le bailleur r\u00e9alise des travaux d\u2019am\u00e9lioration, il ne peut plus pr\u00e9voir d\u2019augmentation du loyer \u00e0 la suite de ceux-ci si le logement demeure \u00e9tiquet\u00e9 F ou G.<\/p>\n\n\n\n<p>Pour \u00e9viter ce gel des loyers&nbsp;il faut r\u00e9aliser des travaux d\u2019\u00e9conomie d\u2019\u00e9nergie permettant de changer l\u2019\u00e9tiquette \u00e9nerg\u00e9tique du logement.&nbsp;Mais lorsqu\u2019on est en copropri\u00e9t\u00e9 ce n\u2019est pas toujours facile \u00e0 d\u00e9cider, sauf quand il est possible d\u2019am\u00e9liorer suffisamment par des d\u00e9cisions touchant le logement seul (par exemple changer les fen\u00eatres).<\/p>\n\n\n\n<p>Si le locataire ne connait pas la performance \u00e9nerg\u00e9tique du logement, il doit demander le document \u00e0 son propri\u00e9taire. Si ce dernier ne r\u00e9pond pas, le locataire peut saisir la&nbsp;commission d\u00e9partementale de conciliation qui g\u00e8re les litiges entre bailleurs et locataires (cette commission intervient gratuitement).<\/p>\n\n\n\n<p>L\u2019Observatoire national de la r\u00e9novation \u00e9nerg\u00e9tique (ONRE) qui a pour mission d\u2019am\u00e9liorer la connaissance de la dynamique de r\u00e9novation \u00e9nerg\u00e9tique de l\u2019ensemble des b\u00e2timents r\u00e9sidentiels et tertiaires a rendu <a href=\"https:\/\/www.statistiques.developpement-durable.gouv.fr\/le-parc-de-logements-par-classe-de-performance-energetique-au-1er-janvier-2022-0\" target=\"_blank\" rel=\"noreferrer noopener\">une \u00e9tude sur <em>\u00ab\u00a0Le parc de logements par classe de performance \u00e9nerg\u00e9tique au 1er janvier 2022\u00a0\u00bb<\/em><\/a><\/p>\n\n\n\n<p>En voici le r\u00e9sum\u00e9&nbsp;:<\/p>\n\n\n\n<p>&nbsp;<em>\u00ab&nbsp;Ce document de travail actualise les chiffrages sur le parc de logements par classe de diagnostic de performance \u00e9nerg\u00e9tique (DPE), dont le calcul a \u00e9t\u00e9 modifi\u00e9 en juillet et octobre 2021 et tient d\u00e9sormais compte \u00e0 la fois de la consommation primaire d\u2019\u00e9nergie et des \u00e9missions de gaz \u00e0 effet de serre. Les \u00e9tiquettes DPE sont estim\u00e9es sur l\u2019ensemble du parc de logements \u00e0 partir de 310 000 observations des DPE, collect\u00e9es par l\u2019Ademe, sur la p\u00e9riode de d\u00e9cembre 2021 \u00e0 mars 2022 et des donn\u00e9es fiscales. Au total, sur les 30 millions de r\u00e9sidences principales que compte la France au 1er janvier 2022, environ 5,2 millions de logements, soit 17 % du parc seraient des \u00ab passoires \u00e9nerg\u00e9tiques \u00bb (\u00e9tiquettes F et G du DPE). La date de construction du logement, sa taille, sa localisation, le caract\u00e8re individuel ou collectif de l\u2019habitat et le statut d\u2019occupation figurent parmi les caract\u00e9ristiques influant sur les performances \u00e9nerg\u00e9tiques. La part des passoires \u00e9nerg\u00e9tiques est plus \u00e9lev\u00e9e dans les r\u00e9sidences secondaires (32 %, soit 1,2 million de logements) et dans les logements vacants (27 %, soit 0,8 million de logements) ce qui porte l\u2019estimation du nombre de passoires \u00e9nerg\u00e9tiques \u00e0 un total de 7,2 millions de logements sur l\u2019ensemble du parc. Cette estimation sera actualis\u00e9e en 2023 lorsque le nouveau DPE aura \u00e9t\u00e9 plus largement exp\u00e9riment\u00e9, notamment \u00e0 travers ses diff\u00e9rentes modalit\u00e9s (DPE pour le logement collectif, DPE pour les appartements qui sera \u00e9tabli \u00e0 partir du DPE collectif).<\/em><\/p>\n\n\n\n<p>Donn\u00e9es relatives \u00e0 la consommation \u00e9nerg\u00e9tique des logements au 1er\u00a0janvier 2022 pour les r\u00e9sidences principales<\/p>\n\n\n\n<figure class=\"wp-block-table is-style-stripes\"><table><tbody><tr><td>En milliers de logements<\/td><td><strong>A<\/strong><\/td><td><strong>B<\/strong><\/td><td><strong>C<\/strong><\/td><td><strong>D<\/strong><\/td><td><strong>E<\/strong><\/td><td><strong>F<\/strong><\/td><td><strong>G<\/strong><\/td><td><strong>Total<\/strong><\/td><td><strong>Passoires<\/strong><\/td><td><strong>Tr\u00e8s \u00e9nergivores<\/strong><\/td><\/tr><tr><td>Ensemble<\/td><td>&nbsp;502<\/td><td>&nbsp;961<\/td><td>7 039<\/td><td>9 708<\/td><td>6586<\/td><td>3154<\/td><td>2032<\/td><td>29982<\/td><td>&nbsp;5 186<\/td><td>&nbsp;511<\/td><\/tr><tr><td>1,7%<\/td><td>3,2%<\/td><td>23,5%<\/td><td>32,4%<\/td><td>22,0%<\/td><td>10,5%<\/td><td>6,8%<\/td><td>100%<\/td><td>17,3%<\/td><td>1,7%<\/td><\/tr><tr><td><strong>Type de logement<\/strong><\/td><\/tr><tr><td>Appartement<\/td><td>&nbsp;90<\/td><td>&nbsp;336<\/td><td>3 643<\/td><td>4 458<\/td><td>2969<\/td><td>1194<\/td><td>&nbsp;754<\/td><td>13445<\/td><td>&nbsp;1 948<\/td><td>&nbsp;191<\/td><\/tr><tr><td>0,7%<\/td><td>2,5%<\/td><td>27,1%<\/td><td>33,2%<\/td><td>22,1%<\/td><td>8,9%<\/td><td>5,6%<\/td><td>100%<\/td><td>14,5%<\/td><td>1,4%<\/td><\/tr><tr><td>Maison individuelle<\/td><td>&nbsp;412<\/td><td>&nbsp;625<\/td><td>3 396<\/td><td>5 249<\/td><td>3 617<\/td><td>1959<\/td><td>1 279<\/td><td>16537<\/td><td>&nbsp;3 238<\/td><td>&nbsp;320<\/td><\/tr><tr><td>2,5%<\/td><td>3,8%<\/td><td>20,5%<\/td><td>31,7%<\/td><td>21,9%<\/td><td>11,8%<\/td><td>7,7%<\/td><td>100%<\/td><td>19,6%<\/td><td>1,9%<\/td><\/tr><\/tbody><\/table><\/figure>\n\n\n\n<p>Et selon le statut d\u2019occupation&nbsp;: Les locations du parc priv\u00e9 et les propri\u00e9taires occupants ont beaucoup plus de passoires thermiques (respectivement 19,8% et 18,3%) que celle du logement social (9,5%).<\/p>\n\n\n\n<figure class=\"wp-block-table is-style-stripes\"><table><tbody><tr><td><strong>En milliers de logements<\/strong><\/td><td><strong>A<\/strong><\/td><td><strong>B<\/strong><\/td><td><strong>C<\/strong><\/td><td><strong>D<\/strong><\/td><td><strong>E<\/strong><\/td><td><strong>F<\/strong><\/td><td><strong>G<\/strong><\/td><td><strong>Total<\/strong><\/td><td><strong>Passoires<\/strong><\/td><td><strong>Dont tr\u00e8s \u00e9nergivores<\/strong><\/td><\/tr><tr><td><strong>Locataire (parc priv\u00e9 et mis \u00e0 disposition gratuitement)<\/strong><\/td><td>&nbsp;83<\/td><td>&nbsp;196<\/td><td>&nbsp;1 705<\/td><td>2 544<\/td><td>&nbsp;1 851<\/td><td>&nbsp;906<\/td><td>&nbsp;673<\/td><td>7 960<\/td><td>&nbsp;1 579<\/td><td>&nbsp;140<\/td><\/tr><tr><td>1,0%<\/td><td>2,5%<\/td><td>21,4%<\/td><td>32,0%<\/td><td>23,3%<\/td><td>11,4%<\/td><td>8,5%<\/td><td>100%<\/td><td>19,8%<\/td><td>1,8%<\/td><\/tr><tr><td><em>dont appartement<\/em><\/td><td>&nbsp;36<\/td><td>&nbsp;122<\/td><td>&nbsp;1 272<\/td><td>&nbsp;1 761<\/td><td>1 265<\/td><td>&nbsp;575<\/td><td>&nbsp;426<\/td><td>5456<\/td><td>&nbsp;1 001<\/td><td>&nbsp;87<\/td><\/tr><tr><td>0,7%<\/td><td>2,2%<\/td><td>23,3%<\/td><td>32,3%<\/td><td>23,2%<\/td><td>10,5%<\/td><td>7,8%<\/td><td>100%<\/td><td>18,3%<\/td><td>1,6%<\/td><\/tr><tr><td><em>dont maison<\/em><\/td><td>&nbsp;48<\/td><td>&nbsp;74<\/td><td>&nbsp;433<\/td><td>&nbsp;784<\/td><td>&nbsp;586<\/td><td>&nbsp;331<\/td><td>&nbsp;248<\/td><td>2 504<\/td><td>&nbsp;578<\/td><td>&nbsp;53<\/td><\/tr><tr><td>1,9%<\/td><td>3,0%<\/td><td>17,3%<\/td><td>31,3%<\/td><td>23,4%<\/td><td>13,2%<\/td><td>9,9%<\/td><td>100%<\/td><td>23,1%<\/td><td>2,1%<\/td><\/tr><tr><td><strong>Locataire (parc social)<\/strong><\/td><td>&nbsp;33<\/td><td>&nbsp;141<\/td><td>&nbsp;1 628<\/td><td>&nbsp;1 595<\/td><td>&nbsp;998<\/td><td>&nbsp;323<\/td><td>&nbsp;139<\/td><td>4 856<\/td><td>&nbsp;461<\/td><td>&nbsp;51<\/td><\/tr><tr><td>0,7%<\/td><td>2,9%<\/td><td>33,5%<\/td><td>32,9%<\/td><td>20,5%<\/td><td>6,6%<\/td><td>2,9%<\/td><td>100%<\/td><td>9,5%<\/td><td>1,0%<\/td><\/tr><tr><td><em>dont appartement<\/em><\/td><td>&nbsp;23<\/td><td>&nbsp;116<\/td><td>&nbsp;1 389<\/td><td>&nbsp;1 305<\/td><td>&nbsp;808<\/td><td>&nbsp;265<\/td><td>&nbsp;123<\/td><td>4 030<\/td><td>&nbsp;389<\/td><td>&nbsp;48<\/td><\/tr><tr><td>0,6%<\/td><td>2,9%<\/td><td>34,5%<\/td><td>32,4%<\/td><td>20,1%<\/td><td>6,6%<\/td><td>3,1%<\/td><td>100%<\/td><td>9,6%<\/td><td>1,2%<\/td><\/tr><tr><td><em>dont maison<\/em><\/td><td>&nbsp;9<\/td><td>&nbsp;25<\/td><td>&nbsp;239<\/td><td>&nbsp;290<\/td><td>&nbsp;190<\/td><td>&nbsp;57<\/td><td>&nbsp;16<\/td><td>&nbsp;826<\/td><td>&nbsp;73<\/td><td>&nbsp;3<\/td><\/tr><tr><td>1,1%<\/td><td>3,0%<\/td><td>28,9%<\/td><td>35,1%<\/td><td>23,0%<\/td><td>6,9%<\/td><td>1,9%<\/td><td>100%<\/td><td>8,8%<\/td><td>0,4%<\/td><\/tr><tr><td><strong>Propri\u00e9taire occupant<\/strong><\/td><td>&nbsp;386<\/td><td>&nbsp;624<\/td><td>3 706<\/td><td>5 568<\/td><td>3 737<\/td><td>1925<\/td><td>1220<\/td><td>17166<\/td><td>&nbsp;3 145<\/td><td>&nbsp;320<\/td><\/tr><tr><td>2,2%<\/td><td>3,6%<\/td><td>21,6%<\/td><td>32,4%<\/td><td>21,8%<\/td><td>11,2%<\/td><td>7,1%<\/td><td>100%<\/td><td>18,3%<\/td><td>1,9%<\/td><\/tr><tr><td><em>dont appartement<\/em><\/td><td>&nbsp;31<\/td><td>&nbsp;98<\/td><td>&nbsp;983<\/td><td>&nbsp;1 393<\/td><td>&nbsp;896<\/td><td>&nbsp;354<\/td><td>&nbsp;205<\/td><td>3958<\/td><td>&nbsp;558<\/td><td>&nbsp;57<\/td><\/tr><tr><td>0,8%<\/td><td>2,5%<\/td><td>24,8%<\/td><td>35,2%<\/td><td>22,6%<\/td><td>8,9%<\/td><td>5,2%<\/td><td>100%<\/td><td>14,1%<\/td><td>1,4%<\/td><\/tr><tr><td><em>dont maison<\/em><\/td><td>&nbsp;355<\/td><td>&nbsp;526<\/td><td>2 723<\/td><td>&nbsp;4 175<\/td><td>2842<\/td><td>1571<\/td><td>1 015<\/td><td>13208<\/td><td>&nbsp;2 587<\/td><td>&nbsp;264<\/td><\/tr><tr><td>2,7%<\/td><td>4,0%<\/td><td>20,6%<\/td><td>31,6%<\/td><td>21,5%<\/td><td>11,9%<\/td><td>7,7%<\/td><td>100%<\/td><td>19,6%<\/td><td>2,0%<\/td><\/tr><\/tbody><\/table><\/figure>\n","protected":false},"excerpt":{"rendered":"<p>Depuis le 24 ao\u00fbt, les propri\u00e9taires de logements \u00e0 \u00e9tiquette \u00e9nerg\u00e9tique F et G ne peuvent plus augmenter les loyers n\u2019importe o\u00f9 en France. Cela repr\u00e9sente 17% du parc de r\u00e9sidences principales. A partir de 2025 pour les F et 2028 pour les G, il ne sera tout simplement plus possible de les louer. Les [&hellip;]<\/p>\n","protected":false},"author":1,"featured_media":0,"comment_status":"closed","ping_status":"open","sticky":false,"template":"","format":"standard","meta":{"twitterCardType":"","cardImageID":0,"cardImage":"","cardTitle":"","cardDesc":"","cardImageAlt":"","cardPlayer":"","cardPlayerWidth":0,"cardPlayerHeight":0,"cardPlayerStream":"","cardPlayerCodec":"","footnotes":""},"categories":[62,11],"tags":[153,235,66],"class_list":["post-20692","post","type-post","status-publish","format-standard","hentry","category-le-rouge-le-vert-hebdo","category-politique-locale","tag-ecologie","tag-energie","tag-logement"],"_links":{"self":[{"href":"https:\/\/www.ades-grenoble.org\/wordpress\/wp-json\/wp\/v2\/posts\/20692","targetHints":{"allow":["GET"]}}],"collection":[{"href":"https:\/\/www.ades-grenoble.org\/wordpress\/wp-json\/wp\/v2\/posts"}],"about":[{"href":"https:\/\/www.ades-grenoble.org\/wordpress\/wp-json\/wp\/v2\/types\/post"}],"author":[{"embeddable":true,"href":"https:\/\/www.ades-grenoble.org\/wordpress\/wp-json\/wp\/v2\/users\/1"}],"replies":[{"embeddable":true,"href":"https:\/\/www.ades-grenoble.org\/wordpress\/wp-json\/wp\/v2\/comments?post=20692"}],"version-history":[{"count":2,"href":"https:\/\/www.ades-grenoble.org\/wordpress\/wp-json\/wp\/v2\/posts\/20692\/revisions"}],"predecessor-version":[{"id":20694,"href":"https:\/\/www.ades-grenoble.org\/wordpress\/wp-json\/wp\/v2\/posts\/20692\/revisions\/20694"}],"wp:attachment":[{"href":"https:\/\/www.ades-grenoble.org\/wordpress\/wp-json\/wp\/v2\/media?parent=20692"}],"wp:term":[{"taxonomy":"category","embeddable":true,"href":"https:\/\/www.ades-grenoble.org\/wordpress\/wp-json\/wp\/v2\/categories?post=20692"},{"taxonomy":"post_tag","embeddable":true,"href":"https:\/\/www.ades-grenoble.org\/wordpress\/wp-json\/wp\/v2\/tags?post=20692"}],"curies":[{"name":"wp","href":"https:\/\/api.w.org\/{rel}","templated":true}]}}