{"id":20727,"date":"2022-09-09T09:11:52","date_gmt":"2022-09-09T07:11:52","guid":{"rendered":"https:\/\/www.ades-grenoble.org\/wordpress\/?p=20727"},"modified":"2022-09-09T09:33:43","modified_gmt":"2022-09-09T07:33:43","slug":"une-initiative-des-conseilleres-et-conseillers-departementaux-grenoblois","status":"publish","type":"post","link":"https:\/\/www.ades-grenoble.org\/wordpress\/2022\/09\/09\/une-initiative-des-conseilleres-et-conseillers-departementaux-grenoblois\/","title":{"rendered":"Une initiative des conseill\u00e8res et conseillers d\u00e9partementaux grenoblois"},"content":{"rendered":"<div class=\"wp-block-image is-style-default\">\n<figure class=\"alignleft size-full\"><img loading=\"lazy\" decoding=\"async\" width=\"380\" height=\"232\" src=\"https:\/\/www.ades-grenoble.org\/wordpress\/wp-content\/uploads\/2021\/02\/printemps-iserois.jpg\" alt=\"\" class=\"wp-image-18420\" srcset=\"https:\/\/www.ades-grenoble.org\/wordpress\/wp-content\/uploads\/2021\/02\/printemps-iserois.jpg 380w, https:\/\/www.ades-grenoble.org\/wordpress\/wp-content\/uploads\/2021\/02\/printemps-iserois-150x92.jpg 150w, https:\/\/www.ades-grenoble.org\/wordpress\/wp-content\/uploads\/2021\/02\/printemps-iserois-300x183.jpg 300w\" sizes=\"auto, (max-width: 380px) 100vw, 380px\" \/><\/figure>\n<\/div>\n\n\n<p><strong>Les conseillers et conseill\u00e8res d\u00e9partementaux des cantons de Grenoble, <\/strong>tous du groupe d&rsquo;opposition de gauche<strong> et \u00e9cologiste, proposent un dispositif qui permettra le financement d\u2019un projet associatif \u00e0 hauteur de 20 000 euros pour du fonctionnement et\/ou de l\u2019investissement.<\/strong><\/p>\n\n\n\n<p>Pour innover cette ann\u00e9e le groupe a mis en place un nouveau type de financement : les\u00a0\u201cInitiatives grenobloises\u201d, au lieu qu\u2019auparavant, chaque \u00e9lu-e choisissait de financer un projet personnel.<\/p>\n\n\n\n<p>Apr\u00e8s avoir lanc\u00e9 un appel aux associations pour proposer des projets, le groupe d\u2019\u00e9lu-es a s\u00e9lectionn\u00e9 5 propositions qui vont \u00eatre soumises au vote des grenoblois de plus de 16 ans&nbsp;:<\/p>\n\n\n\n<!--more-->\n\n\n\n<ul class=\"wp-block-list\"><li>Ouverture exceptionnelle- La Scal\u00e8ne<\/li><li>Cr\u00e9ation d&rsquo;un lieu artistique \u2013 Solexine<\/li><li>Cr\u00e9ation d&rsquo;un atelier ouvert &#8211; La Bifurk<\/li><li>Ressourcerie num\u00e9rique \u00e0 la Villeneuve\u00a0\u00bb &#8211; R\u00e9gie de Quartier Grenoble<\/li><li>Festival \u00ab\u00a0Merci Bonsoir\u00a0\u00bb &#8211; Mix&rsquo;Art et le Prunier Sauvage<\/li><\/ul>\n\n\n\n<p><a rel=\"noreferrer noopener\" href=\"https:\/\/www.leprintempsiserois.fr\/index.php\/les-projets-pre-selectionnes-pour-la-1ere-edition-des-initiatives-grenobloises\/\" target=\"_blank\">Le vote, \u00e9lectronique, est ouvert jusqu\u2019au 25 septembre<\/a>.<\/p>\n","protected":false},"excerpt":{"rendered":"<p>Les conseillers et conseill\u00e8res d\u00e9partementaux des cantons de Grenoble, tous du groupe d&rsquo;opposition de gauche et \u00e9cologiste, proposent un dispositif qui permettra le financement d\u2019un projet associatif \u00e0 hauteur de 20 000 euros pour du fonctionnement et\/ou de l\u2019investissement. Pour innover cette ann\u00e9e le groupe a mis en place un nouveau type de financement : [&hellip;]<\/p>\n","protected":false},"author":1,"featured_media":0,"comment_status":"closed","ping_status":"open","sticky":false,"template":"","format":"standard","meta":{"twitterCardType":"","cardImageID":0,"cardImage":"","cardTitle":"","cardDesc":"","cardImageAlt":"","cardPlayer":"","cardPlayerWidth":0,"cardPlayerHeight":0,"cardPlayerStream":"","cardPlayerCodec":"","footnotes":""},"categories":[62,11],"tags":[47,216],"class_list":["post-20727","post","type-post","status-publish","format-standard","hentry","category-le-rouge-le-vert-hebdo","category-politique-locale","tag-budget-alternatif","tag-conseil-departemental-de-lisere"],"_links":{"self":[{"href":"https:\/\/www.ades-grenoble.org\/wordpress\/wp-json\/wp\/v2\/posts\/20727","targetHints":{"allow":["GET"]}}],"collection":[{"href":"https:\/\/www.ades-grenoble.org\/wordpress\/wp-json\/wp\/v2\/posts"}],"about":[{"href":"https:\/\/www.ades-grenoble.org\/wordpress\/wp-json\/wp\/v2\/types\/post"}],"author":[{"embeddable":true,"href":"https:\/\/www.ades-grenoble.org\/wordpress\/wp-json\/wp\/v2\/users\/1"}],"replies":[{"embeddable":true,"href":"https:\/\/www.ades-grenoble.org\/wordpress\/wp-json\/wp\/v2\/comments?post=20727"}],"version-history":[{"count":1,"href":"https:\/\/www.ades-grenoble.org\/wordpress\/wp-json\/wp\/v2\/posts\/20727\/revisions"}],"predecessor-version":[{"id":20728,"href":"https:\/\/www.ades-grenoble.org\/wordpress\/wp-json\/wp\/v2\/posts\/20727\/revisions\/20728"}],"wp:attachment":[{"href":"https:\/\/www.ades-grenoble.org\/wordpress\/wp-json\/wp\/v2\/media?parent=20727"}],"wp:term":[{"taxonomy":"category","embeddable":true,"href":"https:\/\/www.ades-grenoble.org\/wordpress\/wp-json\/wp\/v2\/categories?post=20727"},{"taxonomy":"post_tag","embeddable":true,"href":"https:\/\/www.ades-grenoble.org\/wordpress\/wp-json\/wp\/v2\/tags?post=20727"}],"curies":[{"name":"wp","href":"https:\/\/api.w.org\/{rel}","templated":true}]}}