{"id":20775,"date":"2022-09-23T18:18:02","date_gmt":"2022-09-23T16:18:02","guid":{"rendered":"https:\/\/www.ades-grenoble.org\/wordpress\/?p=20775"},"modified":"2022-09-23T19:09:07","modified_gmt":"2022-09-23T17:09:07","slug":"diverses-actualites-92","status":"publish","type":"post","link":"https:\/\/www.ades-grenoble.org\/wordpress\/2022\/09\/23\/diverses-actualites-92\/","title":{"rendered":"Diverses actualit\u00e9s"},"content":{"rendered":"<div class=\"wp-block-image is-style-default\">\n<figure class=\"alignleft size-full\"><img loading=\"lazy\" decoding=\"async\" width=\"400\" height=\"222\" src=\"https:\/\/www.ades-grenoble.org\/wordpress\/wp-content\/uploads\/2020\/11\/crieur.jpg\" alt=\"\" class=\"wp-image-18106\" srcset=\"https:\/\/www.ades-grenoble.org\/wordpress\/wp-content\/uploads\/2020\/11\/crieur.jpg 400w, https:\/\/www.ades-grenoble.org\/wordpress\/wp-content\/uploads\/2020\/11\/crieur-150x83.jpg 150w, https:\/\/www.ades-grenoble.org\/wordpress\/wp-content\/uploads\/2020\/11\/crieur-300x167.jpg 300w\" sizes=\"auto, (max-width: 400px) 100vw, 400px\" \/><\/figure>\n<\/div>\n\n\n<p><strong><a rel=\"noreferrer noopener\" href=\"https:\/\/www.grenobleencommun.fr\/voeu-du-groupe-gec-pour-une-renovation-thermique-de-tous-les-batiments-vraiment-massive-et-efficace\/\" target=\"_blank\">V\u0153u du groupe GEC pour une r\u00e9novation thermique de tous les b\u00e2timents vraiment massive et efficace<\/a>. <\/strong>Le 19 septembre, le conseil municipal de Grenoble a adopt\u00e9 le v\u0153u propos\u00e9 par le groupe Grenoble en Commun pour interpeller la premi\u00e8re Ministre et lui demander d\u2019inscrire rapidement \u00e0 l\u2019ordre du jour du Parlement la proposition de loi citoyenne intitul\u00e9e <em>\u00ab proposition de loi visant \u00e0 diminuer la consommation d\u2019\u00e9nergie pour le b\u00e2ti<\/em> \u00bb.<\/p>\n\n\n\n<hr class=\"wp-block-separator has-alpha-channel-opacity\"\/>\n\n\n\n<p><strong>Le droit de chacun de vivre dans un environnement \u00e9quilibr\u00e9 et respectueux de la sant\u00e9<\/strong>. Ce droit est indiqu\u00e9 dans la Charte de l\u2019environnement qui fait partie de la Constitution. <a rel=\"noreferrer noopener\" href=\"https:\/\/www.legifrance.gouv.fr\/ceta\/id\/CETATEXT000046316542?juridiction=CONSEIL_ETAT&amp;juridiction=COURS_APPEL&amp;juridiction=TRIBUNAL_ADMINISTATIF&amp;juridiction=TRIBUNAL_CONFLIT&amp;page=1&amp;pageSize=10&amp;query=451129&amp;searchField=ALL&amp;searchType=ALL&amp;sortValue=DATE_DESC&amp;tab_selection=cetat\" target=\"_blank\">Le Conseil d\u2019Etat vient de lui reconnaitre le caract\u00e8re de libert\u00e9 fondamentale<\/a> et ouvre ainsi, dans certains, cas la possibilit\u00e9 de recourir au r\u00e9f\u00e9r\u00e9 libert\u00e9, sous conditions d\u2019urgence tr\u00e8s contr\u00f4l\u00e9es. Le r\u00e9f\u00e9r\u00e9 libert\u00e9 oblige le juge \u00e0 intervenir sous 48 heures.<\/p>\n\n\n\n<hr class=\"wp-block-separator has-alpha-channel-opacity\"\/>\n\n\n\n<p><strong>Tendances de l\u2019emploi territorial et politiques RH des collectivit\u00e9s et des intercommunalit\u00e9s 2022<\/strong>. Septi\u00e8me \u00e9dition du <a rel=\"noreferrer noopener\" href=\"https:\/\/www.amf.asso.fr\/m\/document\/fichier.php?FTP=b71f664a9d77e76e0a92fd38d150de70.pdf\" target=\"_blank\">Barom\u00e8tre HoRHizons r\u00e9alis\u00e9 par l&rsquo;AMF, le CNFPT, la FNCDG, D\u00e9partements de France et R\u00e9gions de France<\/a>. L&#8217;emploi territorial est plomb\u00e9 par la hausse de la masse salariale et les difficult\u00e9s de recrutement qui seraient massives<a href=\"https:\/\/www.amf.asso.fr\/m\/document\/fichier.php?FTP=b71f664a9d77e76e0a92fd38d150de70.pdf\">.<\/a><\/p>\n\n\n\n<hr class=\"wp-block-separator has-alpha-channel-opacity\"\/>\n\n\n\n<p><strong>L\u2019intimit\u00e9 au risque de la privation de libert\u00e9. <\/strong>Comment concilier respect de l\u2019intimit\u00e9 et obligation de surveillance dans les lieux de privation de libert\u00e9 ? Comment trouver l\u2019\u00e9quilibre entre ces exigences contradictoires ? Dans <a rel=\"noreferrer noopener\" href=\"https:\/\/www.cglpl.fr\/2022\/lintimite-au-risque-de-la-privation-de-liberte\/\" target=\"_blank\">ce rapport<\/a>, le Contr\u00f4leur g\u00e9n\u00e9ral des lieux de privation de libert\u00e9 (CGLPL) a souhait\u00e9 explorer les conditions du respect de l\u2019intimit\u00e9 des personnes priv\u00e9es de libert\u00e9 en s\u2019appuyant sur des exemples concrets issus de ses visites et des courriers qu\u2019il re\u00e7oit.<\/p>\n\n\n\n<!--more-->\n\n\n\n<hr class=\"wp-block-separator has-alpha-channel-opacity\"\/>\n\n\n\n<p><strong>Arr\u00eat de la CEDH : une \u00e9tape significative dans la prise en compte du droit des enfants fran\u00e7ais retenus en Syrie. D<\/strong>ans son arr\u00eat du 14 septembre 2022, la Cour europ\u00e9enne des droits de l\u2019homme a condamn\u00e9 l\u2019Etat Fran\u00e7ais pour violation du droit d\u2019entr\u00e9e de ses ressortissants sur son territoire,<a rel=\"noreferrer noopener\" href=\"https:\/\/defenseurdesdroits.fr\/fr\/communique-de-presse\/2022\/09\/arret-de-la-cedh-une-etape-significative-dans-la-prise-en-compte-du\" target=\"_blank\"> la D\u00e9fenseure des droits\u00a0insiste sur l\u2019imp\u00e9ratif qui s\u2019attache \u00e0 la pleine effectivit\u00e9 des droits de ces enfants<\/a>. La Cour consid\u00e8re que les autorit\u00e9s n\u2019ont pas garanti aux enfants l\u2019effectivit\u00e9 du droit d\u2019entr\u00e9e sur leur territoire. Les refus n\u2019ont donc pas \u00e9t\u00e9 entour\u00e9s des garanties n\u00e9cessaires contre l\u2019arbitraire, n\u2019ont pas suffisamment pris en compte l\u2019int\u00e9r\u00eat sup\u00e9rieur des enfants, leur particuli\u00e8re vuln\u00e9rabilit\u00e9 et leurs besoins sp\u00e9cifiques.<\/p>\n\n\n\n<hr class=\"wp-block-separator has-alpha-channel-opacity\"\/>\n\n\n\n<p><strong>Skier moins tard, se d\u00e9placer moins vite, d\u00e9velopper les ENR\u00a0: \u00ab\u00a0toutes les pistes sont \u00e9tudi\u00e9es\u00a0\u00bb par les stations. <\/strong>Alors que le sujet de la sobri\u00e9t\u00e9 \u00e9nerg\u00e9tique occupe le devant de la sc\u00e8ne, <a rel=\"noreferrer noopener\" href=\"https:\/\/region-aura.latribune.fr\/territoire\/2022-09-06\/ralentissement-des-telesieges-fermetures-anticipees-essor-des-enr-toutes-les-pistes-sont-etudiees-par-les-stations-2-3-928871.html\" target=\"_blank\">les stations de ski des Alpes, planchent d\u00e9j\u00e0, \u00e0 trois mois de l\u2019ouverture de la saison d\u2019hiver, sur la mani\u00e8re d\u2019atteindre les cibles de r\u00e9duction de 10% fix\u00e9es par le gouvernement<\/a>. Face au spectre des coupures et du d\u00e9lestage brandi par Elisabeth Borne, elles r\u00e9pondent par une premi\u00e8re liste de mesures, applicables d\u00e8s cet hiver. Si la profession n\u2019est pas inqui\u00e8te \u00e0 ce stade, elle avance cependant en ordre dispers\u00e9, en faisant valoir les sp\u00e9cificit\u00e9s de chaque massif. Les stations proches de Grenoble sont particuli\u00e8rement concern\u00e9es.<\/p>\n\n\n\n<hr class=\"wp-block-separator has-alpha-channel-opacity\"\/>\n\n\n\n<p><strong>La construction de logements dans\u00a0les jardins gagne du terrain.\u00a0 <\/strong>A voir <a rel=\"noreferrer noopener\" href=\"https:\/\/www.lagazettedescommunes.com\/823525\/la-construction-de-logements-dans-les-jardins-gagne-du-terrain\/\" target=\"_blank\">un article dans la Gazette des communes<\/a>\u00a0: avec la perspective du <em>z\u00e9ro artificialisation nette des sols<\/em>, la\u00a0d\u00e9marche BIMBY (\u00ab\u2009Build In\u00a0My\u00a0Back Yard\u2009\u00bb) est un levier de\u00a0production de logements. Les exp\u00e9rimentations de\u00a0ce processus de division parcellaire accompagn\u00e9e par la collectivit\u00e9 ont \u00e9t\u00e9 lanc\u00e9es en France en 2015. Il vise d\u00e9sormais les\u00a0m\u00e9tropoles.<\/p>\n\n\n\n<hr class=\"wp-block-separator has-alpha-channel-opacity\"\/>\n\n\n\n<p><strong>La ville est notre avenir, ne l\u2019abandonnons pas aux financiers\u202f!<\/strong> Et si, plut\u00f4t que de condamner la ville \u00e0 devenir un gigantesque produit financier, nous laissions aux habitants la possibilit\u00e9 de la reconstruire pour la rendre plus habitable, plus ouverte, et surtout plus collective\u202f? <a rel=\"noreferrer noopener\" href=\"https:\/\/usbeketrica.com\/fr\/article\/la-ville-est-notre-avenir-ne-l-abandonnons-pas-aux-financiers\" target=\"_blank\">Une tribune de Matthieu Poitevin, architecte et Pr\u00e9sident de\u00a0<em>Va jouer dehors\u202f<\/em><\/a>!<\/p>\n\n\n\n<hr class=\"wp-block-separator has-alpha-channel-opacity\"\/>\n\n\n\n<p><strong>In\u00e9galit\u00e9s environnementales et sociales se superposent-elles ? <\/strong><a rel=\"noreferrer noopener\" href=\"https:\/\/www.strategie.gouv.fr\/sites\/strategie.gouv.fr\/files\/atoms\/files\/fs-2022-na-112-inegalites_environnementales-septembre.pdf\" target=\"_blank\">Une \u00e9tude de France Strat\u00e9gie<\/a> montre quels sols contamin\u00e9s sont globalement concentr\u00e9s dans les villes fortement peupl\u00e9es, alors que dans le cas des pollutions de l\u2019air, d\u2019importantes disparit\u00e9s territoriales sont observ\u00e9es en fonction des polluants. La construction d\u2019un indice d\u2019exposition multiple (IEM) aux pollutions permet d\u2019avoir une vision synth\u00e9tique des combinaisons de facteurs de risques sanitaires : les m\u00e9tropoles pr\u00e9sentent ainsi un IEM quatre fois sup\u00e9rieur \u00e0 la moyenne nationale.Conclusion, il faut mieux cibler les politiques de pr\u00e9vention de la pollution en fonction des caract\u00e9ristiques locales.<\/p>\n\n\n\n<hr class=\"wp-block-separator has-alpha-channel-opacity\"\/>\n\n\n\n<p><strong>L&rsquo;ANRU d\u00e9voile son nouveau barom\u00e8tre sur la vie dans les quartiers populaires. <\/strong>L\u2019Agence Nationale de R\u00e9novation Urbaine (ANRU) a r\u00e9alis\u00e9 avec l\u2019institut Harris Interactive <a rel=\"noreferrer noopener\" href=\"https:\/\/www.anru.fr\/actualites\/lanru-devoile-son-nouveau-barometre-sur-la-vie-dans-les-quartiers-populaires\" target=\"_blank\">un barom\u00e8tre d\u2019opinion pour mettre en perspective les travaux et d\u00e9bats avec les attentes des habitants<\/a>. Les habitants des QPV ont des attentes plus prononc\u00e9es que le reste des Fran\u00e7ais autour du logement et des espaces publics dans leur quartier, selon une enqu\u00eate de l&rsquo;Anru qui d\u00e9voile que les Fran\u00e7ais ont d\u00e9j\u00e0 majoritairement adopt\u00e9 des r\u00e9flexes de sobri\u00e9t\u00e9 \u00e9nerg\u00e9tique.<\/p>\n\n\n\n<hr class=\"wp-block-separator has-alpha-channel-opacity\"\/>\n\n\n\n<p><strong>Chartes pesticides\u00a0:\u00a0 <a rel=\"noreferrer noopener\" href=\"https:\/\/www.generations-futures.fr\/wp-content\/uploads\/2022\/09\/chartes-2022-v3.pdf\" target=\"_blank\">Etat des lieux par G\u00e9n\u00e9rations Futures<\/a><\/strong>. Premi\u00e8res donn\u00e9es sur les 95 d\u00e9partements (sauf Paris) et les territoires d\u2019outre-mer par l\u2019ONG qui dresse un \u00e9tat des lieux critique des chartes d\u2019engagements avant une salve de recours. Elle remet en question la pertinence de cet outil pour prot\u00e9ger les populations riveraines tant dans son processus d\u2019\u00e9laboration que son contenu.<\/p>\n\n\n\n<hr class=\"wp-block-separator has-alpha-channel-opacity\"\/>\n\n\n\n<p><strong>Les tensions sur le march\u00e9 du travail en 2021 sont au plus haut niveau depuis 2011<\/strong>. Selon <a rel=\"noreferrer noopener\" href=\"https:\/\/dares.travail-emploi.gouv.fr\/publication\/les-tensions-sur-le-marche-du-travail-en-2021\" target=\"_blank\">une \u00e9tude de la DARES<\/a> 7 m\u00e9tiers sur 10 sont fortement, voire tr\u00e8s fortement concern\u00e9s par ces tensions. L\u2019an dernier, c\u2019est avant tout la forte intensit\u00e9 des embauches qui a jou\u00e9, selon l\u2019analyse de l\u2019institut statistique du minist\u00e8re du Travail. Les difficult\u00e9s se sont notamment accrues dans l\u2019industrie et le b\u00e2timent, deux secteurs d\u00e9j\u00e0 concern\u00e9s avant la crise. Idem pour le m\u00e9tier d&rsquo;infirmier.<\/p>\n\n\n\n<hr class=\"wp-block-separator has-alpha-channel-opacity\"\/>\n\n\n\n<p><strong>Contribution de l\u2019Andes au plan sobri\u00e9t\u00e9 \u00e9nerg\u00e9tique.<\/strong> L&rsquo;Association nationale des \u00e9lus en charge du sport fait <a rel=\"noreferrer noopener\" href=\"https:\/\/www.andes.fr\/wp-content\/uploads\/2022\/09\/ANDES_SOBRIETE_ENERGETIQUE_VF-0922.pdf\" target=\"_blank\">des propositions dans le cadre du plan de sobri\u00e9t\u00e9 \u00e9nerg\u00e9tique<\/a>. Elle met en avant des solutions \u00e0 court et long terme et demande que les parties prenantes du sport notamment les f\u00e9d\u00e9rations et les clubs soient impliqu\u00e9s.<\/p>\n\n\n\n<hr class=\"wp-block-separator has-alpha-channel-opacity\"\/>\n\n\n\n<p><strong>Les vols et violences enregistr\u00e9s dans les r\u00e9seaux de transports en commun en 2021<\/strong>. Le service statistique minist\u00e9riel de la s\u00e9curit\u00e9 int\u00e9rieure (SSMSI) publie <a rel=\"noreferrer noopener\" href=\"https:\/\/www.interieur.gouv.fr\/actualites\/communiques\/vols-et-violences-enregistres-dans-reseaux-de-transports-en-commun-en-2021\" target=\"_blank\">Interstats Analyse n\u00b048<\/a>. Les chiffres repartent \u00e0 la hausse mais ils restent inf\u00e9rieurs \u00e0 ce qu&rsquo;ils \u00e9taient avant l&rsquo;\u00e9pid\u00e9mie.\u00a0Les vols sans violence constituent l&rsquo;atteinte la plus caract\u00e9ristique de la d\u00e9linquance dans les transports en commun : ils repr\u00e9sentent 79\u00a0% des victimes de vols et de violences dans les transports en commun, et 17\u00a0% des vols sans violence commis en France ont lieu dans les transports en commun.<\/p>\n","protected":false},"excerpt":{"rendered":"<p>V\u0153u du groupe GEC pour une r\u00e9novation thermique de tous les b\u00e2timents vraiment massive et efficace. Le 19 septembre, le conseil municipal de Grenoble a adopt\u00e9 le v\u0153u propos\u00e9 par le groupe Grenoble en Commun pour interpeller la premi\u00e8re Ministre et lui demander d\u2019inscrire rapidement \u00e0 l\u2019ordre du jour du Parlement la proposition de loi [&hellip;]<\/p>\n","protected":false},"author":1,"featured_media":0,"comment_status":"closed","ping_status":"open","sticky":false,"template":"","format":"standard","meta":{"twitterCardType":"","cardImageID":0,"cardImage":"","cardTitle":"","cardDesc":"","cardImageAlt":"","cardPlayer":"","cardPlayerWidth":0,"cardPlayerHeight":0,"cardPlayerStream":"","cardPlayerCodec":"","footnotes":""},"categories":[62,11],"tags":[223,197,175,279,280,99],"class_list":["post-20775","post","type-post","status-publish","format-standard","hentry","category-le-rouge-le-vert-hebdo","category-politique-locale","tag-climat","tag-emploi","tag-environnement","tag-libertes","tag-metropole","tag-sante"],"_links":{"self":[{"href":"https:\/\/www.ades-grenoble.org\/wordpress\/wp-json\/wp\/v2\/posts\/20775","targetHints":{"allow":["GET"]}}],"collection":[{"href":"https:\/\/www.ades-grenoble.org\/wordpress\/wp-json\/wp\/v2\/posts"}],"about":[{"href":"https:\/\/www.ades-grenoble.org\/wordpress\/wp-json\/wp\/v2\/types\/post"}],"author":[{"embeddable":true,"href":"https:\/\/www.ades-grenoble.org\/wordpress\/wp-json\/wp\/v2\/users\/1"}],"replies":[{"embeddable":true,"href":"https:\/\/www.ades-grenoble.org\/wordpress\/wp-json\/wp\/v2\/comments?post=20775"}],"version-history":[{"count":1,"href":"https:\/\/www.ades-grenoble.org\/wordpress\/wp-json\/wp\/v2\/posts\/20775\/revisions"}],"predecessor-version":[{"id":20776,"href":"https:\/\/www.ades-grenoble.org\/wordpress\/wp-json\/wp\/v2\/posts\/20775\/revisions\/20776"}],"wp:attachment":[{"href":"https:\/\/www.ades-grenoble.org\/wordpress\/wp-json\/wp\/v2\/media?parent=20775"}],"wp:term":[{"taxonomy":"category","embeddable":true,"href":"https:\/\/www.ades-grenoble.org\/wordpress\/wp-json\/wp\/v2\/categories?post=20775"},{"taxonomy":"post_tag","embeddable":true,"href":"https:\/\/www.ades-grenoble.org\/wordpress\/wp-json\/wp\/v2\/tags?post=20775"}],"curies":[{"name":"wp","href":"https:\/\/api.w.org\/{rel}","templated":true}]}}