{"id":20783,"date":"2022-09-23T18:40:06","date_gmt":"2022-09-23T16:40:06","guid":{"rendered":"https:\/\/www.ades-grenoble.org\/wordpress\/?p=20783"},"modified":"2022-09-23T19:09:28","modified_gmt":"2022-09-23T17:09:28","slug":"financement-des-transitions-ecologique-et-energetique","status":"publish","type":"post","link":"https:\/\/www.ades-grenoble.org\/wordpress\/2022\/09\/23\/financement-des-transitions-ecologique-et-energetique\/","title":{"rendered":"Financement des transitions \u00e9cologique et \u00e9nerg\u00e9tique"},"content":{"rendered":"<div class=\"wp-block-image is-style-default\">\n<figure class=\"alignleft size-full\"><img loading=\"lazy\" decoding=\"async\" width=\"380\" height=\"76\" src=\"https:\/\/www.ades-grenoble.org\/wordpress\/wp-content\/uploads\/2022\/09\/IntercommunalitesDeFrance.jpg\" alt=\"\" class=\"wp-image-20784\" srcset=\"https:\/\/www.ades-grenoble.org\/wordpress\/wp-content\/uploads\/2022\/09\/IntercommunalitesDeFrance.jpg 380w, https:\/\/www.ades-grenoble.org\/wordpress\/wp-content\/uploads\/2022\/09\/IntercommunalitesDeFrance-300x60.jpg 300w, https:\/\/www.ades-grenoble.org\/wordpress\/wp-content\/uploads\/2022\/09\/IntercommunalitesDeFrance-150x30.jpg 150w\" sizes=\"auto, (max-width: 380px) 100vw, 380px\" \/><\/figure>\n<\/div>\n\n\n<p>Le 13 septembre \u00ab<em>\u00a0Intercommunalit\u00e9s de France<\/em>\u00a0\u00bb a pass\u00e9 au peigne fin les co\u00fbts financiers des politiques de transition \u00e9cologique et \u00e9nerg\u00e9tique dans les collectivit\u00e9s et s&rsquo;est interrog\u00e9 sur l&rsquo;ad\u00e9quation des financements actuels. <a href=\"https:\/\/www.banquedesterritoires.fr\/sites\/default\/files\/2022-09\/ADCF_ETUDE_FTE_22_Web.pdf\" target=\"_blank\" rel=\"noreferrer noopener\">Cette publication<\/a> s&rsquo;accompagne d&rsquo;analyses d&rsquo;experts, de retours d&rsquo;exp\u00e9rience et de recommandations concr\u00e8tes.<\/p>\n\n\n\n<p><em>\u00ab&nbsp;Quels sont les besoins financiers pour la transition \u00e9cologique et \u00e9nerg\u00e9tique, en fonctionnement et en investissement ? Les dispositifs de financement actuels sont-ils adapt\u00e9s aux projets port\u00e9s par les intercommunalit\u00e9s ? Quels sont les enjeux auxquels les intercommunalit\u00e9s sont confront\u00e9es pour financer ces projets ? Ces trois questions structurent l\u2019\u00e9tude.<\/em><\/p>\n\n\n\n<!--more-->\n\n\n\n<p><em>Partant des constats que les moyens mobilis\u00e9s actuellement sont insuffisants pour l\u2019atteinte des objectifs de transition \u00e9cologique et \u00e9nerg\u00e9tique et que les dispositifs sont en partie inadapt\u00e9s, cette \u00e9tude s\u2019appuie sur des analyses d\u2019experts et des t\u00e9moignages d\u2019intercommunalit\u00e9s pour proposer un \u00e9tat des lieux et des recommandations \u00e0 destination des intercommunalit\u00e9s. Le chiffrage des besoins, \u00e9tabli \u00e0 partir d\u2019\u00e9tudes reconnues, est mis en parall\u00e8le avec le retour d\u2019exp\u00e9rience des collectivit\u00e9s afin de souligner les enjeux op\u00e9rationnels rencontr\u00e9s dans le financement des projets de transition.<\/em><\/p>\n\n\n\n<p><em>Si la transition \u00e9cologique et \u00e9nerg\u00e9tique concerne l\u2019ensemble des politiques publiques locales, l\u2019analyse se concentre sur quelques politiques prioritaires. Ce choix s\u2019est appuy\u00e9 sur deux crit\u00e8res : la disponibilit\u00e9 de donn\u00e9es sur les besoins et les moyens disponibles et l\u2019attribution aux intercommunalit\u00e9s d\u2019une comp\u00e9tence ou de leviers d\u2019action particuliers.<\/em><\/p>\n\n\n\n<p><em>Les politiques incluses dans l\u2019\u00e9tude sont les suivantes :<\/em><\/p>\n\n\n\n<ul class=\"wp-block-list\"><li><em>Eau potable, assainissement collectif et gestion des eaux pluviales urbaines ;<\/em><\/li><li><em>Gestion des milieux aquatiques et pr\u00e9vention des inondations (Gemapi) ;<\/em><\/li><li><em>R\u00e9novation \u00e9nerg\u00e9tique des b\u00e2timents publics ;<\/em><\/li><li><em>Accompagnement \u00e0 la r\u00e9novation \u00e9nerg\u00e9tique des logements\u00a0;<\/em><\/li><li><em>Production d\u2019\u00e9nergies renouvelables (EnR) ;<\/em><\/li><li><em>Mobilit\u00e9s. L&rsquo;\u00e9tude int\u00e8gre \u00e9galement l&rsquo;enjeu transversal que constitue le financement de la strat\u00e9gie et de l&rsquo;animation des d\u00e9marches de transitions \u00e9cologique et \u00e9nerg\u00e9tique. Pour chaque politique publique \u00e9tudi\u00e9e, il est propos\u00e9 :<\/em><\/li><li><em>Un rappel des enjeux et quelques chiffres nationaux permettant de poser des \u00e9l\u00e9ments de contexte sur les besoins financiers ;<\/em><\/li><li><em>Les dispositifs de financement actuels de la politique ;<\/em><\/li><li><em>Une analyse au niveau local des besoins, des financements mobilis\u00e9s et de leur ad\u00e9quation ;<\/em><\/li><li><em>Des recommandations de m\u00e9thode \u00e0 destination des intercommunalit\u00e9s.\u00a0\u00bb<\/em><\/li><\/ul>\n","protected":false},"excerpt":{"rendered":"<p>Le 13 septembre \u00ab\u00a0Intercommunalit\u00e9s de France\u00a0\u00bb a pass\u00e9 au peigne fin les co\u00fbts financiers des politiques de transition \u00e9cologique et \u00e9nerg\u00e9tique dans les collectivit\u00e9s et s&rsquo;est interrog\u00e9 sur l&rsquo;ad\u00e9quation des financements actuels. Cette publication s&rsquo;accompagne d&rsquo;analyses d&rsquo;experts, de retours d&rsquo;exp\u00e9rience et de recommandations concr\u00e8tes. \u00ab&nbsp;Quels sont les besoins financiers pour la transition \u00e9cologique et \u00e9nerg\u00e9tique, [&hellip;]<\/p>\n","protected":false},"author":1,"featured_media":0,"comment_status":"closed","ping_status":"open","sticky":false,"template":"","format":"standard","meta":{"twitterCardType":"","cardImageID":0,"cardImage":"","cardTitle":"","cardDesc":"","cardImageAlt":"","cardPlayer":"","cardPlayerWidth":0,"cardPlayerHeight":0,"cardPlayerStream":"","cardPlayerCodec":"","footnotes":""},"categories":[62,11],"tags":[153,235,138,380],"class_list":["post-20783","post","type-post","status-publish","format-standard","hentry","category-le-rouge-le-vert-hebdo","category-politique-locale","tag-ecologie","tag-energie","tag-finances","tag-transitions"],"_links":{"self":[{"href":"https:\/\/www.ades-grenoble.org\/wordpress\/wp-json\/wp\/v2\/posts\/20783","targetHints":{"allow":["GET"]}}],"collection":[{"href":"https:\/\/www.ades-grenoble.org\/wordpress\/wp-json\/wp\/v2\/posts"}],"about":[{"href":"https:\/\/www.ades-grenoble.org\/wordpress\/wp-json\/wp\/v2\/types\/post"}],"author":[{"embeddable":true,"href":"https:\/\/www.ades-grenoble.org\/wordpress\/wp-json\/wp\/v2\/users\/1"}],"replies":[{"embeddable":true,"href":"https:\/\/www.ades-grenoble.org\/wordpress\/wp-json\/wp\/v2\/comments?post=20783"}],"version-history":[{"count":1,"href":"https:\/\/www.ades-grenoble.org\/wordpress\/wp-json\/wp\/v2\/posts\/20783\/revisions"}],"predecessor-version":[{"id":20785,"href":"https:\/\/www.ades-grenoble.org\/wordpress\/wp-json\/wp\/v2\/posts\/20783\/revisions\/20785"}],"wp:attachment":[{"href":"https:\/\/www.ades-grenoble.org\/wordpress\/wp-json\/wp\/v2\/media?parent=20783"}],"wp:term":[{"taxonomy":"category","embeddable":true,"href":"https:\/\/www.ades-grenoble.org\/wordpress\/wp-json\/wp\/v2\/categories?post=20783"},{"taxonomy":"post_tag","embeddable":true,"href":"https:\/\/www.ades-grenoble.org\/wordpress\/wp-json\/wp\/v2\/tags?post=20783"}],"curies":[{"name":"wp","href":"https:\/\/api.w.org\/{rel}","templated":true}]}}