{"id":20793,"date":"2022-09-23T18:57:13","date_gmt":"2022-09-23T16:57:13","guid":{"rendered":"https:\/\/www.ades-grenoble.org\/wordpress\/?p=20793"},"modified":"2022-09-23T19:09:51","modified_gmt":"2022-09-23T17:09:51","slug":"grenoble-alpes-metropole-leau-en-partage","status":"publish","type":"post","link":"https:\/\/www.ades-grenoble.org\/wordpress\/2022\/09\/23\/grenoble-alpes-metropole-leau-en-partage\/","title":{"rendered":"Grenoble Alpes M\u00e9tropole : \u00ab L\u2019eau en partage \u00bb"},"content":{"rendered":"<div class=\"wp-block-image is-style-default\">\n<figure class=\"alignleft size-full\"><img loading=\"lazy\" decoding=\"async\" width=\"392\" height=\"556\" src=\"https:\/\/www.ades-grenoble.org\/wordpress\/wp-content\/uploads\/2022\/09\/EauEnPartage.jpg\" alt=\"\" class=\"wp-image-20794\" srcset=\"https:\/\/www.ades-grenoble.org\/wordpress\/wp-content\/uploads\/2022\/09\/EauEnPartage.jpg 392w, https:\/\/www.ades-grenoble.org\/wordpress\/wp-content\/uploads\/2022\/09\/EauEnPartage-212x300.jpg 212w, https:\/\/www.ades-grenoble.org\/wordpress\/wp-content\/uploads\/2022\/09\/EauEnPartage-106x150.jpg 106w\" sizes=\"auto, (max-width: 392px) 100vw, 392px\" \/><\/figure>\n<\/div>\n\n\n<p><em>L\u2019eau en partage<\/em> est le titre du nouvel ouvrage command\u00e9 par la m\u00e9tropole grenobloise \u00e0 B\u00e9atrice M\u00e9t\u00e9nier, auteure de plusieurs ouvrages sur l\u2019histoire et le patrimoine grenoblois, ainsi que sur l&rsquo;environnement.<\/p>\n\n\n\n<p>Un extrait de la pr\u00e9face par Anne Sophie Olmos, vice-pr\u00e9sidente charg\u00e9e du cycle de l\u2019eau et Christophe Ferrari pr\u00e9sident&nbsp;:<em>\u00ab&nbsp;Bien commun, l\u2019eau l\u2019est en ce qu\u2019elle est indispensable \u00e0 la vie et \u00e0 toute activit\u00e9, humaine agricole, industrielle. Si notre situation, au pied, des massifs alpins, nous permet de b\u00e9n\u00e9ficier d\u2019une eau d\u2019une puret\u00e9 exceptionnelle, la pr\u00e9servation de sa qualit\u00e9, son acheminement du captage \u00e0 nos robinet, comme la d\u00e9pollution des eaux us\u00e9es, sont bien le fruit d\u2019un service public de proximit\u00e9 et de la grande qualit\u00e9 d\u2019un travail engag\u00e9 par ses agentes et agents\u2026&nbsp;\u00bb<\/em><\/p>\n\n\n\n<p>C\u2019est un ouvrage de qualit\u00e9 avec une partie historique tr\u00e8s pr\u00e9cieuse, bien document\u00e9e et bien illustr\u00e9e.&nbsp;<\/p>\n\n\n\n<!--more-->\n\n\n\n<p>Nous avons seulement &nbsp;un petit pincement au c\u0153ur nous qui avons combattu &nbsp;pendant dix ans la corruption ayant atteint l\u2019image et le sens de service public de Grenoble en 1989&nbsp;: dans un chapitre intitul\u00e9 <em>\u00ab&nbsp;L\u2019eau, marchandise politique<\/em>&nbsp;\u00bb &nbsp;est retrac\u00e9e &nbsp;en seulement deux petites pages la bataille qu\u2019il a fallu mener pied \u00e0 pied , sans rel\u00e2che, mobilisant toutes les ressources en possession de simples citoyens pour reconstruire un service public en revenant \u00e0 une gestion 100% publique de l\u2019eau de Grenoble (R\u00e9gie des Eaux de Grenoble), et ce, \u00e0 un tarif mod\u00e9r\u00e9 &nbsp;pour les habitants malgr\u00e9 des investissements tr\u00e8s importants rattrapant les 10 ann\u00e9es de corruption pendant lesquelles l\u2019entretien du patrimoine public avait \u00e9t\u00e9 n\u00e9glig\u00e9.<\/p>\n\n\n\n<p>La quatri\u00e8me de couverture r\u00e9sume&nbsp;:<\/p>\n\n\n\n<p><em>L\u2019eau est indispensable \u00e0 toute forme de vie. C\u2019est vrai partout, et encore davantage dans la m\u00e9tropole grenobloise o\u00f9 la qualit\u00e9 de l&rsquo;eau potable est exceptionnelle. Un tr\u00e9sor, un&nbsp;bien&nbsp;commun \u00e0 partager \u00e0 tous les \u00e9tages de la ville et du vivant.<\/em><\/p>\n\n\n\n<p><em>Cours d\u2019eau, eaux pluviales, eaux us\u00e9es, loisirs aquatiques, v\u00e9g\u00e9talisation urbaine, agriculture, recherche, industrie, r\u00e9chauffement climatique\u2026 les probl\u00e9matiques de l\u2019eau concernent chaque citoyen. Mais o\u00f9 na\u00eet-elle ? Comment arrive-t-elle au robinet ? Comment est-elle nettoy\u00e9e avant de retourner \u00e0 la mer ? Est-elle raisonnablement partag\u00e9e entre les milieux naturels, les territoires et les activit\u00e9s humaines ? Comment s\u2019exerce la solidarit\u00e9 entre les communes ?<\/em><em> <\/em><em>Porteuse de danger lorsqu\u2019elle d\u00e9borde des rivi\u00e8res, l\u2019eau est devenue force de progr\u00e8s en \u00e9tant domestiqu\u00e9e. Elle a ainsi \u00e9crit une large part de l\u2019histoire et du d\u00e9veloppement de la capitale alpine. Une \u00e9pop\u00e9e qui se poursuit aujourd\u2019hui, alors que la pr\u00e9servation de cette ressource inestimable est l\u2019affaire de tous.<\/em><em> <\/em><em>En mots et en images, ce livre porte un regard neuf sur notre bien commun.<\/em><em><\/em><\/p>\n\n\n\n<p><em>Edition Gl\u00e9nat, prix 25 \u20ac<\/em><\/p>\n","protected":false},"excerpt":{"rendered":"<p>L\u2019eau en partage est le titre du nouvel ouvrage command\u00e9 par la m\u00e9tropole grenobloise \u00e0 B\u00e9atrice M\u00e9t\u00e9nier, auteure de plusieurs ouvrages sur l\u2019histoire et le patrimoine grenoblois, ainsi que sur l&rsquo;environnement. Un extrait de la pr\u00e9face par Anne Sophie Olmos, vice-pr\u00e9sidente charg\u00e9e du cycle de l\u2019eau et Christophe Ferrari pr\u00e9sident&nbsp;:\u00ab&nbsp;Bien commun, l\u2019eau l\u2019est en ce [&hellip;]<\/p>\n","protected":false},"author":1,"featured_media":0,"comment_status":"closed","ping_status":"open","sticky":false,"template":"","format":"standard","meta":{"twitterCardType":"","cardImageID":0,"cardImage":"","cardTitle":"","cardDesc":"","cardImageAlt":"","cardPlayer":"","cardPlayerWidth":0,"cardPlayerHeight":0,"cardPlayerStream":"","cardPlayerCodec":"","footnotes":""},"categories":[62,11],"tags":[232,215,353,280],"class_list":["post-20793","post","type-post","status-publish","format-standard","hentry","category-le-rouge-le-vert-hebdo","category-politique-locale","tag-eau","tag-grenoble","tag-lecture","tag-metropole"],"_links":{"self":[{"href":"https:\/\/www.ades-grenoble.org\/wordpress\/wp-json\/wp\/v2\/posts\/20793","targetHints":{"allow":["GET"]}}],"collection":[{"href":"https:\/\/www.ades-grenoble.org\/wordpress\/wp-json\/wp\/v2\/posts"}],"about":[{"href":"https:\/\/www.ades-grenoble.org\/wordpress\/wp-json\/wp\/v2\/types\/post"}],"author":[{"embeddable":true,"href":"https:\/\/www.ades-grenoble.org\/wordpress\/wp-json\/wp\/v2\/users\/1"}],"replies":[{"embeddable":true,"href":"https:\/\/www.ades-grenoble.org\/wordpress\/wp-json\/wp\/v2\/comments?post=20793"}],"version-history":[{"count":1,"href":"https:\/\/www.ades-grenoble.org\/wordpress\/wp-json\/wp\/v2\/posts\/20793\/revisions"}],"predecessor-version":[{"id":20795,"href":"https:\/\/www.ades-grenoble.org\/wordpress\/wp-json\/wp\/v2\/posts\/20793\/revisions\/20795"}],"wp:attachment":[{"href":"https:\/\/www.ades-grenoble.org\/wordpress\/wp-json\/wp\/v2\/media?parent=20793"}],"wp:term":[{"taxonomy":"category","embeddable":true,"href":"https:\/\/www.ades-grenoble.org\/wordpress\/wp-json\/wp\/v2\/categories?post=20793"},{"taxonomy":"post_tag","embeddable":true,"href":"https:\/\/www.ades-grenoble.org\/wordpress\/wp-json\/wp\/v2\/tags?post=20793"}],"curies":[{"name":"wp","href":"https:\/\/api.w.org\/{rel}","templated":true}]}}