{"id":20805,"date":"2022-09-30T11:40:27","date_gmt":"2022-09-30T09:40:27","guid":{"rendered":"https:\/\/www.ades-grenoble.org\/wordpress\/?p=20805"},"modified":"2022-09-30T15:32:01","modified_gmt":"2022-09-30T13:32:01","slug":"diverses-actualites-93","status":"publish","type":"post","link":"https:\/\/www.ades-grenoble.org\/wordpress\/2022\/09\/30\/diverses-actualites-93\/","title":{"rendered":"Diverses actualit\u00e9s"},"content":{"rendered":"<div class=\"wp-block-image is-style-default\">\n<figure class=\"alignleft size-full\"><img loading=\"lazy\" decoding=\"async\" width=\"400\" height=\"222\" src=\"https:\/\/www.ades-grenoble.org\/wordpress\/wp-content\/uploads\/2020\/11\/crieur.jpg\" alt=\"\" class=\"wp-image-18106\" srcset=\"https:\/\/www.ades-grenoble.org\/wordpress\/wp-content\/uploads\/2020\/11\/crieur.jpg 400w, https:\/\/www.ades-grenoble.org\/wordpress\/wp-content\/uploads\/2020\/11\/crieur-150x83.jpg 150w, https:\/\/www.ades-grenoble.org\/wordpress\/wp-content\/uploads\/2020\/11\/crieur-300x167.jpg 300w\" sizes=\"auto, (max-width: 400px) 100vw, 400px\" \/><\/figure>\n<\/div>\n\n\n<p><strong><a href=\"https:\/\/www.grenoblealpesmetropole.fr\/13-les-missions-de-la-metropole.htm\">Rapport d\u2019activit\u00e9 de la M\u00e9tro 2021<\/a>. <\/strong>Grenoble Alpes M\u00e9tropole assure de nombreuses missions de service public : de l&rsquo;am\u00e9nagement du territoire \u00e0 la gestion des services d&rsquo;int\u00e9r\u00eats collectifs (eau, d\u00e9chets&#8230;), en passant par l&rsquo;habitat, le d\u00e9veloppement \u00e9conomique, la protection de l&rsquo;environnement, le cadre de vie&#8230;<\/p>\n\n\n\n<hr class=\"wp-block-separator has-alpha-channel-opacity\"\/>\n\n\n\n<p><strong><a rel=\"noreferrer noopener\" href=\"https:\/\/www.grenoble.fr\/uploads\/Externe\/fe\/1508_599_DP-Aires-de-jeux.pdf\" target=\"_blank\">Des aires de jeux nouvelles et r\u00e9nov\u00e9es dans toute la ville de Grenoble<\/a>. <\/strong>Pendant cette ann\u00e9e 2022, la Ville a construit et r\u00e9nov\u00e9 de nombreuses aires de jeux pour enfants. Au total, 212 aires de jeux et 803 jeux pour enfants sont g\u00e9r\u00e9s par la Ville, avec une attention particuli\u00e8re pour la qualit\u00e9 et la durabilit\u00e9 des mat\u00e9riaux utilis\u00e9s. La Ville veut proposer des jeux plus adapt\u00e9s et inclusifs. Les aires de jeux sont surveill\u00e9es de pr\u00e8s, elles sont contr\u00f4l\u00e9es chaque trimestre en interne, et chaque ann\u00e9e par un contr\u00f4leur externe.<\/p>\n\n\n\n<hr class=\"wp-block-separator has-alpha-channel-opacity\"\/>\n\n\n\n<p><strong>L\u2019\u00e9tat de sant\u00e9 de la population en France \u00e0 l\u2019aune des in\u00e9galit\u00e9s sociales. <\/strong><a href=\"https:\/\/drees.solidarites-sante.gouv.fr\/publications-communique-de-presse\/les-dossiers-de-la-drees\/letat-de-sante-de-la-population-en\" target=\"_blank\" rel=\"noreferrer noopener\">Un rapport de la Drees <\/a>d\u00e9nonce de fortes in\u00e9galit\u00e9s sociales dans l&rsquo;acc\u00e8s aux soins. D\u00e8s le plus jeune \u00e2ge, les disparit\u00e9s sont marqu\u00e9es entre les enfants selon la cat\u00e9gorie socio-professionnelle de leurs parents\u00a0: deux fois plus d\u2019enfants d\u2019ouvriers que d\u2019enfants de cadres se retrouvent en surpoids en grande section de maternelle. Pr\u00e9valence de maladies chroniques, risque de renoncement aux soins, r\u00e9alisation de tests de d\u00e9pistage&#8230; Les in\u00e9galit\u00e9s sociales se ressentent au sein du syst\u00e8me de sant\u00e9.<\/p>\n\n\n\n<hr class=\"wp-block-separator has-alpha-channel-opacity\"\/>\n\n\n\n<p><strong>Plan d\u2019urgence sobri\u00e9t\u00e9\u00a0: 10 actions pour aider les collectivit\u00e9s. <\/strong>L&rsquo;association Amorce et l&rsquo;Association des Maires de France et Intercommunalit\u00e9s de France ont publi\u00e9 <a href=\"https:\/\/www.amf.asso.fr\/m\/document\/fichier.php?FTP=fe092d30e729028f2ffcd390675635b7.pdf&amp;id=41373\" target=\"_blank\" rel=\"noreferrer noopener\">un guide \u00e0 l&rsquo;usage des \u00e9lus proposant \u00ab\u00a0dix actions pour aider les collectivit\u00e9s \u00e0 passer l&rsquo;hiver\u00a0\u00bb<\/a>. Il s&rsquo;agit d&rsquo;actions qui peuvent \u00eatre mises en \u0153uvre tout de suite pour faire baisser la facture d&rsquo;\u00e9nergie.\u00a0Chacune d\u2019entre elle est illustr\u00e9e par des\u00a0retours d\u2019exp\u00e9rience\u00a0de collectivit\u00e9s qui les ont appliqu\u00e9es, et not\u00e9e d\u2019une \u00e0 trois \u00e9toiles en fonction de son impact sur les factures \u00e9nerg\u00e9tiques.<\/p>\n\n\n\n<!--more-->\n\n\n\n<hr class=\"wp-block-separator has-alpha-channel-opacity\"\/>\n\n\n\n<p><strong>L\u2019Agence nationale du sport et la nouvelle gouvernance du sport, des d\u00e9fis qui restent \u00e0 relever. <\/strong>C\u2019est le titre du <a rel=\"noreferrer noopener\" href=\"https:\/\/medias.amf.asso.fr\/upload\/files\/20220921-agence-nationale-sport-nouvelle-gouvernance-sport.pdf\" target=\"_blank\">rapport de la Cour des comptes<\/a> qui fait le bilan de la politique men\u00e9e par l&rsquo;Agence nationale du sport (ANS) jusqu&rsquo;ici. Il examine les choix politiques, juridiques et financiers qui ont pr\u00e9sid\u00e9 \u00e0 la cr\u00e9ation de l\u2019Agence, ainsi que les conditions de sa mise en place, et livre une s\u00e9rie de recommandations pour permettre \u00e0 cette ambitieuse r\u00e9forme d\u2019atteindre ses objectifs.<em> <\/em>R\u00e9sultat\u00a0: beaucoup de points peuvent \u00eatre am\u00e9lior\u00e9s, notamment certains qui concernent l&rsquo;implication des collectivit\u00e9s territoriales dans la gouvernance territoriale du sport.<\/p>\n\n\n\n<hr class=\"wp-block-separator has-alpha-channel-opacity\"\/>\n\n\n\n<p><strong>D\u00e9linquance des mineurs : la R\u00e9publique en qu\u00eate de respect<\/strong>. C\u2019est <a rel=\"noreferrer noopener\" href=\"https:\/\/www.senat.fr\/rap\/r01-340-1\/r01-340-12.html#toc4\" target=\"_blank\">un rapport s\u00e9natorial consacr\u00e9 \u00e0 la pr\u00e9vention de la d\u00e9linquance des mineurs<\/a>. Il d\u00e9plore la m\u00e9connaissance persistante du ph\u00e9nom\u00e8ne, ce qui rend d\u2019autant plus difficile la construction d\u2019une politique publique efficace qui souffre toujours d\u2019un manque d\u2019\u00e9valuation. Les rapporteurs sont convaincus de la forte corr\u00e9lation du ph\u00e9nom\u00e8ne avec l\u2019\u00e9chec scolaire, et proposent de concentrer les efforts dans ce domaine.<\/p>\n\n\n\n<hr class=\"wp-block-separator has-alpha-channel-opacity\"\/>\n\n\n\n<p><strong>Apr\u00e8s les renouvelables, le gouvernement d\u00e9voile son projet de loi d&rsquo;acc\u00e9l\u00e9ration du nucl\u00e9aire.<\/strong> Au lendemain de la pr\u00e9sentation en conseil des ministres du projet de loi relatif \u00e0 l&rsquo;acc\u00e9l\u00e9ration de la production d&rsquo;\u00e9nergies renouvelables, le gouvernement a d\u00e9voil\u00e9 <a rel=\"noreferrer noopener\" href=\"https:\/\/www.banquedesterritoires.fr\/apres-les-renouvelables-le-gouvernement-devoile-son-projet-de-loi-dacceleration-du-nucleaire?pk_campaign=newsletter_quotidienne&amp;pk_kwd=2022-09-27&amp;pk_source=Actualit%8Es_Localtis&amp;pk_medium=newsletter_quotidienne\" target=\"_blank\">un deuxi\u00e8me texte visant \u00e0 lancer au plus vite de nouveaux r\u00e9acteurs nucl\u00e9aires<\/a>, au grand dam des partisans de la concertation.<\/p>\n\n\n\n<hr class=\"wp-block-separator has-alpha-channel-opacity\"\/>\n\n\n\n<p><strong>Gestion des d\u00e9chets m\u00e9nagers : une ambition \u00e0 concr\u00e9tiser. <\/strong>La crise sanitaire a rappel\u00e9 combien la gestion des d\u00e9chets, et en particulier, le service public de gestion des d\u00e9chets (SPGD), constitue un service essentiel, assur\u00e9 par les communes ou leurs groupements.\u00a0<a rel=\"noreferrer noopener\" href=\"https:\/\/www.ccomptes.fr\/system\/files\/2022-09\/20220928-rapport-Prevention-collecte-traitement-dechets-menagers.pdf\" target=\"_blank\">Un nouveau rapport de la Cour des comptes sur la pr\u00e9vention, la collecte et le traitement des d\u00e9chets m\u00e9nagers<\/a> explique que le pilotage de cette politique reste insuffisant pour atteindre les objectifs de r\u00e9duction du volume d&rsquo;ordures m\u00e9nag\u00e8res. De la pr\u00e9vention au traitement, la transformation du dispositif op\u00e9rationnel doit \u00eatre acc\u00e9l\u00e9r\u00e9e pour aller vers l&rsquo;\u00e9conomie circulaire.<\/p>\n","protected":false},"excerpt":{"rendered":"<p>Rapport d\u2019activit\u00e9 de la M\u00e9tro 2021. Grenoble Alpes M\u00e9tropole assure de nombreuses missions de service public : de l&rsquo;am\u00e9nagement du territoire \u00e0 la gestion des services d&rsquo;int\u00e9r\u00eats collectifs (eau, d\u00e9chets&#8230;), en passant par l&rsquo;habitat, le d\u00e9veloppement \u00e9conomique, la protection de l&rsquo;environnement, le cadre de vie&#8230; Des aires de jeux nouvelles et r\u00e9nov\u00e9es dans toute la [&hellip;]<\/p>\n","protected":false},"author":1,"featured_media":0,"comment_status":"closed","ping_status":"open","sticky":false,"template":"","format":"standard","meta":{"twitterCardType":"","cardImageID":0,"cardImage":"","cardTitle":"","cardDesc":"","cardImageAlt":"","cardPlayer":"","cardPlayerWidth":0,"cardPlayerHeight":0,"cardPlayerStream":"","cardPlayerCodec":"","footnotes":""},"categories":[62,11],"tags":[215,200,280,99,33],"class_list":["post-20805","post","type-post","status-publish","format-standard","hentry","category-le-rouge-le-vert-hebdo","category-politique-locale","tag-grenoble","tag-jeunesse","tag-metropole","tag-sante","tag-social"],"_links":{"self":[{"href":"https:\/\/www.ades-grenoble.org\/wordpress\/wp-json\/wp\/v2\/posts\/20805","targetHints":{"allow":["GET"]}}],"collection":[{"href":"https:\/\/www.ades-grenoble.org\/wordpress\/wp-json\/wp\/v2\/posts"}],"about":[{"href":"https:\/\/www.ades-grenoble.org\/wordpress\/wp-json\/wp\/v2\/types\/post"}],"author":[{"embeddable":true,"href":"https:\/\/www.ades-grenoble.org\/wordpress\/wp-json\/wp\/v2\/users\/1"}],"replies":[{"embeddable":true,"href":"https:\/\/www.ades-grenoble.org\/wordpress\/wp-json\/wp\/v2\/comments?post=20805"}],"version-history":[{"count":1,"href":"https:\/\/www.ades-grenoble.org\/wordpress\/wp-json\/wp\/v2\/posts\/20805\/revisions"}],"predecessor-version":[{"id":20806,"href":"https:\/\/www.ades-grenoble.org\/wordpress\/wp-json\/wp\/v2\/posts\/20805\/revisions\/20806"}],"wp:attachment":[{"href":"https:\/\/www.ades-grenoble.org\/wordpress\/wp-json\/wp\/v2\/media?parent=20805"}],"wp:term":[{"taxonomy":"category","embeddable":true,"href":"https:\/\/www.ades-grenoble.org\/wordpress\/wp-json\/wp\/v2\/categories?post=20805"},{"taxonomy":"post_tag","embeddable":true,"href":"https:\/\/www.ades-grenoble.org\/wordpress\/wp-json\/wp\/v2\/tags?post=20805"}],"curies":[{"name":"wp","href":"https:\/\/api.w.org\/{rel}","templated":true}]}}