{"id":20836,"date":"2022-10-07T11:28:29","date_gmt":"2022-10-07T09:28:29","guid":{"rendered":"https:\/\/www.ades-grenoble.org\/wordpress\/?p=20836"},"modified":"2022-10-07T12:10:28","modified_gmt":"2022-10-07T10:10:28","slug":"diverses-actualites-94","status":"publish","type":"post","link":"https:\/\/www.ades-grenoble.org\/wordpress\/2022\/10\/07\/diverses-actualites-94\/","title":{"rendered":"Diverses actualit\u00e9s"},"content":{"rendered":"<div class=\"wp-block-image is-style-default\">\n<figure class=\"alignleft size-full\"><img loading=\"lazy\" decoding=\"async\" width=\"400\" height=\"222\" src=\"https:\/\/www.ades-grenoble.org\/wordpress\/wp-content\/uploads\/2020\/11\/crieur.jpg\" alt=\"\" class=\"wp-image-18106\" srcset=\"https:\/\/www.ades-grenoble.org\/wordpress\/wp-content\/uploads\/2020\/11\/crieur.jpg 400w, https:\/\/www.ades-grenoble.org\/wordpress\/wp-content\/uploads\/2020\/11\/crieur-150x83.jpg 150w, https:\/\/www.ades-grenoble.org\/wordpress\/wp-content\/uploads\/2020\/11\/crieur-300x167.jpg 300w\" sizes=\"auto, (max-width: 400px) 100vw, 400px\" \/><\/figure>\n<\/div>\n\n\n<p><strong>A l\u2019occasion de la Coupe du Monde de football, au Qatar, la Ville de Grenoble ne diffusera aucun match de la comp\u00e9tition sur grand \u00e9cran.<\/strong> Grenoble, ville olympique, s\u2019engage depuis plusieurs ann\u00e9es pour proposer, concr\u00e8tement, une pratique du sport qui s\u2019inscrive dans le d\u00e9fi climatique et l\u2019enjeu de justice sociale. Les pol\u00e9miques se multiplient autour d\u2019\u00e9v\u00e9nements sportifs hors-sol, d\u00e9connect\u00e9s des enjeux actuels et miroir d\u2019une part de la soci\u00e9t\u00e9 qui n\u2019arrive pas \u00e0 s\u2019engager dans les transitions. Elle continuera \u00e0 proposer des temps collectifs et partag\u00e9s autour du sport, de la culture et de l\u2019ensemble des animations propos\u00e9es tout au long de l\u2019ann\u00e9e.<\/p>\n\n\n\n<hr class=\"wp-block-separator has-alpha-channel-opacity\"\/>\n\n\n\n<p><strong><a rel=\"noreferrer noopener\" href=\"https:\/\/www.conseil-constitutionnel.fr\/rapport-activite-2022-numerique\/\" target=\"_blank\">Rapport d\u2019activit\u00e9 du Conseil Constitutionnel<\/a><\/strong>. Il d\u00e9taille les faits marquants de l\u2019activit\u00e9 du Conseil constitutionnel en 2022\u00a0: le contr\u00f4le de la r\u00e9gularit\u00e9 de l\u2019\u00e9lection pr\u00e9sidentielle, la r\u00e9ception de la 1000<sup>\u00e8me<\/sup>\u00a0QPC, ce qui confirme le succ\u00e8s de cette proc\u00e9dure, un peu plus de 10 ans seulement apr\u00e8s son entr\u00e9e en vigueur.<\/p>\n\n\n\n<hr class=\"wp-block-separator has-alpha-channel-opacity\"\/>\n\n\n\n<p><strong>D\u00e9cret du 3 octobre 2022 relatif aux proc\u00e9dures de recueil et de traitement des signalements \u00e9mis par les lanceurs d&rsquo;alerte.<\/strong> Il fixe la liste des autorit\u00e9s institu\u00e9es par la loi n\u00b0 2022-401 du 21 mars 2022 visant \u00e0 am\u00e9liorer la protection des lanceurs d\u2019alerte, il revient aux employeurs de le mettre en \u0153uvre. <a href=\"https:\/\/blog.landot-avocats.net\/2022\/10\/04\/lanceurs-dalerte-le-decret-est-publie-aux-employeurs-y-compris-publics-et-ou-aux-centres-de-gestion-de-le-mettre-en-oeuvre\/\">Une analyse d\u00e9taill\u00e9e a \u00e9t\u00e9 r\u00e9alis\u00e9e par un cabinet d\u2019avocats<\/a>.<\/p>\n\n\n\n<!--more-->\n\n\n\n<hr class=\"wp-block-separator has-alpha-channel-opacity\"\/>\n\n\n\n<p><strong><a rel=\"noreferrer noopener\" href=\"https:\/\/www.taxobservatory.eu\/publication\/a-modern-excess-profit-tax\/\" target=\"_blank\">Un imp\u00f4t moderne sur les b\u00e9n\u00e9fices exc\u00e9dentaires<\/a>. <\/strong>Des chercheurs proposent de taxer la hausse de la capitalisation boursi\u00e8re des entreprises qui b\u00e9n\u00e9ficient de circonstances extraordinaires, comme les entreprises \u00e9nerg\u00e9tiques suite \u00e0 l\u2019invasion de l\u2019Ukraine en f\u00e9vrier 2022. Ceci rend l\u2019imp\u00f4t beaucoup plus difficile \u00e0 \u00e9viter que les imp\u00f4ts sur les b\u00e9n\u00e9fices exc\u00e9dentaires standards et permet de capturer les loyers quel que soit l\u2019endroit o\u00f9 les multinationales enregistrent leurs b\u00e9n\u00e9fices. Ils estiment que l\u2019imposition des gains de valorisation de janvier 2022 \u00e0 septembre 2022 des entreprises \u00e9nerg\u00e9tiques \u00e0 un taux de 33 % g\u00e9n\u00e9rerait environ 80 milliards d\u2019euros de revenus (0,4 % du PIB) pour l\u2019Union europ\u00e9enne.<\/p>\n\n\n\n<hr class=\"wp-block-separator has-alpha-channel-opacity\"\/>\n\n\n\n<p><strong>Faut-il en finir avec\u2026 la d\u00e9mocratie participative ? <\/strong>Sans remettre en cause le bienfond\u00e9 des d\u00e9marches de participation citoyenne, <a rel=\"noreferrer noopener\" href=\"https:\/\/www.mediacites.fr\/forum\/national\/2022\/09\/05\/faut-il-en-finir-avec-la-democratie-participative\/\" target=\"_blank\">deux consultants s\u2019interrogent ouvertement<\/a> sur les effets pervers des nombreuses initiatives prises \u00e0 l\u2019\u00e9chelle locale, comme nationale. Un exercice d&rsquo;introspection utile pour engager le d\u00e9bat sur la transformation en profondeur des institutions et questionner le respect de la promesse d\u00e9mocratique.<\/p>\n\n\n\n<hr class=\"wp-block-separator has-alpha-channel-opacity\"\/>\n\n\n\n<p><strong>Une instruction aux pr\u00e9fets, relative \u00e0 l\u2019acc\u00e9l\u00e9ration du d\u00e9veloppement des projets d\u2019\u00e9nergies renouvelables. <\/strong>Le gouvernement vient de rendre publique <a href=\"https:\/\/www.legifrance.gouv.fr\/download\/pdf\/circ?id=45369\" target=\"_blank\" rel=\"noreferrer noopener\">une instruction aux pr\u00e9fets sign\u00e9e le 16 septembre<\/a>, qui traite \u00e0 la fois des perspectives de d\u00e9lestage, l&rsquo;hiver prochain, et de l&rsquo;implantation des installations d&rsquo;\u00e9nergies renouvelables. Avant m\u00eame le d\u00e9bat sur le projet de loi concernant les \u00e9nergies renouvelables, il est demand\u00e9 aux pr\u00e9fets de presser le pas et d&rsquo;imposer leurs vues aux collectivit\u00e9s locales.<\/p>\n\n\n\n<hr class=\"wp-block-separator has-alpha-channel-opacity\"\/>\n\n\n\n<p><strong>\u00c0 la recherche de l\u2019\u00c9tat dans les territoires. <\/strong>C\u2019est le titre d\u2019<a rel=\"noreferrer noopener\" href=\"https:\/\/www.senat.fr\/rap\/r21-909\/r21-909-syn.pdf\" target=\"_blank\">un rapport d\u2019information du S\u00e9nat<\/a> qui propose de repenser l\u2019\u00c9tat territorial, autours de quelques grands principes : la subsidiarit\u00e9, la diff\u00e9renciation territoriale, la contractualisation, une meilleure repr\u00e9sentation des \u00e9lus locaux dans la gouvernance des op\u00e9rateurs de l\u2019\u00c9tat\u2026 Des voies existent pour fluidifier et rendre plus efficace la relation entre un \u00c9tat recentr\u00e9 sur ses missions r\u00e9galiennes et des collectivit\u00e9s territoriales librement administr\u00e9es.<\/p>\n\n\n\n<hr class=\"wp-block-separator has-alpha-channel-opacity\"\/>\n\n\n\n<p><strong>6\u00e8me num\u00e9ro de Localtis Mag, le magazine \u00e9v\u00e8nement de la Banque des Territoires<\/strong><a rel=\"noreferrer noopener\" href=\"https:\/\/www.banquedesterritoires.fr\/sites\/default\/files\/2022-09\/LOCALTIS-MAG_n6_Septembre_2022.pdf?pk_campaign=CMP_LOCALTISMAG_OCT_2022&amp;pk_kwd=loclatis_mag_PDT&amp;pk_source=Marketing_digital&amp;pk_medium=Email&amp;pk_content=octobre_2022_Localtis_Mag_6&amp;pk_cid=DIF_LOCALTISMAG_OCT_2022\" target=\"_blank\"><strong>. <\/strong>Ce nouveau num\u00e9ro<\/a> \u00e9tudie les sujets d\u2019avenir qui permettront de pr\u00e9parer la France de 2030. Des articles de prospective trait\u00e9s \u00e0 travers quatre enjeux majeurs : l\u2019habitat, la revitalisation des territoires, la r\u00e9industrialisation et la transition \u00e9cologique et \u00e9nerg\u00e9tique.<\/p>\n\n\n\n<hr class=\"wp-block-separator has-alpha-channel-opacity\"\/>\n\n\n\n<p><strong>Motions de la FNCCR pour une gestion de l&rsquo;eau durable. <\/strong>Lors de son congr\u00e8s la F\u00e9d\u00e9ration nationale des collectivit\u00e9s conc\u00e9dantes et r\u00e9gies a tenu son congr\u00e8s annuel, \u00a0elle a adopt\u00e9 <a rel=\"noreferrer noopener\" href=\"https:\/\/www.fnccr.asso.fr\/article\/motions-pour-une-une-gestion-de-leau-durable\/\" target=\"_blank\">trois motions\u00a0<\/a>: pour une politique ambitieuse de gestion et de pr\u00e9servation des ressources en eau destin\u00e9e \u00e0 la consommation humaine\u00a0; pour faciliter la contribution des collectivit\u00e9s en charge de l\u2019eau \u00e0 la transition \u00e9nerg\u00e9tique et l\u2019adaptation des territoires au changement climatique\u00a0; et une motion relative au financement durable et social des services d\u2019eau et d\u2019assainissement.<\/p>\n","protected":false},"excerpt":{"rendered":"<p>A l\u2019occasion de la Coupe du Monde de football, au Qatar, la Ville de Grenoble ne diffusera aucun match de la comp\u00e9tition sur grand \u00e9cran. Grenoble, ville olympique, s\u2019engage depuis plusieurs ann\u00e9es pour proposer, concr\u00e8tement, une pratique du sport qui s\u2019inscrive dans le d\u00e9fi climatique et l\u2019enjeu de justice sociale. Les pol\u00e9miques se multiplient autour [&hellip;]<\/p>\n","protected":false},"author":1,"featured_media":0,"comment_status":"closed","ping_status":"open","sticky":false,"template":"","format":"standard","meta":{"twitterCardType":"","cardImageID":0,"cardImage":"","cardTitle":"","cardDesc":"","cardImageAlt":"","cardPlayer":"","cardPlayerWidth":0,"cardPlayerHeight":0,"cardPlayerStream":"","cardPlayerCodec":"","footnotes":""},"categories":[62,11],"tags":[372,278,271,132],"class_list":["post-20836","post","type-post","status-publish","format-standard","hentry","category-le-rouge-le-vert-hebdo","category-politique-locale","tag-alerte","tag-droits-humains","tag-spectacles","tag-sport"],"_links":{"self":[{"href":"https:\/\/www.ades-grenoble.org\/wordpress\/wp-json\/wp\/v2\/posts\/20836","targetHints":{"allow":["GET"]}}],"collection":[{"href":"https:\/\/www.ades-grenoble.org\/wordpress\/wp-json\/wp\/v2\/posts"}],"about":[{"href":"https:\/\/www.ades-grenoble.org\/wordpress\/wp-json\/wp\/v2\/types\/post"}],"author":[{"embeddable":true,"href":"https:\/\/www.ades-grenoble.org\/wordpress\/wp-json\/wp\/v2\/users\/1"}],"replies":[{"embeddable":true,"href":"https:\/\/www.ades-grenoble.org\/wordpress\/wp-json\/wp\/v2\/comments?post=20836"}],"version-history":[{"count":1,"href":"https:\/\/www.ades-grenoble.org\/wordpress\/wp-json\/wp\/v2\/posts\/20836\/revisions"}],"predecessor-version":[{"id":20837,"href":"https:\/\/www.ades-grenoble.org\/wordpress\/wp-json\/wp\/v2\/posts\/20836\/revisions\/20837"}],"wp:attachment":[{"href":"https:\/\/www.ades-grenoble.org\/wordpress\/wp-json\/wp\/v2\/media?parent=20836"}],"wp:term":[{"taxonomy":"category","embeddable":true,"href":"https:\/\/www.ades-grenoble.org\/wordpress\/wp-json\/wp\/v2\/categories?post=20836"},{"taxonomy":"post_tag","embeddable":true,"href":"https:\/\/www.ades-grenoble.org\/wordpress\/wp-json\/wp\/v2\/tags?post=20836"}],"curies":[{"name":"wp","href":"https:\/\/api.w.org\/{rel}","templated":true}]}}