{"id":20854,"date":"2022-10-07T12:10:17","date_gmt":"2022-10-07T10:10:17","guid":{"rendered":"https:\/\/www.ades-grenoble.org\/wordpress\/?p=20854"},"modified":"2022-10-07T12:11:13","modified_gmt":"2022-10-07T10:11:13","slug":"enquete-judiciaire-sur-la-voiture-de-service-du-president-de-la-metropole","status":"publish","type":"post","link":"https:\/\/www.ades-grenoble.org\/wordpress\/2022\/10\/07\/enquete-judiciaire-sur-la-voiture-de-service-du-president-de-la-metropole\/","title":{"rendered":"Enqu\u00eate judiciaire sur la voiture de service du pr\u00e9sident de la m\u00e9tropole"},"content":{"rendered":"<div class=\"wp-block-image is-style-rounded\">\n<figure class=\"alignleft size-full\"><img loading=\"lazy\" decoding=\"async\" width=\"400\" height=\"259\" src=\"https:\/\/www.ades-grenoble.org\/wordpress\/wp-content\/uploads\/2017\/08\/palais-de-justice-de-grenoble.jpg\" alt=\"\" class=\"wp-image-13239\" srcset=\"https:\/\/www.ades-grenoble.org\/wordpress\/wp-content\/uploads\/2017\/08\/palais-de-justice-de-grenoble.jpg 400w, https:\/\/www.ades-grenoble.org\/wordpress\/wp-content\/uploads\/2017\/08\/palais-de-justice-de-grenoble-150x97.jpg 150w, https:\/\/www.ades-grenoble.org\/wordpress\/wp-content\/uploads\/2017\/08\/palais-de-justice-de-grenoble-300x194.jpg 300w\" sizes=\"auto, (max-width: 400px) 100vw, 400px\" \/><\/figure>\n<\/div>\n\n\n<p>Conform\u00e9ment \u00e0 un principe pos\u00e9 par la loi et r\u00e9guli\u00e8rement rappel\u00e9 par le Conseil d\u2019\u00c9tat, les fonctions d\u2019\u00e9lu local, sont gratuites. Toute d\u00e9rogation apport\u00e9e \u00e0 ce principe, qu\u2019il s\u2019agisse d\u2019indemnit\u00e9s ou d\u2019avantages en nature, doit d\u00e8s lors \u00eatre pr\u00e9vue par un texte expr\u00e8s<\/p>\n\n\n\n<p>La loi permet \u00e0 l\u2019assembl\u00e9e d\u00e9lib\u00e9rante d\u2019autoriser par d\u00e9lib\u00e9ration de mettre un v\u00e9hicule \u00e0 disposition du maire, des membres du conseil municipal ou des agents de la commune (article L.2123-18-1-1 du CGCT) ainsi que du pr\u00e9sident de la m\u00e9tropole, des membres du conseil m\u00e9tropolitain ou des agents de la m\u00e9tropole (article L.5211-13-1), lorsque l\u2019exercice de leurs mandats le justifie.<\/p>\n\n\n\n<p>Il s\u2019agit uniquement d\u2019un v\u00e9hicule de service et non de fonction. Un v\u00e9hicule de service ne peut \u00eatre utilis\u00e9 que pour des trajets directement n\u00e9cessaires pour l\u2019activit\u00e9 de la collectivit\u00e9, et en aucun cas pour des d\u00e9placements priv\u00e9s.<\/p>\n\n\n\n<p>Les conditions pour utiliser un tel v\u00e9hicule sont encadr\u00e9es par la loi&nbsp;:<\/p>\n\n\n\n<!--more-->\n\n\n\n<p>L.5211-13-1 du CGCT&nbsp;: <em>\u00ab&nbsp;Selon des conditions fix\u00e9es par une d\u00e9lib\u00e9ration annuelle, l&rsquo;organe d\u00e9lib\u00e9rant de l&rsquo;\u00e9tablissement public de coop\u00e9ration intercommunale peut mettre un v\u00e9hicule \u00e0 disposition de ses membres ou des agents de l&rsquo;\u00e9tablissement public lorsque l&rsquo;exercice de leurs mandats ou de leurs fonctions le justifie.<\/em><\/p>\n\n\n\n<p><em>Tout autre avantage en nature fait l&rsquo;objet d&rsquo;une d\u00e9lib\u00e9ration nominative, qui en pr\u00e9cise les modalit\u00e9s d&rsquo;usage.&nbsp;\u00bb<\/em><\/p>\n\n\n\n<p>Il est reproch\u00e9 au pr\u00e9sident de la m\u00e9tropole d\u2019utiliser depuis longtemps un v\u00e9hicule de la M\u00e9tro et un chauffeur sans que le conseil de m\u00e9tropole en ait d\u00e9battu et l\u2019ait autoris\u00e9 par d\u00e9lib\u00e9ration.<\/p>\n\n\n\n<p>D\u2019autre part, le pr\u00e9sident de la m\u00e9tropole, a la possibilit\u00e9 d\u2019utiliser des frais de repr\u00e9sentation \u00e0 condition qu\u2019une d\u00e9lib\u00e9ration du conseil de m\u00e9tropole l\u2019ait autoris\u00e9 (article L.2123-19 applicable par l\u2019article L.5217-7 du CGCT), ou d\u2019\u00eatre autoris\u00e9 par d\u00e9lib\u00e9ration pour des mandats sp\u00e9ciaux (L.2123-18 du CGCT).<\/p>\n\n\n\n<p>Plusieurs signalements ont \u00e9t\u00e9 faits depuis quelques ann\u00e9es concernant des irr\u00e9gularit\u00e9s de ces pratiques et une enqu\u00eate pr\u00e9liminaire pour <em>\u00ab&nbsp;d\u00e9tournement de bien par personne d\u00e9positaire ou charg\u00e9e d\u2019une mission de service public&nbsp;\u00bb,<\/em> vient d\u2019\u00eatre ouverte par le parquet de Grenoble pour \u00e9claircir cette situation.<\/p>\n\n\n\n<p>Cette infraction est fix\u00e9e par l\u2019article 432-15 du Code p\u00e9nal qui dispose que&nbsp;:<\/p>\n\n\n\n<p><em>\u00ab&nbsp;Le fait, par une personne d\u00e9positaire de l&rsquo;autorit\u00e9 publique ou charg\u00e9e d&rsquo;une mission de service public, un comptable public, un d\u00e9positaire public ou l&rsquo;un de ses subordonn\u00e9s, de d\u00e9truire, d\u00e9tourner ou soustraire un acte ou un titre, ou des fonds publics ou priv\u00e9s, ou effets, pi\u00e8ces ou titres en tenant lieu, ou tout autre objet qui lui a \u00e9t\u00e9 remis en raison de ses fonctions ou de sa mission, est puni de dix ans d&#8217;emprisonnement et d&rsquo;une amende de 1&nbsp;000&nbsp;000 \u20ac, dont le montant peut \u00eatre port\u00e9 au double du produit de l&rsquo;infraction\u2026&nbsp;\u00bb<\/em><\/p>\n\n\n\n<p>Il convient d\u2019attendre avec s\u00e9rieux les conclusions de l\u2019enqu\u00eate judiciaire.<\/p>\n\n\n\n<p>Et, en attendant, du point de vue administratif, nous demandons\u2026 des comptes aux membres du conseil de M\u00e9tropole et au pr\u00e9sident concernant ces irr\u00e9gularit\u00e9s.<\/p>\n\n\n\n<p>Le pr\u00e9sident de la M\u00e9tro a publi\u00e9 <a href=\"https:\/\/fr.calameo.com\/books\/0070689872258451d2e04\" target=\"_blank\" rel=\"noreferrer noopener\">une lettre le 6 octobre<\/a> donnant sa position concernant cette enqu\u00eate pr\u00e9liminaire<\/p>\n\n\n\n<p><em>\u00ab&nbsp;Je fais suite aux articles de presse faisant \u00e9tat de deux signalements successifs au Procureur de la R\u00e9publique ayant le m\u00eame objet : le premier, au printemps 2022, par un \u00e9lu de la majorit\u00e9, et le second, mi-septembre, par mon ancien chef de cabinet, licenci\u00e9 quelques jours auparavant pour rupture de confiance au regard de son insuffisance professionnelle (avec une indemnit\u00e9 de licenciement), mettant en cause l\u2019usage du v\u00e9hicule qui m\u2019est attribu\u00e9 en tant que Pr\u00e9sident de la M\u00e9tropole\u2026&nbsp;\u00bb<\/em><\/p>\n","protected":false},"excerpt":{"rendered":"<p>Conform\u00e9ment \u00e0 un principe pos\u00e9 par la loi et r\u00e9guli\u00e8rement rappel\u00e9 par le Conseil d\u2019\u00c9tat, les fonctions d\u2019\u00e9lu local, sont gratuites. Toute d\u00e9rogation apport\u00e9e \u00e0 ce principe, qu\u2019il s\u2019agisse d\u2019indemnit\u00e9s ou d\u2019avantages en nature, doit d\u00e8s lors \u00eatre pr\u00e9vue par un texte expr\u00e8s La loi permet \u00e0 l\u2019assembl\u00e9e d\u00e9lib\u00e9rante d\u2019autoriser par d\u00e9lib\u00e9ration de mettre un [&hellip;]<\/p>\n","protected":false},"author":1,"featured_media":0,"comment_status":"closed","ping_status":"open","sticky":false,"template":"","format":"standard","meta":{"twitterCardType":"","cardImageID":0,"cardImage":"","cardTitle":"","cardDesc":"","cardImageAlt":"","cardPlayer":"","cardPlayerWidth":0,"cardPlayerHeight":0,"cardPlayerStream":"","cardPlayerCodec":"","footnotes":""},"categories":[62,11],"tags":[206,243,280,263],"class_list":["post-20854","post","type-post","status-publish","format-standard","hentry","category-le-rouge-le-vert-hebdo","category-politique-locale","tag-droit","tag-justice","tag-metropole","tag-statut-elu"],"_links":{"self":[{"href":"https:\/\/www.ades-grenoble.org\/wordpress\/wp-json\/wp\/v2\/posts\/20854","targetHints":{"allow":["GET"]}}],"collection":[{"href":"https:\/\/www.ades-grenoble.org\/wordpress\/wp-json\/wp\/v2\/posts"}],"about":[{"href":"https:\/\/www.ades-grenoble.org\/wordpress\/wp-json\/wp\/v2\/types\/post"}],"author":[{"embeddable":true,"href":"https:\/\/www.ades-grenoble.org\/wordpress\/wp-json\/wp\/v2\/users\/1"}],"replies":[{"embeddable":true,"href":"https:\/\/www.ades-grenoble.org\/wordpress\/wp-json\/wp\/v2\/comments?post=20854"}],"version-history":[{"count":1,"href":"https:\/\/www.ades-grenoble.org\/wordpress\/wp-json\/wp\/v2\/posts\/20854\/revisions"}],"predecessor-version":[{"id":20855,"href":"https:\/\/www.ades-grenoble.org\/wordpress\/wp-json\/wp\/v2\/posts\/20854\/revisions\/20855"}],"wp:attachment":[{"href":"https:\/\/www.ades-grenoble.org\/wordpress\/wp-json\/wp\/v2\/media?parent=20854"}],"wp:term":[{"taxonomy":"category","embeddable":true,"href":"https:\/\/www.ades-grenoble.org\/wordpress\/wp-json\/wp\/v2\/categories?post=20854"},{"taxonomy":"post_tag","embeddable":true,"href":"https:\/\/www.ades-grenoble.org\/wordpress\/wp-json\/wp\/v2\/tags?post=20854"}],"curies":[{"name":"wp","href":"https:\/\/api.w.org\/{rel}","templated":true}]}}