{"id":20870,"date":"2022-10-14T11:50:58","date_gmt":"2022-10-14T09:50:58","guid":{"rendered":"https:\/\/www.ades-grenoble.org\/wordpress\/?p=20870"},"modified":"2022-10-14T12:57:30","modified_gmt":"2022-10-14T10:57:30","slug":"hommage-aux-victimes-de-la-repression-de-la-manifestation-du-17-octobre-1961-a-paris","status":"publish","type":"post","link":"https:\/\/www.ades-grenoble.org\/wordpress\/2022\/10\/14\/hommage-aux-victimes-de-la-repression-de-la-manifestation-du-17-octobre-1961-a-paris\/","title":{"rendered":"Hommage aux victimes de la r\u00e9pression de la manifestation du 17 octobre 1961 \u00e0 Paris"},"content":{"rendered":"<div class=\"wp-block-image is-style-default\">\n<figure class=\"alignleft size-full\"><img loading=\"lazy\" decoding=\"async\" width=\"300\" height=\"200\" src=\"https:\/\/www.ades-grenoble.org\/wordpress\/wp-content\/uploads\/2015\/10\/17octobre61.jpg\" alt=\"\" class=\"wp-image-10818\" srcset=\"https:\/\/www.ades-grenoble.org\/wordpress\/wp-content\/uploads\/2015\/10\/17octobre61.jpg 300w, https:\/\/www.ades-grenoble.org\/wordpress\/wp-content\/uploads\/2015\/10\/17octobre61-150x100.jpg 150w\" sizes=\"auto, (max-width: 300px) 100vw, 300px\" \/><\/figure>\n<\/div>\n\n\n<p>Chaque ann\u00e9e, le 17 octobre \u00e0 18 h une manifestation est organis\u00e9e place Edmond Arnaud \u00e0 Grenoble pour rendre hommage aux victimes de la r\u00e9pression de la manifestation du 17 octobre 1961 \u00e0 Paris. C\u2019est le collectif du 17 octobre 1961 de l\u2019Is\u00e8re, regroupant de nombreuses associations, qui l\u2019organise. Une c\u00e9r\u00e9monie a lieu devant la plaque rappelant cette r\u00e9pression avec le maire de Grenoble et les \u00e9lu-es municipaux.<\/p>\n\n\n\n<p>Apr\u00e8s cette c\u00e9r\u00e9monie, un cort\u00e8ge partira comme chaque fois vers la passerelle St Laurent o\u00f9 seront jet\u00e9es des fleurs dans l\u2019Is\u00e8re.<\/p>\n\n\n\n<!--more-->\n\n\n\n<p>La manifestation :<\/p>\n\n\n\n<ul class=\"wp-block-list\"><li>exige de l&rsquo;\u00c9tat fran\u00e7ais qu&rsquo;il reconnaisse officiellement sa responsabilit\u00e9 dans les massacres li\u00e9s \u00e0 la colonisation ;<\/li><li>exige la reconnaissance des massacres du 17 octobre 1961 comme crime d\u2019\u00c9tat ;<\/li><li>r\u00e9clame l&rsquo;ouverture des archives de la Guerre d&rsquo;Alg\u00e9rie et de la colonisation aux chercheurs fran\u00e7ais et \u00e9trangers, sans restrictions, ni exclusives ;<\/li><li>refuse les discours x\u00e9nophobes, racistes, colonialistes.<\/li><\/ul>\n\n\n\n<p>Le 17 octobre 1961, des dizaines de milliers de travailleurs alg\u00e9riens et leurs familles avaient manifest\u00e9&nbsp; \u00e0 Paris pour le droit \u00e0 l\u2019ind\u00e9pendance de l&rsquo;Alg\u00e9rie, pour leur droit \u00e0 l\u2019\u00e9galit\u00e9 et \u00e0 la dignit\u00e9, contre le couvre-feu raciste qui leur \u00e9tait impos\u00e9.<\/p>\n\n\n\n<p>Alors que la manifestation \u00e9tait pacifique, la r\u00e9pression s&rsquo;\u00e9tait abattue sur les manifestants avec une grande violence : des milliers d\u2019arrestations, des centaines de morts ou disparus. Le pr\u00e9fet de police de Paris qui conduisait les op\u00e9rations \u00e9tait Maurice Papon, condamn\u00e9 en 1998 pour complicit\u00e9 de crimes contre l&rsquo;humanit\u00e9 pour des actes commis entre 1942 et 1944. Nous savons aujourd\u2019hui que Charles de Gaulle, alors le pr\u00e9sident de la R\u00e9publique, \u00e9tait au courant. Au nom de la raison d\u2019\u00c9tat, le silence fut organis\u00e9 sur cette trag\u00e9die par le pouvoir de l\u2019\u00e9poque et ses successeurs.<\/p>\n\n\n\n<p>C\u2019est gr\u00e2ce \u00e0 l\u2019action de citoyens, historiens, \u00e9crivains, associations, gr\u00e2ce au foisonnement d\u2019initiatives militantes, que la v\u00e9rit\u00e9 a pu \u00e9merger.<\/p>\n\n\n\n<p>Rendre hommage aux victimes de la r\u00e9pression de la manifestation du 17 octobre 1961, c\u2019est refuser la violence d\u2019\u00c9tat utilis\u00e9e pour r\u00e9primer les manifestations, c\u2019est refuser la banalisation des violences polici\u00e8res, dont est notamment victime la jeunesse des populations issues de l\u2019immigration.<\/p>\n\n\n\n<p>1962- 2022 : l\u2019ind\u00e9pendance de l\u2019Alg\u00e9rie est une victoire sur le colonialisme<\/p>\n\n\n\n<p>Il est essentiel de maintenir vivante la m\u00e9moire, lutter contre la r\u00e9habilitation du colonialisme et de leurs tenants. En cette ann\u00e9e du 60\u00e8me anniversaire de l\u2019ind\u00e9pendance de l\u2019Alg\u00e9rie, nous tenons \u00e0 affirmer que la victoire du peuple alg\u00e9rien est une victoire sur le colonialisme et une avanc\u00e9e majeure pour tous les peuples.<\/p>\n\n\n\n<p>Alors que la colonisation est toujours une violence faite contre un peuple, comment comprendre que le Pr\u00e9sident Emmanuel Macron pr\u00e9tende tenir un discours de v\u00e9rit\u00e9 et de reconnaissance en d\u00e9clarant qu\u2019entre la France et l\u2019Alg\u00e9rie \u00ab c&rsquo;est une histoire d\u2019amour \u00bb ? 60 ans apr\u00e8s la trag\u00e9die que fut la guerre d\u2019Alg\u00e9rie, il est temps que le sommet de l\u2019\u00c9tat tienne un discours o\u00f9 soit dite la v\u00e9rit\u00e9 sur ce que fut la colonisation et la guerre d\u2019Alg\u00e9rie, et o\u00f9 soient reconnues les responsabilit\u00e9s de l\u2019\u00c9tat fran\u00e7ais.<\/p>\n\n\n\n<p>Par ailleurs les militants alg\u00e9riens r\u00e9clament la libert\u00e9 imm\u00e9diate des prisonniers d\u2019opinion en Alg\u00e9rie :<\/p>\n\n\n\n<p>200 \u00e0 300 \u00ab\u00a0prisonniers d&rsquo;opinion\u00a0\u00bb restent emprisonn\u00e9s en Alg\u00e9rie pour les manifestations pacifiques connues sous le nom de mouvement Hirak ayant d\u00e9ferl\u00e9 sur l&rsquo;Alg\u00e9rie en f\u00e9vrier 2019. La victoire en 1962 est celle de l\u2019\u00e9mancipation du peuple alg\u00e9rien vis \u00e0 vis de la domination coloniale, comment comprendre que le 60\u00e8me anniversaire soit c\u00e9l\u00e9br\u00e9 avec des centaines de personnes en prison dont le seul crime est d\u2019avoir manifest\u00e9 pacifiquement et exerc\u00e9 leur droit d\u2019expression ?<\/p>\n\n\n\n<p>L\u2019hommage aux manfestant.es du 17 octobre 1961 doit aussi se traduire par une solidarit\u00e9 au pr\u00e9sent avec le combat d\u00e9mocratique du peuple alg\u00e9rien. C\u2019est pourquoi nous nous associons \u00e0 la demande des organisations de d\u00e9fense des droits de l&rsquo;homme telles qu&rsquo;Amnesty International et la Ligue alg\u00e9rienne des droits de l&rsquo;homme (LADDH) de lib\u00e9rer imm\u00e9diatement et sans condition au moins 266 militants oppos\u00e9s au pouvoir dans des situations allant de l&rsquo;arrestation \u00e0 l&#8217;emprisonnement, pour leur participation aux manifestations du Hirak.<\/p>\n","protected":false},"excerpt":{"rendered":"<p>Chaque ann\u00e9e, le 17 octobre \u00e0 18 h une manifestation est organis\u00e9e place Edmond Arnaud \u00e0 Grenoble pour rendre hommage aux victimes de la r\u00e9pression de la manifestation du 17 octobre 1961 \u00e0 Paris. C\u2019est le collectif du 17 octobre 1961 de l\u2019Is\u00e8re, regroupant de nombreuses associations, qui l\u2019organise. Une c\u00e9r\u00e9monie a lieu devant la [&hellip;]<\/p>\n","protected":false},"author":1,"featured_media":0,"comment_status":"closed","ping_status":"open","sticky":false,"template":"","format":"standard","meta":{"twitterCardType":"","cardImageID":0,"cardImage":"","cardTitle":"","cardDesc":"","cardImageAlt":"","cardPlayer":"","cardPlayerWidth":0,"cardPlayerHeight":0,"cardPlayerStream":"","cardPlayerCodec":"","footnotes":""},"categories":[62,11],"tags":[355,43,195,12],"class_list":["post-20870","post","type-post","status-publish","format-standard","hentry","category-le-rouge-le-vert-hebdo","category-politique-locale","tag-algerie","tag-devoir-de-memoire","tag-histoire","tag-mobilisations"],"_links":{"self":[{"href":"https:\/\/www.ades-grenoble.org\/wordpress\/wp-json\/wp\/v2\/posts\/20870","targetHints":{"allow":["GET"]}}],"collection":[{"href":"https:\/\/www.ades-grenoble.org\/wordpress\/wp-json\/wp\/v2\/posts"}],"about":[{"href":"https:\/\/www.ades-grenoble.org\/wordpress\/wp-json\/wp\/v2\/types\/post"}],"author":[{"embeddable":true,"href":"https:\/\/www.ades-grenoble.org\/wordpress\/wp-json\/wp\/v2\/users\/1"}],"replies":[{"embeddable":true,"href":"https:\/\/www.ades-grenoble.org\/wordpress\/wp-json\/wp\/v2\/comments?post=20870"}],"version-history":[{"count":1,"href":"https:\/\/www.ades-grenoble.org\/wordpress\/wp-json\/wp\/v2\/posts\/20870\/revisions"}],"predecessor-version":[{"id":20871,"href":"https:\/\/www.ades-grenoble.org\/wordpress\/wp-json\/wp\/v2\/posts\/20870\/revisions\/20871"}],"wp:attachment":[{"href":"https:\/\/www.ades-grenoble.org\/wordpress\/wp-json\/wp\/v2\/media?parent=20870"}],"wp:term":[{"taxonomy":"category","embeddable":true,"href":"https:\/\/www.ades-grenoble.org\/wordpress\/wp-json\/wp\/v2\/categories?post=20870"},{"taxonomy":"post_tag","embeddable":true,"href":"https:\/\/www.ades-grenoble.org\/wordpress\/wp-json\/wp\/v2\/tags?post=20870"}],"curies":[{"name":"wp","href":"https:\/\/api.w.org\/{rel}","templated":true}]}}