{"id":20928,"date":"2022-10-28T10:52:13","date_gmt":"2022-10-28T08:52:13","guid":{"rendered":"https:\/\/www.ades-grenoble.org\/wordpress\/?p=20928"},"modified":"2022-10-28T11:05:50","modified_gmt":"2022-10-28T09:05:50","slug":"du-bon-usage-de-linterpellation-citoyenne","status":"publish","type":"post","link":"https:\/\/www.ades-grenoble.org\/wordpress\/2022\/10\/28\/du-bon-usage-de-linterpellation-citoyenne\/","title":{"rendered":"Du bon usage de l\u2019interpellation citoyenne"},"content":{"rendered":"<div class=\"wp-block-image is-style-rounded\">\n<figure class=\"alignleft size-full\"><img loading=\"lazy\" decoding=\"async\" width=\"400\" height=\"166\" src=\"https:\/\/www.ades-grenoble.org\/wordpress\/wp-content\/uploads\/2016\/09\/Interpellation.jpg\" alt=\"\" class=\"wp-image-12026\" srcset=\"https:\/\/www.ades-grenoble.org\/wordpress\/wp-content\/uploads\/2016\/09\/Interpellation.jpg 400w, https:\/\/www.ades-grenoble.org\/wordpress\/wp-content\/uploads\/2016\/09\/Interpellation-150x62.jpg 150w, https:\/\/www.ades-grenoble.org\/wordpress\/wp-content\/uploads\/2016\/09\/Interpellation-300x125.jpg 300w\" sizes=\"auto, (max-width: 400px) 100vw, 400px\" \/><\/figure>\n<\/div>\n\n\n<p>Le nouveau syst\u00e8me d\u2019interpellation citoyenne doit permettre aux habitants de Grenoble d\u2019obtenir la position de la ville,&nbsp; aux questions sur lesquelles ils n\u2019avaient pas de r\u00e9ponse, \u00e0 condition qu\u2019elles soient de comp\u00e9tence municipale (donc pouvant donner lieu \u00e0 une d\u00e9lib\u00e9ration du conseil municipal).<\/p>\n\n\n\n<p>Il ne faudrait pas que cette nouvelle formule soit d\u00e9tourn\u00e9e pour demander \u00e0 la ville de changer d\u2019avis. Or deux Unions de quartiers (Centre-ville et Championnet-Bonne-Condorcet-Hoche) ont d\u00e9pos\u00e9 d\u00e9but octobre une interpellation intitul\u00e9e&nbsp;: <em>\u00ab&nbsp;Stop \u00e0 la sur-pollution d\u2019\u00e9coles et d\u2019habitants de nos quartiers&nbsp;\u00bb, <\/em>qui demande \u00ab&nbsp;<em>de simplement rouvrir \u00e0 la circulation automobile le couloir de bus du Bd Agutte-Sembat, dans le sens Sud-Nord<\/em>&nbsp;\u00bb, ce qui diminuerait, d\u2019apr\u00e8s elles, le trafic automobile devant certaines \u00e9coles de leurs quartiers.<\/p>\n\n\n\n<p>Le nouveau plan de circulation du centre-ville a \u00e9t\u00e9 arr\u00eat\u00e9 dans le cadre du projet CVCM (C\u0153ur de Ville et C\u0153ur de M\u00e9tropole), des recours administratifs ont essay\u00e9 de faire annuler la d\u00e9lib\u00e9ration, en vain.<\/p>\n\n\n\n<!--more-->\n\n\n\n<p>Une telle demande rel\u00e8ve t\u2019elle de <em>\u00ab&nbsp;la m\u00e9diation<\/em>&nbsp;\u00bb,&nbsp; premier niveau d\u2019interpellation&nbsp;?<\/p>\n\n\n\n<p>Cela signifierait que la ville mette des moyens (temps de travail d\u2019agents) pour \u00e9tudier l\u2019hypoth\u00e8se qui lui demanderait de changer d\u2019avis<\/p>\n\n\n\n<p>Or la loi impose au maire d\u2019ex\u00e9cuter les d\u00e9cisions du conseil municipal (article L. 2122-21 du CGCT), il n\u2019a donc pas la possibilit\u00e9 de mobiliser des moyens publics pour s\u2019opposer \u00e0 une d\u00e9cision prise par le conseil municipal. Le seul moyen serait de proposer&nbsp; la possibilit\u00e9 de r\u00e9-ouvrir ce dossier qui serait mis \u00e0 l\u2019ordre du jour d\u2019un conseil municipal suivant.<\/p>\n\n\n\n<p>On peut alors conclure que&nbsp; la demande, de changer une d\u00e9cision du conseil municipal, n\u2019a pas \u00e0 entrer dans le dispositif d\u2019interpellation citoyenne.&nbsp; Une telle requ\u00eate&nbsp; doit aller directement sur le bureau du maire qui d\u00e9cidera ou non de la mettre \u00e0 l\u2019ordre du jour d\u2019un conseil municipal. Dans le cas pr\u00e9sent, la d\u00e9cision est suffisamment r\u00e9cente et les arguments des deux Unions de quartier tr\u00e8s insuffisants,&nbsp; pour que la demande prosp\u00e8re.<\/p>\n\n\n\n<p>Le processus actuel d\u2019interpellation&nbsp; est inadapt\u00e9 pour tout ce qui&nbsp; n\u00e9cessite le changement d\u2019une d\u00e9cision&nbsp; politique&nbsp; d\u00e9finie par les d\u00e9lib\u00e9rations pr\u00e9sent\u00e9es et vot\u00e9es en conseil municipal.<\/p>\n\n\n\n<p>Il faudrait&nbsp; pr\u00e9ciser \u00e0 chaque fois&nbsp; s\u2019il y a une am\u00e9lioration prochaine du dispositif d\u00e9j\u00e0 vot\u00e9, afin d\u2019\u00e9viter une perte de temps pour de telles demandes qui ne conduiront \u00e0 rien.<\/p>\n","protected":false},"excerpt":{"rendered":"<p>Le nouveau syst\u00e8me d\u2019interpellation citoyenne doit permettre aux habitants de Grenoble d\u2019obtenir la position de la ville,&nbsp; aux questions sur lesquelles ils n\u2019avaient pas de r\u00e9ponse, \u00e0 condition qu\u2019elles soient de comp\u00e9tence municipale (donc pouvant donner lieu \u00e0 une d\u00e9lib\u00e9ration du conseil municipal). Il ne faudrait pas que cette nouvelle formule soit d\u00e9tourn\u00e9e pour demander [&hellip;]<\/p>\n","protected":false},"author":1,"featured_media":0,"comment_status":"closed","ping_status":"open","sticky":false,"template":"","format":"standard","meta":{"twitterCardType":"","cardImageID":0,"cardImage":"","cardTitle":"","cardDesc":"","cardImageAlt":"","cardPlayer":"","cardPlayerWidth":0,"cardPlayerHeight":0,"cardPlayerStream":"","cardPlayerCodec":"","footnotes":""},"categories":[62,11],"tags":[272,67,215],"class_list":["post-20928","post","type-post","status-publish","format-standard","hentry","category-le-rouge-le-vert-hebdo","category-politique-locale","tag-citoyennete","tag-conseil-municipal","tag-grenoble"],"_links":{"self":[{"href":"https:\/\/www.ades-grenoble.org\/wordpress\/wp-json\/wp\/v2\/posts\/20928","targetHints":{"allow":["GET"]}}],"collection":[{"href":"https:\/\/www.ades-grenoble.org\/wordpress\/wp-json\/wp\/v2\/posts"}],"about":[{"href":"https:\/\/www.ades-grenoble.org\/wordpress\/wp-json\/wp\/v2\/types\/post"}],"author":[{"embeddable":true,"href":"https:\/\/www.ades-grenoble.org\/wordpress\/wp-json\/wp\/v2\/users\/1"}],"replies":[{"embeddable":true,"href":"https:\/\/www.ades-grenoble.org\/wordpress\/wp-json\/wp\/v2\/comments?post=20928"}],"version-history":[{"count":1,"href":"https:\/\/www.ades-grenoble.org\/wordpress\/wp-json\/wp\/v2\/posts\/20928\/revisions"}],"predecessor-version":[{"id":20929,"href":"https:\/\/www.ades-grenoble.org\/wordpress\/wp-json\/wp\/v2\/posts\/20928\/revisions\/20929"}],"wp:attachment":[{"href":"https:\/\/www.ades-grenoble.org\/wordpress\/wp-json\/wp\/v2\/media?parent=20928"}],"wp:term":[{"taxonomy":"category","embeddable":true,"href":"https:\/\/www.ades-grenoble.org\/wordpress\/wp-json\/wp\/v2\/categories?post=20928"},{"taxonomy":"post_tag","embeddable":true,"href":"https:\/\/www.ades-grenoble.org\/wordpress\/wp-json\/wp\/v2\/tags?post=20928"}],"curies":[{"name":"wp","href":"https:\/\/api.w.org\/{rel}","templated":true}]}}