{"id":20948,"date":"2022-11-04T10:16:25","date_gmt":"2022-11-04T09:16:25","guid":{"rendered":"https:\/\/www.ades-grenoble.org\/wordpress\/?p=20948"},"modified":"2022-11-04T11:28:15","modified_gmt":"2022-11-04T10:28:15","slug":"retrofit-electrique-une-solution-a-etudier","status":"publish","type":"post","link":"https:\/\/www.ades-grenoble.org\/wordpress\/2022\/11\/04\/retrofit-electrique-une-solution-a-etudier\/","title":{"rendered":"R\u00e9trofit \u00e9lectrique, une solution \u00e0 \u00e9tudier"},"content":{"rendered":"<div class=\"wp-block-image is-style-default\">\n<figure class=\"alignleft size-full\"><img loading=\"lazy\" decoding=\"async\" width=\"380\" height=\"166\" src=\"https:\/\/www.ades-grenoble.org\/wordpress\/wp-content\/uploads\/2022\/11\/retrofit.jpg\" alt=\"\" class=\"wp-image-20949\" srcset=\"https:\/\/www.ades-grenoble.org\/wordpress\/wp-content\/uploads\/2022\/11\/retrofit.jpg 380w, https:\/\/www.ades-grenoble.org\/wordpress\/wp-content\/uploads\/2022\/11\/retrofit-300x131.jpg 300w, https:\/\/www.ades-grenoble.org\/wordpress\/wp-content\/uploads\/2022\/11\/retrofit-150x66.jpg 150w\" sizes=\"auto, (max-width: 380px) 100vw, 380px\" \/><\/figure>\n<\/div>\n\n\n<p>Depuis le 4 avril 2020, <a href=\"https:\/\/www.ecologie.gouv.fr\/tout-savoir-sur-retrofit-electrique\" target=\"_blank\" rel=\"noreferrer noopener\">il est autoris\u00e9 d\u2019\u00e9lectrifier un v\u00e9hicule thermique pour r\u00e9duire ses \u00e9missions de gaz \u00e0 effet de serre.<\/a> Cette pratique est appel\u00e9e r\u00e9trofit. Cela revient \u00e0 retirer le moteur thermique ainsi que le r\u00e9servoir du v\u00e9hicule et les remplacer par un moteur \u00e9lectrique et une batterie.<\/p>\n\n\n\n<p>La voiture doit avoir plus de 5 ans et ne doit pas \u00eatre d\u00e9j\u00e0 \u00e9lectrique.&nbsp; Il n\u2019est pas possible de revendre la voiture transform\u00e9e moins d\u2019un an apr\u00e8s le r\u00e9trofit (d\u00e9cret du 27&nbsp;avril&nbsp;2022). Seul un professionnel, installateur \u00e9tabli en France et habilit\u00e9 par un fabricant de dispositifs (ou kits) de conversion, peut monter le kit homologu\u00e9 sur le v\u00e9hicule.<\/p>\n\n\n\n<!--more-->\n\n\n\n<p>Cela promeut l&rsquo;\u00e9conomie circulaire, en recyclant une voiture il y a une large \u00e9conomie de mat\u00e9riaux (roues, ch\u00e2ssis, si\u00e8ges, vitres&#8230;). Le bilan carbone est meilleur que lors de l\u2019achat d\u2019une voiture neuve.<\/p>\n\n\n\n<p>Le prix d\u2019un r\u00e9trofit est moins cher que l\u2019achat d\u2019une voiture \u00e9lectrique neuve, il d\u00e9pend de la puissance install\u00e9e.<\/p>\n\n\n\n<p>Il y a une prime au r\u00e9trofit \u00e9lectrique (prime \u00e0 la conversion)&nbsp;; pour une voiture, son montant est de 2500 \u20ac ou 5000&nbsp;\u20ac selon son revenu fiscal de r\u00e9f\u00e9rence. Pour en b\u00e9n\u00e9ficier il faut :<\/p>\n\n\n\n<ul class=\"wp-block-list\"><li>\u00eatre majeur&nbsp;; avoir son domicile en France&nbsp;;<\/li><li>avoir fait transformer le moteur thermique de son v\u00e9hicule en moteur \u00e9lectrique \u00e0 batterie ou \u00e0 pile \u00e0 combustible par un professionnel habilit\u00e9&nbsp;;<\/li><li>avoir achet\u00e9 son v\u00e9hicule depuis au moins 1 an&nbsp;;<\/li><li>ne pas le vendre dans l&rsquo;ann\u00e9e suivant son achat ni avant d&rsquo;avoir parcouru au moins 6&nbsp;000 km. Il faut donc garder son v\u00e9hicule transform\u00e9 au moins un an avant de le revendre (d\u00e9cret du 26&nbsp;avril&nbsp;2022).<\/li><\/ul>\n\n\n\n<p>Le professionnel qui r\u00e9alise la transformation du moteur fait l&rsquo;avance de l&rsquo;aide.<\/p>\n","protected":false},"excerpt":{"rendered":"<p>Depuis le 4 avril 2020, il est autoris\u00e9 d\u2019\u00e9lectrifier un v\u00e9hicule thermique pour r\u00e9duire ses \u00e9missions de gaz \u00e0 effet de serre. Cette pratique est appel\u00e9e r\u00e9trofit. Cela revient \u00e0 retirer le moteur thermique ainsi que le r\u00e9servoir du v\u00e9hicule et les remplacer par un moteur \u00e9lectrique et une batterie. La voiture doit avoir plus [&hellip;]<\/p>\n","protected":false},"author":1,"featured_media":0,"comment_status":"closed","ping_status":"open","sticky":false,"template":"","format":"standard","meta":{"twitterCardType":"","cardImageID":0,"cardImage":"","cardTitle":"","cardDesc":"","cardImageAlt":"","cardPlayer":"","cardPlayerWidth":0,"cardPlayerHeight":0,"cardPlayerStream":"","cardPlayerCodec":"","footnotes":""},"categories":[62,11],"tags":[223,153,122,380],"class_list":["post-20948","post","type-post","status-publish","format-standard","hentry","category-le-rouge-le-vert-hebdo","category-politique-locale","tag-climat","tag-ecologie","tag-pollution-atmospherique","tag-transitions"],"_links":{"self":[{"href":"https:\/\/www.ades-grenoble.org\/wordpress\/wp-json\/wp\/v2\/posts\/20948","targetHints":{"allow":["GET"]}}],"collection":[{"href":"https:\/\/www.ades-grenoble.org\/wordpress\/wp-json\/wp\/v2\/posts"}],"about":[{"href":"https:\/\/www.ades-grenoble.org\/wordpress\/wp-json\/wp\/v2\/types\/post"}],"author":[{"embeddable":true,"href":"https:\/\/www.ades-grenoble.org\/wordpress\/wp-json\/wp\/v2\/users\/1"}],"replies":[{"embeddable":true,"href":"https:\/\/www.ades-grenoble.org\/wordpress\/wp-json\/wp\/v2\/comments?post=20948"}],"version-history":[{"count":1,"href":"https:\/\/www.ades-grenoble.org\/wordpress\/wp-json\/wp\/v2\/posts\/20948\/revisions"}],"predecessor-version":[{"id":20950,"href":"https:\/\/www.ades-grenoble.org\/wordpress\/wp-json\/wp\/v2\/posts\/20948\/revisions\/20950"}],"wp:attachment":[{"href":"https:\/\/www.ades-grenoble.org\/wordpress\/wp-json\/wp\/v2\/media?parent=20948"}],"wp:term":[{"taxonomy":"category","embeddable":true,"href":"https:\/\/www.ades-grenoble.org\/wordpress\/wp-json\/wp\/v2\/categories?post=20948"},{"taxonomy":"post_tag","embeddable":true,"href":"https:\/\/www.ades-grenoble.org\/wordpress\/wp-json\/wp\/v2\/tags?post=20948"}],"curies":[{"name":"wp","href":"https:\/\/api.w.org\/{rel}","templated":true}]}}