{"id":21017,"date":"2022-11-18T08:19:56","date_gmt":"2022-11-18T07:19:56","guid":{"rendered":"https:\/\/www.ades-grenoble.org\/wordpress\/?p=21017"},"modified":"2022-11-18T08:40:53","modified_gmt":"2022-11-18T07:40:53","slug":"agenda-207","status":"publish","type":"post","link":"https:\/\/www.ades-grenoble.org\/wordpress\/2022\/11\/18\/agenda-207\/","title":{"rendered":"Agenda"},"content":{"rendered":"<div class=\"wp-block-image is-style-default\">\n<figure class=\"alignleft size-full\"><img loading=\"lazy\" decoding=\"async\" width=\"300\" height=\"348\" src=\"https:\/\/www.ades-grenoble.org\/wordpress\/wp-content\/uploads\/2022\/11\/la-traversee.jpeg\" alt=\"\" class=\"wp-image-21024\" srcset=\"https:\/\/www.ades-grenoble.org\/wordpress\/wp-content\/uploads\/2022\/11\/la-traversee.jpeg 300w, https:\/\/www.ades-grenoble.org\/wordpress\/wp-content\/uploads\/2022\/11\/la-traversee-259x300.jpeg 259w, https:\/\/www.ades-grenoble.org\/wordpress\/wp-content\/uploads\/2022\/11\/la-traversee-129x150.jpeg 129w\" sizes=\"auto, (max-width: 300px) 100vw, 300px\" \/><\/figure>\n<\/div>\n\n\n<p><strong>Lundi 21 novembre \u00e0 20 h, salle polyvalente des Baladins projection du film \u00ab&nbsp;La travers\u00e9e&nbsp;\u00bb <\/strong>une fiction qui raconte l\u2019exil de deux enfants migrants qui fuient leur village pers\u00e9cut\u00e9.<\/p>\n\n\n\n<hr class=\"wp-block-separator has-alpha-channel-opacity\"\/>\n\n\n\n<p><strong>Jusqu\u2019au 23 novembre <a rel=\"noreferrer noopener\" href=\"https:\/\/www.grenoble.fr\/552-budget-participatif.htm\" target=\"_blank\">8e \u00e9dition du Budget Participatif<\/a><\/strong> : l\u2019appel \u00e0 id\u00e9es court jusqu\u2019au 23 novembre inclus, les id\u00e9es peuvent \u00eatre d\u00e9pos\u00e9es dans les Maisons des habitants ou en ligne. Une simple id\u00e9e suffit, mais elle doit r\u00e9pondre \u00e0 des crit\u00e8res.<\/p>\n\n\n\n<hr class=\"wp-block-separator has-alpha-channel-opacity\"\/>\n\n\n\n<p><strong>Du 25 novembre au 3 d\u00e9cembre&nbsp;: <a rel=\"noreferrer noopener\" href=\"https:\/\/www.grenoblealpesmetropole.fr\/agenda\/2857\/103-36eme-festival-du-cinema-nature-environnement.htm\" target=\"_blank\">Festival du Cin\u00e9ma Nature &amp; Environnement<\/a>.<\/strong> 28 films pour un voyage cin\u00e9matographique de la Mac\u00e9doine \u00e0 l&rsquo;Allemagne, en passant la Su\u00e8de, la C\u00f4te d&rsquo;Ivoire, l\u2019Ouzb\u00e9kistan, sans oublier un tour des r\u00e9gions fran\u00e7aises.<br><br><\/p>\n","protected":false},"excerpt":{"rendered":"<p>Lundi 21 novembre \u00e0 20 h, salle polyvalente des Baladins projection du film \u00ab&nbsp;La travers\u00e9e&nbsp;\u00bb une fiction qui raconte l\u2019exil de deux enfants migrants qui fuient leur village pers\u00e9cut\u00e9. Jusqu\u2019au 23 novembre 8e \u00e9dition du Budget Participatif : l\u2019appel \u00e0 id\u00e9es court jusqu\u2019au 23 novembre inclus, les id\u00e9es peuvent \u00eatre d\u00e9pos\u00e9es dans les Maisons des [&hellip;]<\/p>\n","protected":false},"author":1,"featured_media":0,"comment_status":"closed","ping_status":"open","sticky":false,"template":"","format":"standard","meta":{"twitterCardType":"","cardImageID":0,"cardImage":"","cardTitle":"","cardDesc":"","cardImageAlt":"","cardPlayer":"","cardPlayerWidth":0,"cardPlayerHeight":0,"cardPlayerStream":"","cardPlayerCodec":"","footnotes":""},"categories":[62,11],"tags":[125],"class_list":["post-21017","post","type-post","status-publish","format-standard","hentry","category-le-rouge-le-vert-hebdo","category-politique-locale","tag-agenda"],"_links":{"self":[{"href":"https:\/\/www.ades-grenoble.org\/wordpress\/wp-json\/wp\/v2\/posts\/21017","targetHints":{"allow":["GET"]}}],"collection":[{"href":"https:\/\/www.ades-grenoble.org\/wordpress\/wp-json\/wp\/v2\/posts"}],"about":[{"href":"https:\/\/www.ades-grenoble.org\/wordpress\/wp-json\/wp\/v2\/types\/post"}],"author":[{"embeddable":true,"href":"https:\/\/www.ades-grenoble.org\/wordpress\/wp-json\/wp\/v2\/users\/1"}],"replies":[{"embeddable":true,"href":"https:\/\/www.ades-grenoble.org\/wordpress\/wp-json\/wp\/v2\/comments?post=21017"}],"version-history":[{"count":3,"href":"https:\/\/www.ades-grenoble.org\/wordpress\/wp-json\/wp\/v2\/posts\/21017\/revisions"}],"predecessor-version":[{"id":21025,"href":"https:\/\/www.ades-grenoble.org\/wordpress\/wp-json\/wp\/v2\/posts\/21017\/revisions\/21025"}],"wp:attachment":[{"href":"https:\/\/www.ades-grenoble.org\/wordpress\/wp-json\/wp\/v2\/media?parent=21017"}],"wp:term":[{"taxonomy":"category","embeddable":true,"href":"https:\/\/www.ades-grenoble.org\/wordpress\/wp-json\/wp\/v2\/categories?post=21017"},{"taxonomy":"post_tag","embeddable":true,"href":"https:\/\/www.ades-grenoble.org\/wordpress\/wp-json\/wp\/v2\/tags?post=21017"}],"curies":[{"name":"wp","href":"https:\/\/api.w.org\/{rel}","templated":true}]}}