{"id":21084,"date":"2022-12-02T12:30:04","date_gmt":"2022-12-02T11:30:04","guid":{"rendered":"https:\/\/www.ades-grenoble.org\/wordpress\/?p=21084"},"modified":"2022-12-02T12:35:16","modified_gmt":"2022-12-02T11:35:16","slug":"la-liberte-dinformer-est-reaffirmee-par-la-justice","status":"publish","type":"post","link":"https:\/\/www.ades-grenoble.org\/wordpress\/2022\/12\/02\/la-liberte-dinformer-est-reaffirmee-par-la-justice\/","title":{"rendered":"La libert\u00e9 d\u2019informer est r\u00e9affirm\u00e9e par la justice"},"content":{"rendered":"<div class=\"wp-block-image is-style-default\">\n<figure class=\"alignleft size-full\"><img loading=\"lazy\" decoding=\"async\" width=\"291\" height=\"173\" src=\"https:\/\/www.ades-grenoble.org\/wordpress\/wp-content\/uploads\/2015\/04\/logo-mediapart.jpg\" alt=\"\" class=\"wp-image-10028\" srcset=\"https:\/\/www.ades-grenoble.org\/wordpress\/wp-content\/uploads\/2015\/04\/logo-mediapart.jpg 291w, https:\/\/www.ades-grenoble.org\/wordpress\/wp-content\/uploads\/2015\/04\/logo-mediapart-150x89.jpg 150w\" sizes=\"auto, (max-width: 291px) 100vw, 291px\" \/><\/figure>\n<\/div>\n\n\n<p>Le 18 novembre, M\u00e9diapart avait \u00e9t\u00e9 interdit de publier un article sur le maire de Saint Etienne par la juge des r\u00e9f\u00e9r\u00e9s du tribunal judiciaire de Paris (Mme Baty) par une ordonnance prise sans d\u00e9bat contradictoire. Le 30 novembre la m\u00eame juge a pris une ordonnance de r\u00e9tractation estimant qu\u2019elle avait \u00e9t\u00e9 m\u00e9sinform\u00e9e dans sa prise de d\u00e9cision par l\u2019avocat du maire de Saint Etienne. <a href=\"https:\/\/www.mediapart.fr\/journal\/france\/301122\/affaire-perdriau-et-la-fin-c-est-la-liberte-d-informer-qui-l-emporte\" target=\"_blank\" rel=\"noreferrer noopener\">La libert\u00e9 d\u2019informer est donc pr\u00e9serv\u00e9e.<\/a><\/p>\n\n\n\n<p>M\u00e9diapart publie donc l\u2019article que voulait interdire G. Perdriaux qui mettait en cause L. Wauquiez. Ce dernier va d\u00e9poser plainte pour diffamation contre le maire de Saint Etienne.<\/p>\n\n\n\n<!--more-->\n\n\n\n<p><em>\u00ab&nbsp;<\/em><em>La magistrate parle ainsi, dans sa d\u00e9cision, d\u2019une&nbsp;\u00ab&nbsp;r\u00e9tention d\u2019informations&nbsp;\u00bb&nbsp;et d\u2019un&nbsp;\u00ab&nbsp;d\u00e9faut d\u2019information&nbsp;\u00bb&nbsp;qui l\u2019ont amen\u00e9e \u00e0 ne pas conna\u00eetre en temps et en heure la totalit\u00e9 des \u00e9l\u00e9ments n\u00e9cessaires pour justifier une telle censure, in\u00e9dite depuis la loi de 1881 sur la libert\u00e9 de la presse.<\/em><\/p>\n\n\n\n<p><em>Violette Baty fait ici r\u00e9f\u00e9rence au fait que Me&nbsp;Ingrain, pendant qu\u2019il r\u00e9clamait la censure d\u2019informations \u00e0 venir de Mediapart au nom d\u2019une hypoth\u00e9tique violation de la vie priv\u00e9e, lui a cach\u00e9 que son client \u00e9tait, au m\u00eame moment, en train de r\u00e9pondre aux questions de notre journal.<\/em><em><\/em><\/p>\n\n\n\n<p><em>Au surplus, la magistrate rel\u00e8ve que les nouvelles r\u00e9v\u00e9lations de<\/em><em> <\/em><em>Mediapart&nbsp;(publi\u00e9es&nbsp;ici)&nbsp;reposent notamment sur des enregistrements clandestins, dont d\u2019autres extraits avaient d\u00e9j\u00e0 aliment\u00e9 de&nbsp;pr\u00e9c\u00e9dentes enqu\u00eates&nbsp;au mois de septembre dernier, sans que Ga\u00ebl Perdriau y trouve \u00e0 redire sur le plan judiciaire.<\/em><em><\/em><\/p>\n\n\n\n<p><em>\u00ab&nbsp;Ces diff\u00e9rents \u00e9l\u00e9ments&nbsp;[\u2026]&nbsp;ne permettent pas de caract\u00e9riser&nbsp;[\u2026]&nbsp;l\u2019existence de circonstances suffisantes justifiant une d\u00e9rogation au principe de la contradiction&nbsp;\u00bb, \u00e9crit la juge dans son ordonnance, qui condamne finalement Ga\u00ebl Perdriau \u00e0 verser 9&nbsp;000 euros \u00e0\u2026 Mediapart.<\/em><\/p>\n\n\n\n<p><em>Dans son ordonnance, la juge Baty reconna\u00eet d&rsquo;ailleurs que si la voie proc\u00e9durale emprunt\u00e9e par Ga\u00ebl Perdriau pour faire censurer Mediapart n\u2019est pas proscrite en droit, elle peut constituer vis-\u00e0-vis de la presse un\u00a0\u00ab\u00a0traitement judiciaire exorbitant\u00a0\u00bb, avec un risque d&rsquo;\u00eatre d\u00e9voy\u00e9e dans le but d\u2019\u00a0\u00ab\u00a0instituer un contr\u00f4le a priori de toute publication, aboutissant dans ce cas \u00e0 une censure pr\u00e9ventive\u00a0\u00bb.<\/em><\/p>\n","protected":false},"excerpt":{"rendered":"<p>Le 18 novembre, M\u00e9diapart avait \u00e9t\u00e9 interdit de publier un article sur le maire de Saint Etienne par la juge des r\u00e9f\u00e9r\u00e9s du tribunal judiciaire de Paris (Mme Baty) par une ordonnance prise sans d\u00e9bat contradictoire. Le 30 novembre la m\u00eame juge a pris une ordonnance de r\u00e9tractation estimant qu\u2019elle avait \u00e9t\u00e9 m\u00e9sinform\u00e9e dans sa [&hellip;]<\/p>\n","protected":false},"author":1,"featured_media":0,"comment_status":"closed","ping_status":"open","sticky":false,"template":"","format":"standard","meta":{"twitterCardType":"","cardImageID":0,"cardImage":"","cardTitle":"","cardDesc":"","cardImageAlt":"","cardPlayer":"","cardPlayerWidth":0,"cardPlayerHeight":0,"cardPlayerStream":"","cardPlayerCodec":"","footnotes":""},"categories":[62,11],"tags":[243,279,179],"class_list":["post-21084","post","type-post","status-publish","format-standard","hentry","category-le-rouge-le-vert-hebdo","category-politique-locale","tag-justice","tag-libertes","tag-presse"],"_links":{"self":[{"href":"https:\/\/www.ades-grenoble.org\/wordpress\/wp-json\/wp\/v2\/posts\/21084","targetHints":{"allow":["GET"]}}],"collection":[{"href":"https:\/\/www.ades-grenoble.org\/wordpress\/wp-json\/wp\/v2\/posts"}],"about":[{"href":"https:\/\/www.ades-grenoble.org\/wordpress\/wp-json\/wp\/v2\/types\/post"}],"author":[{"embeddable":true,"href":"https:\/\/www.ades-grenoble.org\/wordpress\/wp-json\/wp\/v2\/users\/1"}],"replies":[{"embeddable":true,"href":"https:\/\/www.ades-grenoble.org\/wordpress\/wp-json\/wp\/v2\/comments?post=21084"}],"version-history":[{"count":1,"href":"https:\/\/www.ades-grenoble.org\/wordpress\/wp-json\/wp\/v2\/posts\/21084\/revisions"}],"predecessor-version":[{"id":21085,"href":"https:\/\/www.ades-grenoble.org\/wordpress\/wp-json\/wp\/v2\/posts\/21084\/revisions\/21085"}],"wp:attachment":[{"href":"https:\/\/www.ades-grenoble.org\/wordpress\/wp-json\/wp\/v2\/media?parent=21084"}],"wp:term":[{"taxonomy":"category","embeddable":true,"href":"https:\/\/www.ades-grenoble.org\/wordpress\/wp-json\/wp\/v2\/categories?post=21084"},{"taxonomy":"post_tag","embeddable":true,"href":"https:\/\/www.ades-grenoble.org\/wordpress\/wp-json\/wp\/v2\/tags?post=21084"}],"curies":[{"name":"wp","href":"https:\/\/api.w.org\/{rel}","templated":true}]}}