{"id":21091,"date":"2022-12-09T09:57:50","date_gmt":"2022-12-09T08:57:50","guid":{"rendered":"https:\/\/www.ades-grenoble.org\/wordpress\/?p=21091"},"modified":"2022-12-09T11:05:00","modified_gmt":"2022-12-09T10:05:00","slug":"diverses-actualites-103","status":"publish","type":"post","link":"https:\/\/www.ades-grenoble.org\/wordpress\/2022\/12\/09\/diverses-actualites-103\/","title":{"rendered":"Diverses actualit\u00e9s"},"content":{"rendered":"<div class=\"wp-block-image is-style-default\">\n<figure class=\"alignleft size-full\"><img loading=\"lazy\" decoding=\"async\" width=\"400\" height=\"222\" src=\"https:\/\/www.ades-grenoble.org\/wordpress\/wp-content\/uploads\/2020\/11\/crieur.jpg\" alt=\"\" class=\"wp-image-18106\" srcset=\"https:\/\/www.ades-grenoble.org\/wordpress\/wp-content\/uploads\/2020\/11\/crieur.jpg 400w, https:\/\/www.ades-grenoble.org\/wordpress\/wp-content\/uploads\/2020\/11\/crieur-150x83.jpg 150w, https:\/\/www.ades-grenoble.org\/wordpress\/wp-content\/uploads\/2020\/11\/crieur-300x167.jpg 300w\" sizes=\"auto, (max-width: 400px) 100vw, 400px\" \/><\/figure>\n<\/div>\n\n\n<p><strong>Bilans sociaux 2019 des collectivit\u00e9s territoriales, 12\u00e8me synth\u00e8se nationale<\/strong>. <a rel=\"noreferrer noopener\" href=\"https:\/\/www.collectivites-locales.gouv.fr\/files\/FPT\/Bilans%20sociaux%202019%20-%20Version%20compl%C3%A8te%20MAJ.pdf\" target=\"_blank\">Exploitation statistique r\u00e9alis\u00e9e par la Direction g\u00e9n\u00e9rale des collectivit\u00e9s locales et le Centre national de la fonction publique territoriale, avec la participation des centres de gestion.<\/a> Publi\u00e9 tous les deux ans et mis \u00e0 la disposition des agents territoriaux, des professionnels des ressources humaines, mais aussi des acteurs ou observateurs de la fonction publique territoriale, ce document de r\u00e9f\u00e9rence vise \u00e0 la fois \u00e0 informer et \u00e0 alimenter la r\u00e9flexion sur les nombreuses th\u00e9matiques \u00ab ressources humaines \u00bb qu\u2019elles abordent. Il d\u00e9montre que la principale richesse des collectivit\u00e9s territoriales est avant tout les femmes et les hommes qui l\u2019animent au quotidien. <\/p>\n\n\n\n<hr class=\"wp-block-separator has-alpha-channel-opacity\"\/>\n\n\n\n<p><strong>Regard financier sur les petites villes (2 500 \u00e0 25 000 habitants)<\/strong> <a rel=\"noreferrer noopener\" href=\"https:\/\/www.labanquepostale.com\/newsroom-publications\/etudes\/etudes-finances-locales\/communes-bloc-communal\/regard-financier-petites-villes-decembre-2022.html\" target=\"_blank\">Ce dossier int\u00e9resse 23 communes de l\u2019agglom\u00e9ration<\/a>. En partenariat avec l&rsquo;Association des Petites Villes de France, la Direction des \u00e9tudes de La Banque Postale publie la 8\u00e8me \u00e9dition de \u00ab <em>Regard financier sur les petites villes<\/em> \u00bb. Cette \u00e9tude pr\u00e9sente les indicateurs financiers 2021 des communes de 2 500 \u00e0 25 000 habitants, en les distinguant selon 4 strates d\u00e9mographiques.<\/p>\n\n\n\n<hr class=\"wp-block-separator has-alpha-channel-opacity\"\/>\n\n\n\n<p><strong>Articulation des comp\u00e9tences des collectivit\u00e9s territoriales et de l\u2019\u00c9tat dans les politiques nationales et territoriales de l\u2019enfance, de l\u2019\u00e9ducation et de la jeunesse. <\/strong>C\u2019est le titre d\u2019<a rel=\"noreferrer noopener\" href=\"https:\/\/www.education.gouv.fr\/articulation-des-competences-des-collectivites-territoriales-et-de-l-etat-dans-les-politiques-340901\" target=\"_blank\">un rapport de l&rsquo;Inspection g\u00e9n\u00e9rale de l&rsquo;\u00e9ducation, du sport et de la recherche (IGESR)<\/a>, qui conclut que les collectivit\u00e9s doivent avoir un r\u00f4le accru dans la gouvernance de la politique \u00e9ducative.\u00a0Le rapport th\u00e9matique 2021 de l\u2019IGESR examine l\u2019\u00e9volution des modalit\u00e9s de coop\u00e9ration et de compl\u00e9mentarit\u00e9 qui se sont mises en place depuis les ann\u00e9es 1980 entre l\u2019\u00c9tat et les collectivit\u00e9s territoriales dans le domaine de l\u2019\u00e9ducation.<\/p>\n\n\n\n<!--more-->\n\n\n\n<hr class=\"wp-block-separator has-alpha-channel-opacity\"\/>\n\n\n\n<p><strong>Climat : comment les collectivit\u00e9s territoriales financent leurs\u00a0investissements.<\/strong> Les investissements d\u00e9di\u00e9s au climat r\u00e9alis\u00e9s par les collectivit\u00e9s territoriales doivent plus que doubler pour atteindre la neutralit\u00e9 carbone. Le\u00a0contexte actuel des finances locales est marqu\u00e9 par d\u2019importantes incertitudes qui pourraient compromettre l\u2019atteinte de cet objectif. <a rel=\"noreferrer noopener\" href=\"https:\/\/www.i4ce.org\/wp-content\/uploads\/2022\/11\/Climat-comment-les-collectivites-territoriales-financent-leurs-investissements_au251122.pdf\" target=\"_blank\">L&rsquo;Institut de l&rsquo;\u00e9conomie pour le climat (I4CE) appelle l\u2019\u00c9tat \u00e0 fournir aux collectivit\u00e9s territoriales un cadre clair<\/a> susceptible de les accompagner et d\u2019orienter dans la dur\u00e9e l\u2019acc\u00e9l\u00e9ration des investissements indispensables pour l\u2019atteinte de la neutralit\u00e9 carbone.<\/p>\n\n\n\n<hr class=\"wp-block-separator has-alpha-channel-opacity\"\/>\n\n\n\n<p><strong>LE FONDS VERT pour l\u2019acc\u00e9l\u00e9ration de la transition \u00e9cologique dans les territoires. <\/strong><a href=\"https:\/\/www.isere.gouv.fr\/Politiques-publiques\/Collectivites-territoriales\/France-nation-verte\/Guide-le-fond-vert-pour-l-acceleration-de-la-transition-ecologique-dans-les-territoires\" target=\"_blank\" rel=\"noreferrer noopener\">Un guide du minist\u00e8re de l\u2019\u00e9cologie \u00e0 l\u2019attention des d\u00e9cideurs locaux<\/a>. Le fonds d\u2019acc\u00e9l\u00e9ration de la transition \u00e9cologique dans les territoires, aussi appel\u00e9 <em>fonds vert,<\/em> est dot\u00e9 de 2 milliards d\u2019euros afin d\u2019aider, d\u00e8s 2023, les collectivit\u00e9s territoriales et leurs partenaires \u00e0 acc\u00e9l\u00e9rer leur transition \u00e9cologique. Inscrit dans la loi de finances 2023 et coordonn\u00e9 par la Direction g\u00e9n\u00e9rale de l\u2019am\u00e9nagement, du logement et de la nature (DGALN), en qualit\u00e9 de responsable de programme, ce fonds doit permettre le d\u00e9ploiement d\u2019actions territoriales, sous la responsabilit\u00e9 des<\/p>\n\n\n\n<hr class=\"wp-block-separator has-alpha-channel-opacity\"\/>\n\n\n\n<p><strong>D\u2019ici 2070, un tiers des r\u00e9gions perdraient des habitants. <\/strong><a href=\"https:\/\/www.insee.fr\/fr\/statistiques\/6658362\" target=\"_blank\" rel=\"noreferrer noopener\">Une \u00e9tude de l\u2019INSEE<\/a> montre que d\u2019ici 2070, la population augmenterait moins vite ou continuerait de diminuer dans toutes les r\u00e9gions de France m\u00e9tropolitaine. Les populations des r\u00e9gions du Sud et de l\u2019Ouest, o\u00f9 la croissance d\u00e9mographique est actuellement la plus forte, seraient les seules \u00e0 cro\u00eetre sur la p\u00e9riode 2018-2070 gr\u00e2ce \u00e0 une contribution positive de leur solde migratoire. En 2018, la population aurait d\u00e9j\u00e0 d\u00e9pass\u00e9 son pic dans 38\u00a0d\u00e9partements, dont 14 depuis plus de dix ans\u00a0; d\u2019ici 2070, 91\u00a0d\u00e9partements seraient dans cette situation. <a href=\"https:\/\/www.insee.fr\/fr\/statistiques\/6658362\">D\u2019ici 2070, un tiers des r\u00e9gions perdraient des habitants &#8211; Insee Premi\u00e8re &#8211; 1930<\/a><\/p>\n\n\n\n<hr class=\"wp-block-separator has-alpha-channel-opacity\"\/>\n\n\n\n<p><strong>Les m\u00e9tiers en tension et les besoins dans l\u2019\u00c9ducation populaire.<\/strong><a rel=\"noreferrer noopener\" href=\"https:\/\/www.ligue95.com\/wp-content\/uploads\/2022\/11\/Enquete2022-Hexopee-Fonjep.pdf\" target=\"_blank\"><strong> <\/strong>Une enqu\u00eate sur les difficult\u00e9s de recrutement dans le secteur de l\u2019animation<\/a>. L\u2019enqu\u00eate a \u00e9t\u00e9 r\u00e9alis\u00e9e conjointement par Hexop\u00e9e et le Fonjep. 1 283 participations de structures et associations ont relay\u00e9 d\u2019importantes difficult\u00e9s de recrutement engendrant des complications significatives pour le fonctionnement de leurs \u00e9quipements.<\/p>\n\n\n\n<hr class=\"wp-block-separator has-alpha-channel-opacity\"\/>\n\n\n\n<p><strong>Les collectes de g\u00e9n\u00e9rosit\u00e9 du public li\u00e9es \u00e0 la crise sanitaire. <\/strong><a rel=\"noreferrer noopener\" href=\"https:\/\/www.ccomptes.fr\/system\/files\/2022-11\/20221128-Collectes-generosite-public-crise-sanitaire_0.pdf\" target=\"_blank\">Une enqu\u00eate de la Cour des Comptes<\/a> aupr\u00e8s d\u2019organismes b\u00e9n\u00e9ficiant de dons. Il s\u2019agit cinq organismes philanthropiques au c\u0153ur de la crise sanitaire\u00a0: la Croix-Rouge fran\u00e7aise, la Fondation de l\u2019AP-HP2 , la Fondation de France, la Fondation des H\u00f4pitaux et l\u2019Institut Pasteur. Ces organismes ont collect\u00e9 plus de 200 M\u20ac et les ont d\u00e9pens\u00e9 rapidement pour r\u00e9pondre \u00e0 l\u2019ampleur et \u00e0 l\u2019urgence de la crise.<\/p>\n","protected":false},"excerpt":{"rendered":"<p>Bilans sociaux 2019 des collectivit\u00e9s territoriales, 12\u00e8me synth\u00e8se nationale. Exploitation statistique r\u00e9alis\u00e9e par la Direction g\u00e9n\u00e9rale des collectivit\u00e9s locales et le Centre national de la fonction publique territoriale, avec la participation des centres de gestion. Publi\u00e9 tous les deux ans et mis \u00e0 la disposition des agents territoriaux, des professionnels des ressources humaines, mais aussi [&hellip;]<\/p>\n","protected":false},"author":1,"featured_media":0,"comment_status":"closed","ping_status":"open","sticky":false,"template":"","format":"standard","meta":{"twitterCardType":"","cardImageID":0,"cardImage":"","cardTitle":"","cardDesc":"","cardImageAlt":"","cardPlayer":"","cardPlayerWidth":0,"cardPlayerHeight":0,"cardPlayerStream":"","cardPlayerCodec":"","footnotes":""},"categories":[62,11],"tags":[223,226,40,361,33],"class_list":["post-21091","post","type-post","status-publish","format-standard","hentry","category-le-rouge-le-vert-hebdo","category-politique-locale","tag-climat","tag-collectivites","tag-education","tag-enfance","tag-social"],"_links":{"self":[{"href":"https:\/\/www.ades-grenoble.org\/wordpress\/wp-json\/wp\/v2\/posts\/21091","targetHints":{"allow":["GET"]}}],"collection":[{"href":"https:\/\/www.ades-grenoble.org\/wordpress\/wp-json\/wp\/v2\/posts"}],"about":[{"href":"https:\/\/www.ades-grenoble.org\/wordpress\/wp-json\/wp\/v2\/types\/post"}],"author":[{"embeddable":true,"href":"https:\/\/www.ades-grenoble.org\/wordpress\/wp-json\/wp\/v2\/users\/1"}],"replies":[{"embeddable":true,"href":"https:\/\/www.ades-grenoble.org\/wordpress\/wp-json\/wp\/v2\/comments?post=21091"}],"version-history":[{"count":1,"href":"https:\/\/www.ades-grenoble.org\/wordpress\/wp-json\/wp\/v2\/posts\/21091\/revisions"}],"predecessor-version":[{"id":21092,"href":"https:\/\/www.ades-grenoble.org\/wordpress\/wp-json\/wp\/v2\/posts\/21091\/revisions\/21092"}],"wp:attachment":[{"href":"https:\/\/www.ades-grenoble.org\/wordpress\/wp-json\/wp\/v2\/media?parent=21091"}],"wp:term":[{"taxonomy":"category","embeddable":true,"href":"https:\/\/www.ades-grenoble.org\/wordpress\/wp-json\/wp\/v2\/categories?post=21091"},{"taxonomy":"post_tag","embeddable":true,"href":"https:\/\/www.ades-grenoble.org\/wordpress\/wp-json\/wp\/v2\/tags?post=21091"}],"curies":[{"name":"wp","href":"https:\/\/api.w.org\/{rel}","templated":true}]}}