{"id":21245,"date":"2023-01-28T08:57:19","date_gmt":"2023-01-28T07:57:19","guid":{"rendered":"https:\/\/www.ades-grenoble.org\/wordpress\/?p=21245"},"modified":"2023-01-28T09:49:10","modified_gmt":"2023-01-28T08:49:10","slug":"diverses-actualites-108","status":"publish","type":"post","link":"https:\/\/www.ades-grenoble.org\/wordpress\/2023\/01\/28\/diverses-actualites-108\/","title":{"rendered":"Diverses actualit\u00e9s"},"content":{"rendered":"<div class=\"wp-block-image is-style-default\">\n<figure class=\"alignleft size-full\"><img loading=\"lazy\" decoding=\"async\" width=\"400\" height=\"222\" src=\"https:\/\/www.ades-grenoble.org\/wordpress\/wp-content\/uploads\/2020\/11\/crieur.jpg\" alt=\"\" class=\"wp-image-18106\" srcset=\"https:\/\/www.ades-grenoble.org\/wordpress\/wp-content\/uploads\/2020\/11\/crieur.jpg 400w, https:\/\/www.ades-grenoble.org\/wordpress\/wp-content\/uploads\/2020\/11\/crieur-150x83.jpg 150w, https:\/\/www.ades-grenoble.org\/wordpress\/wp-content\/uploads\/2020\/11\/crieur-300x167.jpg 300w\" sizes=\"auto, (max-width: 400px) 100vw, 400px\" \/><\/figure>\n<\/div>\n\n\n<p><strong>Rapport 2023 sur l\u2019\u00e9tat du sexisme en France\u00a0: le sexisme perdure et ses manifestations les plus violentes s\u2019aggravent. <\/strong>Le Haut Conseil \u00e0 l\u2019\u00e9galit\u00e9 entre les femmes et les hommes (HCE) a rendu <a rel=\"noreferrer noopener\" href=\"https:\/\/haut-conseil-egalite.gouv.fr\/stereotypes-et-roles-sociaux\/travaux-du-hce\/article\/rapport-2023-sur-l-etat-du-sexisme-en-france-le-sexisme-perdure-et-ses\" target=\"_blank\">son rapport le 23 janvier<\/a>. Le sexisme ne recule pas en France. Au contraire, il perdure et ses manifestations les plus violentes s\u2019aggravent. Tel est le constat alarmant du rapport annuel 2023 du HCE sur l\u2019\u00e9tat du sexisme en France, qui s\u2019appuie \u00e0 la fois sur les derniers chiffres officiels et sur les r\u00e9sultats du barom\u00e8tre r\u00e9alis\u00e9 par l\u2019institut Viavoice aupr\u00e8s de 2500 personnes repr\u00e9sentatives. Ce sondage rend compte des perceptions de la soci\u00e9t\u00e9 face aux in\u00e9galit\u00e9s entre les femmes et les hommes, \u00e9value le degr\u00e9 de sexisme de la population, restitue le v\u00e9cu des femmes et mesure l\u2019adh\u00e9sion aux outils de lutte existants.<\/p>\n\n\n\n<hr class=\"wp-block-separator has-alpha-channel-opacity\"\/>\n\n\n\n<p><strong>Un arr\u00eat important pour les libert\u00e9s individuelles de la cour de Justice europ\u00e9enne<\/strong>. La collecte syst\u00e9matique des donn\u00e9es biom\u00e9triques et g\u00e9n\u00e9tiques de toute personne mise en examen aux fins de leur enregistrement policier est contraire \u00e0 l\u2019exigence (pos\u00e9e par la Directive (UE) 2016\/680 du Parlement europ\u00e9en et du Conseil, du 27 avril 2016) d\u2019assurer une protection accrue \u00e0 l\u2019\u00e9gard du traitement de donn\u00e9es sensibles \u00e0 caract\u00e8re personnel, vient de trancher la CJUE par <a rel=\"noreferrer noopener\" href=\"https:\/\/curia.europa.eu\/jcms\/upload\/docs\/application\/pdf\/2023-01\/cp230016fr.pdf\" target=\"_blank\">un arr\u00eat du 26 janvier 2023<\/a>.<\/p>\n\n\n\n<hr class=\"wp-block-separator has-alpha-channel-opacity\"\/>\n\n\n\n<p><strong><a rel=\"noreferrer noopener\" href=\"https:\/\/www.gart.org\/wp-content\/uploads\/2022\/05\/Plateforme-GART-prochaine-legislature-2022-2027_19052022.pdf\" target=\"_blank\">7 propositions du Groupement des Autorit\u00e9s Responsables de Transport (GART) en faveur de la mobilit\u00e9 2022-2027<\/a><\/strong>\u00a0: engager l\u2019\u00c9tat \u00e0 hauteur de 5 Milliards d\u2019Euros en faveur de la mobilit\u00e9 du quotidien avec un nouveau plan d\u2019investissement, r\u00e9tablir la TVA \u00e0 5,5% pour augmenter la capacit\u00e9 d\u2019investissement des AOM, \u00a0transformer en subventions les avances de tr\u00e9sorerie vers\u00e9es dans le cadre de la crise sanitaire, garantir la p\u00e9rennit\u00e9 du versement mobilit\u00e9, d\u00e9velopper un titre unique pour toutes les mobilit\u00e9s \u00e0 l\u2019\u00e9chelle nationale, cr\u00e9er un bureau des temps et engager une r\u00e9flexion globale sur les horaires et les usages, int\u00e9grer le bio GNV dans les \u00e9nergies \u00e0 tr\u00e8s faibles \u00e9missions. <\/p>\n\n\n\n<!--more-->\n\n\n\n<hr class=\"wp-block-separator has-alpha-channel-opacity\"\/>\n\n\n\n<p><strong>A pied d&rsquo;\u0153uvre. Mettre les pi\u00e9tons au c\u0153ur de la fabrique des espaces publics<\/strong>. <a rel=\"noreferrer noopener\" href=\"https:\/\/librairie.ademe.fr\/urbanisme-et-batiment\/5998-a-pied-d-oeuvre-mettre-les-pietons-au-coeur-de-la-fabrique-des-espaces-publics-9791029720024.html\" target=\"_blank\">Un guide de l\u2019Ademe<\/a> propose d\u2019am\u00e9nager les espaces publics pour redonner une place centrale aux pi\u00e9tons. Ce guide invite \u00e0 repenser en profondeur les m\u00e9canismes d\u2019am\u00e9nagement pour inverser les tendances du \u00ab tout voiture \u00bb et cr\u00e9er des espaces plus sobres et apais\u00e9s, repla\u00e7ant\u00a0les pi\u00e9tons au centre des pr\u00e9occupations des politiques publiques. <\/p>\n\n\n\n<hr class=\"wp-block-separator has-alpha-channel-opacity\"\/>\n\n\n\n<p><strong><a rel=\"noreferrer noopener\" href=\"https:\/\/metropolitiques.eu\/De-quelle-recherche-urbaine-avons-nous-besoin.html\" target=\"_blank\">De quelle recherche urbaine avons-nous besoin\u00a0?<\/a> <\/strong>Dresser une prospective de la recherche urbaine pour les prochaines ann\u00e9es\u00a0: voil\u00e0 ce \u00e0 quoi se sont attel\u00e9es plusieurs dizaines de chercheurs dont les contributions ont \u00e9t\u00e9 rassembl\u00e9es sous l\u2019\u00e9gide du CNRS.\u00a0<a href=\"https:\/\/metropolitiques.eu\/La-TVA-ANRU-un-outil-fiscal-pour.html\">Brigitte Guigou<\/a>\u00a0montre leur int\u00e9r\u00eat tant pour la recherche que pour les praticiens et praticiennes de l\u2019urbain et des territoires.<\/p>\n\n\n\n<hr class=\"wp-block-separator has-alpha-channel-opacity\"\/>\n\n\n\n<p><strong>Gr\u00e8ves des enseignants : rappel des conditions d\u2019accueil des \u00e9l\u00e8ves des \u00e9coles maternelles et \u00e9l\u00e9mentaires pendant le temps scolaire. <\/strong>L\u2019association des maires de France a produit <a rel=\"noreferrer noopener\" href=\"https:\/\/medias.amf.asso.fr\/upload\/files\/10%20-%20SF%20-%20Service%20minimum%20des%20%C3%A9coles.pdf\" target=\"_blank\">une note qui rappelle les r\u00e8gles sur le service minimum<\/a>. La journ\u00e9e de mobilisation du 19 janvier contre la r\u00e9forme des retraites a \u00e9t\u00e9 un succ\u00e8s pour les organisations syndicales, et elle ne sera certainement pas la derni\u00e8re. En vue de nouvelles journ\u00e9es d\u00e9j\u00e0 pr\u00e9vues, l&rsquo;AMF rappelle les r\u00e8gles sur les conditions d&rsquo;accueil des \u00e9l\u00e8ves des \u00e9coles maternelles et \u00e9l\u00e9mentaires en cas de gr\u00e8ve des enseignants.<\/p>\n\n\n\n<hr class=\"wp-block-separator has-alpha-channel-opacity\"\/>\n\n\n\n<p><a href=\"https:\/\/defenseurdesdroits.fr\/fr\/a-la-une\/2023\/01\/deontologie-de-la-securite-publication-dune-etude-inedite\"><strong>D\u00e9ontologie de la s\u00e9curit\u00e9 : publication d\u2019une \u00e9tude in\u00e9dite<\/strong><\/a><strong>. <\/strong>Le 20 janvier 2023, le D\u00e9fenseur des droits publie une \u00e9tude baptis\u00e9e \u00ab\u00a0<em>Les agences de contr\u00f4le externe des polices : \u00e9mergence et consolidation<\/em>\u00a0\u00bb<em>.\u00a0<\/em>Cette \u00e9tude, r\u00e9alis\u00e9epar une \u00e9quipe ind\u00e9pendante de chercheurs \u00e0 partir de donn\u00e9es originales collect\u00e9es aupr\u00e8s de 25 agences dans 20 pays est une premi\u00e8re du genre sur le sujet. On d\u00e9couvre que les gouvernements qui garantissent l\u2019ind\u00e9pendance des agences de contr\u00f4le des polices leur donnent de moindres moyens mat\u00e9riels de r\u00e9aliser leur mission. C\u2019est en particulier le cas de la France qui pr\u00e9sente la dotation la plus faible d\u2019Europe par agent de police \u00e0 contr\u00f4ler.<\/p>\n\n\n\n<hr class=\"wp-block-separator has-alpha-channel-opacity\"\/>\n\n\n\n<p><strong><a rel=\"noreferrer noopener\" href=\"https:\/\/www.anses.fr\/fr\/renforcer-surveillance-ogm-environnement\" target=\"_blank\">Renforcer la surveillance des OGM dans l\u2019environnement<\/a>. <\/strong>Suite \u00e0 l\u2019identification de plants de colza g\u00e9n\u00e9tiquement modifi\u00e9 \u00e0 proximit\u00e9 de Rouen, l\u2019Agence nationale de s\u00e9curit\u00e9 sanitaire de l\u2019alimentation,\u00a0de l\u2019environnement et du travail. (Anses) a \u00e9t\u00e9 charg\u00e9e d\u2019\u00e9valuer l\u2019efficacit\u00e9 des mesures appliqu\u00e9es pour les \u00e9radiquer et, de mani\u00e8re plus g\u00e9n\u00e9rale pour \u00e9viter la diss\u00e9mination accidentelle d\u2019OGM dans l\u2019environnement. Le 20 janvier 2023, elle recommande de renforcer les plans de surveillance, et notamment de cartographier les zones les plus \u00e0 risques de diss\u00e9mination sur le territoire fran\u00e7ais.<\/p>\n\n\n\n<hr class=\"wp-block-separator has-alpha-channel-opacity\"\/>\n\n\n\n<p><strong>Le suivi \u00e9conomique et financier des a\u00e9roports<\/strong>. C\u2019est <a rel=\"noreferrer noopener\" href=\"https:\/\/www.autorite-transports.fr\/actualites\/143334\/?context=news\" target=\"_blank\">le premier rapport publi\u00e9 le 18 janvier 2013 par l\u2019Autorit\u00e9 de r\u00e9gulation des transports (ART)<\/a>. Elle y observe notamment que, malgr\u00e9 la rupture de la croissance soutenue du trafic a\u00e9rien observ\u00e9e depuis 2010 du fait de la crise sanitaire en 2020, le mod\u00e8le \u00e9conomique des a\u00e9roports a r\u00e9sist\u00e9 gr\u00e2ce \u00e0 une bonne sant\u00e9 financi\u00e8re initiale. La mise en \u0153uvre de cette mission permettra \u00e0 l\u2019ART d\u2019observer, au cours des prochaines ann\u00e9es, l\u2019\u00e9volution des indicateurs \u00e9conomiques et financiers des a\u00e9roports en sortie de crise, dans un contexte marqu\u00e9 par la transition \u00e9cologique du secteur.<\/p>\n\n\n\n<hr class=\"wp-block-separator has-alpha-channel-opacity\"\/>\n\n\n\n<p><strong>Le D.O.B. en instantan\u00e9 &#8211; Janvier 2023<\/strong>. <a rel=\"noreferrer noopener\" href=\"https:\/\/www.labanquepostale.com\/newsroom-publications\/etudes\/etudes-finances-locales\/secteur-public-local\/dob-instantane-janvier-2023.html\" target=\"_blank\">Une \u00e9tude de la Banque Postale <\/a>pour accompagner les collectivit\u00e9s locales dans une \u00e9tape essentielle de leur cycle budg\u00e9taire, Elle publie une analyse de la loi de finances 2023 et des lois de finances rectificatives n\u00b0 1 et 2 pour 2022. Un outil complet et pratique, sur lequel les collectivit\u00e9s pourront s&rsquo;appuyer, notamment pour \u00e9laborer leur budget pour 2023.<\/p>\n\n\n\n<hr class=\"wp-block-separator has-alpha-channel-opacity\"\/>\n\n\n\n<p><strong>Des communaut\u00e9s de communes rurales aux m\u00e9tropoles urbaines\u00a0: la\u00a0grande diversit\u00e9 des EPCI \u00e0\u00a0fiscalit\u00e9 propre en France. <\/strong><a rel=\"noreferrer noopener\" href=\"https:\/\/www.insee.fr\/fr\/statistiques\/6689129\" target=\"_blank\">Une \u00e9tude de l\u2019INSEE sur l\u2019intercommunalit\u00e9<\/a>. Entre 2013 et 2019, la population augmente davantage dans les m\u00e9tropoles (+\u00a00,6\u00a0% en moyenne par an, contre +\u00a00,4\u00a0% dans l\u2019ensemble des EPCI \u00e0 fiscalit\u00e9 propre). Elle cro\u00eet moins dans les communaut\u00e9s de communes, except\u00e9 dans celles \u00e0 dominante urbaine. 18\u00a0% des logements sont en suroccupation dans les m\u00e9tropoles, soit deux fois plus que dans les communaut\u00e9s d\u2019agglom\u00e9ration et cinq fois plus que dans les communaut\u00e9s de communes.<\/p>\n\n\n\n<hr class=\"wp-block-separator has-alpha-channel-opacity\"\/>\n\n\n\n<p><strong>Crise climatique et biodiversit\u00e9 : un num\u00e9ro sp\u00e9cial du journal trimestriel LPO Info AuRA. <\/strong>Pour <a rel=\"noreferrer noopener\" href=\"https:\/\/auvergne-rhone-alpes.lpo.fr\/wp-content\/uploads\/lpo-info_7.pdf\" target=\"_blank\">ce premier num\u00e9ro de 2023<\/a>, et suite \u00e0 l\u2019ann\u00e9e 2022 particuli\u00e8rement \u00e9prouvante pour les animaux sauvages et les \u00e9cosyst\u00e8mes, la LPO Auvergne-Rh\u00f4ne-Alpes a d\u00e9cid\u00e9 de publier une \u00e9dition sp\u00e9ciale de son journal LPO Info, en traitant de la crise climatique. Ce journal pr\u00e9sente un grand nombre d\u2019articles qui permettent d\u2019en savoir plus sur l\u2019impact de la crise<a href=\"https:\/\/auvergne-rhone-alpes.lpo.fr\/wp-content\/uploads\/lpo-info_7.pdf\">.<\/a><\/p>\n\n\n\n<hr class=\"wp-block-separator has-alpha-channel-opacity\"\/>\n\n\n\n<p><strong>Panorama de la cybermenace 2022<\/strong>. C\u2019est le titre du <a href=\"https:\/\/www.cert.ssi.gouv.fr\/cti\/CERTFR-2023-CTI-001\/\" target=\"_blank\" rel=\"noreferrer noopener\">rapport de l&rsquo;Agence nationale de la s\u00e9curit\u00e9 des syst\u00e8mes d&rsquo;information (Anssi)<\/a>. La menace cyber est toujours aussi forte en 2022 pour les collectivit\u00e9s. Les attaques par ran\u00e7ongiciel se sont multipli\u00e9es \u00e0 l&rsquo;encontre des collectivit\u00e9s territoriales et des \u00e9tablissements de sant\u00e9. La mont\u00e9e en puissance des attaques s\u2019observe notamment \u00e0 travers l\u2019utilisation de\u00a0programmes malveillants\u00a0qui associent\u00a0\u00e0 la fois \u00e0 des activit\u00e9s cybercriminelles et des activit\u00e9s d\u2019espionnage.\u00a0<\/p>\n","protected":false},"excerpt":{"rendered":"<p>Rapport 2023 sur l\u2019\u00e9tat du sexisme en France\u00a0: le sexisme perdure et ses manifestations les plus violentes s\u2019aggravent. Le Haut Conseil \u00e0 l\u2019\u00e9galit\u00e9 entre les femmes et les hommes (HCE) a rendu son rapport le 23 janvier. Le sexisme ne recule pas en France. Au contraire, il perdure et ses manifestations les plus violentes s\u2019aggravent. [&hellip;]<\/p>\n","protected":false},"author":1,"featured_media":0,"comment_status":"closed","ping_status":"open","sticky":false,"template":"","format":"standard","meta":{"twitterCardType":"","cardImageID":0,"cardImage":"","cardTitle":"","cardDesc":"","cardImageAlt":"","cardPlayer":"","cardPlayerWidth":0,"cardPlayerHeight":0,"cardPlayerStream":"","cardPlayerCodec":"","footnotes":""},"categories":[62,11],"tags":[5,42,69,279],"class_list":["post-21245","post","type-post","status-publish","format-standard","hentry","category-le-rouge-le-vert-hebdo","category-politique-locale","tag-deplacements","tag-droits-des-femmes","tag-ens-superieur-et-recherche","tag-libertes"],"_links":{"self":[{"href":"https:\/\/www.ades-grenoble.org\/wordpress\/wp-json\/wp\/v2\/posts\/21245","targetHints":{"allow":["GET"]}}],"collection":[{"href":"https:\/\/www.ades-grenoble.org\/wordpress\/wp-json\/wp\/v2\/posts"}],"about":[{"href":"https:\/\/www.ades-grenoble.org\/wordpress\/wp-json\/wp\/v2\/types\/post"}],"author":[{"embeddable":true,"href":"https:\/\/www.ades-grenoble.org\/wordpress\/wp-json\/wp\/v2\/users\/1"}],"replies":[{"embeddable":true,"href":"https:\/\/www.ades-grenoble.org\/wordpress\/wp-json\/wp\/v2\/comments?post=21245"}],"version-history":[{"count":1,"href":"https:\/\/www.ades-grenoble.org\/wordpress\/wp-json\/wp\/v2\/posts\/21245\/revisions"}],"predecessor-version":[{"id":21246,"href":"https:\/\/www.ades-grenoble.org\/wordpress\/wp-json\/wp\/v2\/posts\/21245\/revisions\/21246"}],"wp:attachment":[{"href":"https:\/\/www.ades-grenoble.org\/wordpress\/wp-json\/wp\/v2\/media?parent=21245"}],"wp:term":[{"taxonomy":"category","embeddable":true,"href":"https:\/\/www.ades-grenoble.org\/wordpress\/wp-json\/wp\/v2\/categories?post=21245"},{"taxonomy":"post_tag","embeddable":true,"href":"https:\/\/www.ades-grenoble.org\/wordpress\/wp-json\/wp\/v2\/tags?post=21245"}],"curies":[{"name":"wp","href":"https:\/\/api.w.org\/{rel}","templated":true}]}}