{"id":21257,"date":"2023-01-28T09:19:19","date_gmt":"2023-01-28T08:19:19","guid":{"rendered":"https:\/\/www.ades-grenoble.org\/wordpress\/?p=21257"},"modified":"2023-01-28T09:50:07","modified_gmt":"2023-01-28T08:50:07","slug":"politique-politicienne-284","status":"publish","type":"post","link":"https:\/\/www.ades-grenoble.org\/wordpress\/2023\/01\/28\/politique-politicienne-284\/","title":{"rendered":"Politique politicienne"},"content":{"rendered":"<div class=\"wp-block-image is-style-default\">\n<figure class=\"alignleft size-full\"><img loading=\"lazy\" decoding=\"async\" width=\"200\" height=\"234\" src=\"https:\/\/www.ades-grenoble.org\/wordpress\/wp-content\/uploads\/2015\/01\/fou1.png\" alt=\"fou\" class=\"wp-image-9634\" srcset=\"https:\/\/www.ades-grenoble.org\/wordpress\/wp-content\/uploads\/2015\/01\/fou1.png 200w, https:\/\/www.ades-grenoble.org\/wordpress\/wp-content\/uploads\/2015\/01\/fou1-128x150.png 128w\" sizes=\"auto, (max-width: 200px) 100vw, 200px\" \/><\/figure>\n<\/div>\n\n\n<p>Conform\u00e9ment \u00e0 son habitude quotidienne, A. Carignon (conseiller municipal tr\u00e8s \u00e0 droite) d\u00e9verse ses contrev\u00e9rit\u00e9s. Le 25 janvier il arrive \u00e0 faire passer dans la presse, l\u2019affirmation imb\u00e9cile\u00a0que le maire de Grenoble veut augmenter \u00e0 la fois les imp\u00f4ts et la dette. S\u2019il y a augmentation des imp\u00f4ts c\u2019est justement pour \u00e9viter une augmentation de la dette suite \u00e0 l\u2019augmentation n\u00e9cessaire des investissements. Il est pr\u00e9vu de stabiliser la dette car elle co\u00fbte de plus en plus cher vu l\u2019augmentation des taux d\u2019int\u00e9r\u00eats. Son inconscient doit lui rappeler que lorsqu\u2019il \u00e9tait maire, A. Carignon a \u00e0 la fois augment\u00e9 fortement les imp\u00f4ts (en le cachant) et fait exploser la dette de Grenoble qui est pass\u00e9e en quelques ann\u00e9es de 100 \u00e0 250 M\u20ac\u00a0! <\/p>\n\n\n\n<hr class=\"wp-block-separator has-alpha-channel-opacity\"\/>\n\n\n\n<p>Le porte-parole du gouvernement O. V\u00e9ran se veut droit dans ses bottes. Dimanche 22 janvier il d\u00e9clare sur BFM que le nombre de manifestants contre la r\u00e9forme des retraites ne change rien pour le gouvernement. Dans l\u2019histoire, le nombre de manifestants a pourtant plusieurs fois oblig\u00e9 des gouvernements \u00e0 faire machine arri\u00e8re. Ce genre de d\u00e9claration peut au contraire pousser les opposants \u00e0 des mobilisations encore plus fortes. La mobilisation du 31 janvier pourrait \u00eatre la r\u00e9plique \u00e0 cette d\u00e9claration tr\u00e8s politicienne.<\/p>\n","protected":false},"excerpt":{"rendered":"<p>Conform\u00e9ment \u00e0 son habitude quotidienne, A. Carignon (conseiller municipal tr\u00e8s \u00e0 droite) d\u00e9verse ses contrev\u00e9rit\u00e9s. Le 25 janvier il arrive \u00e0 faire passer dans la presse, l\u2019affirmation imb\u00e9cile\u00a0que le maire de Grenoble veut augmenter \u00e0 la fois les imp\u00f4ts et la dette. S\u2019il y a augmentation des imp\u00f4ts c\u2019est justement pour \u00e9viter une augmentation de [&hellip;]<\/p>\n","protected":false},"author":1,"featured_media":0,"comment_status":"closed","ping_status":"open","sticky":false,"template":"","format":"standard","meta":{"twitterCardType":"","cardImageID":0,"cardImage":"","cardTitle":"","cardDesc":"","cardImageAlt":"","cardPlayer":"","cardPlayerWidth":0,"cardPlayerHeight":0,"cardPlayerStream":"","cardPlayerCodec":"","footnotes":""},"categories":[62,11],"tags":[30,54],"class_list":["post-21257","post","type-post","status-publish","format-standard","hentry","category-le-rouge-le-vert-hebdo","category-politique-locale","tag-corrompu","tag-politique-droite-gauche"],"_links":{"self":[{"href":"https:\/\/www.ades-grenoble.org\/wordpress\/wp-json\/wp\/v2\/posts\/21257","targetHints":{"allow":["GET"]}}],"collection":[{"href":"https:\/\/www.ades-grenoble.org\/wordpress\/wp-json\/wp\/v2\/posts"}],"about":[{"href":"https:\/\/www.ades-grenoble.org\/wordpress\/wp-json\/wp\/v2\/types\/post"}],"author":[{"embeddable":true,"href":"https:\/\/www.ades-grenoble.org\/wordpress\/wp-json\/wp\/v2\/users\/1"}],"replies":[{"embeddable":true,"href":"https:\/\/www.ades-grenoble.org\/wordpress\/wp-json\/wp\/v2\/comments?post=21257"}],"version-history":[{"count":1,"href":"https:\/\/www.ades-grenoble.org\/wordpress\/wp-json\/wp\/v2\/posts\/21257\/revisions"}],"predecessor-version":[{"id":21258,"href":"https:\/\/www.ades-grenoble.org\/wordpress\/wp-json\/wp\/v2\/posts\/21257\/revisions\/21258"}],"wp:attachment":[{"href":"https:\/\/www.ades-grenoble.org\/wordpress\/wp-json\/wp\/v2\/media?parent=21257"}],"wp:term":[{"taxonomy":"category","embeddable":true,"href":"https:\/\/www.ades-grenoble.org\/wordpress\/wp-json\/wp\/v2\/categories?post=21257"},{"taxonomy":"post_tag","embeddable":true,"href":"https:\/\/www.ades-grenoble.org\/wordpress\/wp-json\/wp\/v2\/tags?post=21257"}],"curies":[{"name":"wp","href":"https:\/\/api.w.org\/{rel}","templated":true}]}}