{"id":2127,"date":"2010-07-29T18:37:57","date_gmt":"2010-07-29T16:37:57","guid":{"rendered":"http:\/\/www.ades-grenoble.org\/wordpress\/?p=2127"},"modified":"2010-10-23T19:33:57","modified_gmt":"2010-10-23T17:33:57","slug":"sarkozy-a-grenoble-il-faut-une-autre-politique-pour-legalite-la-solidarite-et-la-justice-sociale","status":"publish","type":"post","link":"https:\/\/www.ades-grenoble.org\/wordpress\/2010\/07\/29\/sarkozy-a-grenoble-il-faut-une-autre-politique-pour-legalite-la-solidarite-et-la-justice-sociale\/","title":{"rendered":"Sarkozy \u00e0 Grenoble : il faut une autre politique ! Pour l\u2019\u00e9galit\u00e9, la solidarit\u00e9 et la justice sociale"},"content":{"rendered":"<p><strong>Les \u00e9v\u00e8nements graves survenus \u00e0 la Villeneuve de Grenoble attestent de la gravit\u00e9 de la crise <\/strong>qui ne se r\u00e9duit ni \u00e0 une crise des quartiers populaires, ni \u00e0 une crise de la jeunesse, ni \u00e0 la crise de l\u2019immigration, mais \u00e0 <strong>une crise sociale profonde.<\/strong><\/p>\n<p>Nous condamnons la surench\u00e8re r\u00e9pressive, spectaculaire mais inefficace du gouvernement. Nicolas Sarkozy a d\u00e9cid\u00e9 d&rsquo;aller encore plus loin dans le tout r\u00e9pressif. Le pr\u00e9fet Dupuy est remplac\u00e9 par un ancien policier, Eric Le Douaron, qui aura pour mission d&rsquo;accentuer les politiques s\u00e9curitaires.<\/p>\n<p><strong>Pour \u00ab\u00a0marquer\u00a0\u00bb ce changement, Nicolas Sarkozy vient \u00e0 Grenoble le 30 juillet \u00ab\u00a0installer\u00a0\u00bb le nouveau pr\u00e9fet. A n&rsquo;en pas douter, cela sera v\u00e9cu \u00e0 juste titre comme une nouvelle provocation dans une strat\u00e9gie de d\u00e9veloppement de la tension.<\/strong><\/p>\n<p>Ce ne sont pas ces \u00ab\u00a0policiers-pr\u00e9fets\u00a0\u00bb, le toujours moins de social et le toujours plus de r\u00e9pressions polici\u00e8res (BAC, GIPN, RAID, ballets d\u2019h\u00e9licopt\u00e8res\u2026), l\u2019\u00e9tat de si\u00e8ge ou la vid\u00e9osurveillance, qui vont assurer la s\u00e9curit\u00e9 des habitants, donner du boulot aux jeunes, aux ch\u00f4meurs et satisfaire les droits et besoins sociaux.<\/p>\n<p>Sarkozy et son Gouvernement ont beau stigmatiser telle ou telle cat\u00e9gorie de la population, d\u00e9signer des boucs \u00e9missaires (Gens du voyage, Roms, demandeurs d\u2019asile, sans papiers, habitants des quartiers populaires\u2026), ils n\u2019arriveront pas \u00e0\u00a0:<\/p>\n<ul>\n<li>faire oublier les scandales politico-financiers (affaire Woerth-Bettencourt).<\/li>\n<li>masquer la contestation de leur politique de r\u00e9gression sociale dont leur r\u00e9forme des retraites est le fer de lance.<strong><strong> <\/strong><\/strong><\/li>\n<\/ul>\n<h2 style=\"text-align: center;\"><strong>Nous appelons \u00e0 un rassemblement de protestation<br \/>\n<\/strong><strong>Vendredi 30 juillet \u00e0 partir de 12 h,<br \/>\nPlace Felix Poulat \u00e0 Grenoble<\/strong><\/h2>\n<address><span style=\"text-decoration: underline;\">Signataires\u00a0:<\/span> AC\u00a0!, ADES, Afric\u2019Impact, APARDAP, CADTM, CIIP, Comit\u00e9 is\u00e9rois de Soutien aux Sans papiers, Collectif de soutien aux r\u00e9fugi\u00e9s alg\u00e9riens, Europe Ecologie- les Verts38, FASE, France Am\u00e9rique Latine 38, Les Alternatifs 38, LIFPL, Ligue des Droits de l\u2019Homme 38, Maison des Habitants Villeneuve, NPA, PAS38 UDAS, Parti de Gauche 38, PCF 38, PCOF, Ras le Front Voiron, RESF38, Solidarit\u00e9 Expulsions, Solidaires 38, Sud \u00e9ducation, Sud ptt,  Sud rail,  Sud sant\u00e9-sociaux, UD CGT 38, Roms Action<br \/>\n<\/address>\n<p><a href=\"http:\/\/www.ades-grenoble.org\/wordpress\/wp-content\/uploads\/2010\/07\/100730-sarko-villeneuve.pdf\" target=\"_blank\">T\u00e9l\u00e9charger le tract en PDF (80 Ko)<\/a><\/p>\n","protected":false},"excerpt":{"rendered":"<p>Les \u00e9v\u00e8nements graves survenus \u00e0 la Villeneuve de Grenoble attestent de la gravit\u00e9 de la crise qui ne se r\u00e9duit ni \u00e0 une crise des quartiers populaires, ni \u00e0 une crise de la jeunesse, ni \u00e0 la crise de l\u2019immigration, mais \u00e0 une crise sociale profonde. Nous condamnons la surench\u00e8re r\u00e9pressive, spectaculaire mais inefficace du [&hellip;]<\/p>\n","protected":false},"author":1,"featured_media":0,"comment_status":"closed","ping_status":"open","sticky":false,"template":"","format":"standard","meta":{"twitterCardType":"","cardImageID":0,"cardImage":"","cardTitle":"","cardDesc":"","cardImageAlt":"","cardPlayer":"","cardPlayerWidth":0,"cardPlayerHeight":0,"cardPlayerStream":"","cardPlayerCodec":"","footnotes":""},"categories":[10],"tags":[12,33,75,82],"class_list":["post-2127","post","type-post","status-publish","format-standard","hentry","category-autres-dossiers","tag-mobilisations","tag-social","tag-videosurveillance","tag-villeneuve"],"_links":{"self":[{"href":"https:\/\/www.ades-grenoble.org\/wordpress\/wp-json\/wp\/v2\/posts\/2127","targetHints":{"allow":["GET"]}}],"collection":[{"href":"https:\/\/www.ades-grenoble.org\/wordpress\/wp-json\/wp\/v2\/posts"}],"about":[{"href":"https:\/\/www.ades-grenoble.org\/wordpress\/wp-json\/wp\/v2\/types\/post"}],"author":[{"embeddable":true,"href":"https:\/\/www.ades-grenoble.org\/wordpress\/wp-json\/wp\/v2\/users\/1"}],"replies":[{"embeddable":true,"href":"https:\/\/www.ades-grenoble.org\/wordpress\/wp-json\/wp\/v2\/comments?post=2127"}],"version-history":[{"count":9,"href":"https:\/\/www.ades-grenoble.org\/wordpress\/wp-json\/wp\/v2\/posts\/2127\/revisions"}],"predecessor-version":[{"id":2499,"href":"https:\/\/www.ades-grenoble.org\/wordpress\/wp-json\/wp\/v2\/posts\/2127\/revisions\/2499"}],"wp:attachment":[{"href":"https:\/\/www.ades-grenoble.org\/wordpress\/wp-json\/wp\/v2\/media?parent=2127"}],"wp:term":[{"taxonomy":"category","embeddable":true,"href":"https:\/\/www.ades-grenoble.org\/wordpress\/wp-json\/wp\/v2\/categories?post=2127"},{"taxonomy":"post_tag","embeddable":true,"href":"https:\/\/www.ades-grenoble.org\/wordpress\/wp-json\/wp\/v2\/tags?post=2127"}],"curies":[{"name":"wp","href":"https:\/\/api.w.org\/{rel}","templated":true}]}}