{"id":21317,"date":"2023-02-10T10:32:01","date_gmt":"2023-02-10T09:32:01","guid":{"rendered":"https:\/\/www.ades-grenoble.org\/wordpress\/?p=21317"},"modified":"2023-02-10T10:48:57","modified_gmt":"2023-02-10T09:48:57","slug":"politique-politicienne-286","status":"publish","type":"post","link":"https:\/\/www.ades-grenoble.org\/wordpress\/2023\/02\/10\/politique-politicienne-286\/","title":{"rendered":"Politique politicienne"},"content":{"rendered":"<div class=\"wp-block-image is-style-default\">\n<figure class=\"alignleft size-full\"><img loading=\"lazy\" decoding=\"async\" width=\"200\" height=\"234\" src=\"https:\/\/www.ades-grenoble.org\/wordpress\/wp-content\/uploads\/2015\/01\/fou1.png\" alt=\"fou\" class=\"wp-image-9634\" srcset=\"https:\/\/www.ades-grenoble.org\/wordpress\/wp-content\/uploads\/2015\/01\/fou1.png 200w, https:\/\/www.ades-grenoble.org\/wordpress\/wp-content\/uploads\/2015\/01\/fou1-128x150.png 128w\" sizes=\"auto, (max-width: 200px) 100vw, 200px\" \/><\/figure>\n<\/div>\n\n\n<p>Affaire Dussopt : M\u00e9diapart livre <a rel=\"noreferrer noopener\" href=\"https:\/\/www.mediapart.fr\/journal\/france\/060223\/affaire-dussopt-le-document-qui-ruine-la-defense-du-ministre?utm_source=global&amp;utm_medium=social&amp;utm_campaign=SharingApp&amp;xtor=CS3-5\" target=\"_blank\">un document qui ruine la d\u00e9fense du ministre<\/a>. Contrairement \u00e0 ce que le ministre du travail a affirm\u00e9 tout le week-end, la police a bien mis la main, lors d\u2019une perquisition chez lui, sur des \u00e9changes compromettants avec l\u2019un des leaders fran\u00e7ais de la gestion de l\u2019eau. Le document, dont Mediapart r\u00e9v\u00e8le le contenu, est accablant\u00a0: il montre des n\u00e9gociations occultes autour d\u2019un march\u00e9 public que le PNF consid\u00e8re aujourd\u2019hui comme truqu\u00e9. En contradiction avec toutes les r\u00e8gles en vigueur pour l\u2019attribution de march\u00e9s, l\u2019\u00e9lu \u00e9voque avec le PDG de la SAUR les march\u00e9s \u00e0 venir, et lui signifie que sera prise en compte \u00ab\u00a0la satisfaction\u00a0\u00bb du \u00ab\u00a0prestataire sortant\u00a0\u00bb, \u00e0 savoir la Saur. L\u2019\u00e9lu, qui \u00e9voque les montants du contrat \u00e0 venir avec le PDG de la Saur, reprend m\u00eame dans sa note, la crainte du prestataire d\u2019un \u00ab\u00a0dumping\u00a0\u00bb\u00a0: autrement dit d\u2019une baisse des prix, qui serait pourtant avantageuses pour ses administr\u00e9s.<\/p>\n","protected":false},"excerpt":{"rendered":"<p>Affaire Dussopt : M\u00e9diapart livre un document qui ruine la d\u00e9fense du ministre. Contrairement \u00e0 ce que le ministre du travail a affirm\u00e9 tout le week-end, la police a bien mis la main, lors d\u2019une perquisition chez lui, sur des \u00e9changes compromettants avec l\u2019un des leaders fran\u00e7ais de la gestion de l\u2019eau. Le document, dont [&hellip;]<\/p>\n","protected":false},"author":1,"featured_media":0,"comment_status":"closed","ping_status":"open","sticky":false,"template":"","format":"standard","meta":{"twitterCardType":"","cardImageID":0,"cardImage":"","cardTitle":"","cardDesc":"","cardImageAlt":"","cardPlayer":"","cardPlayerWidth":0,"cardPlayerHeight":0,"cardPlayerStream":"","cardPlayerCodec":"","footnotes":""},"categories":[62,11],"tags":[54],"class_list":["post-21317","post","type-post","status-publish","format-standard","hentry","category-le-rouge-le-vert-hebdo","category-politique-locale","tag-politique-droite-gauche"],"_links":{"self":[{"href":"https:\/\/www.ades-grenoble.org\/wordpress\/wp-json\/wp\/v2\/posts\/21317","targetHints":{"allow":["GET"]}}],"collection":[{"href":"https:\/\/www.ades-grenoble.org\/wordpress\/wp-json\/wp\/v2\/posts"}],"about":[{"href":"https:\/\/www.ades-grenoble.org\/wordpress\/wp-json\/wp\/v2\/types\/post"}],"author":[{"embeddable":true,"href":"https:\/\/www.ades-grenoble.org\/wordpress\/wp-json\/wp\/v2\/users\/1"}],"replies":[{"embeddable":true,"href":"https:\/\/www.ades-grenoble.org\/wordpress\/wp-json\/wp\/v2\/comments?post=21317"}],"version-history":[{"count":1,"href":"https:\/\/www.ades-grenoble.org\/wordpress\/wp-json\/wp\/v2\/posts\/21317\/revisions"}],"predecessor-version":[{"id":21318,"href":"https:\/\/www.ades-grenoble.org\/wordpress\/wp-json\/wp\/v2\/posts\/21317\/revisions\/21318"}],"wp:attachment":[{"href":"https:\/\/www.ades-grenoble.org\/wordpress\/wp-json\/wp\/v2\/media?parent=21317"}],"wp:term":[{"taxonomy":"category","embeddable":true,"href":"https:\/\/www.ades-grenoble.org\/wordpress\/wp-json\/wp\/v2\/categories?post=21317"},{"taxonomy":"post_tag","embeddable":true,"href":"https:\/\/www.ades-grenoble.org\/wordpress\/wp-json\/wp\/v2\/tags?post=21317"}],"curies":[{"name":"wp","href":"https:\/\/api.w.org\/{rel}","templated":true}]}}