{"id":21334,"date":"2023-02-17T09:52:34","date_gmt":"2023-02-17T08:52:34","guid":{"rendered":"https:\/\/www.ades-grenoble.org\/wordpress\/?p=21334"},"modified":"2023-02-17T11:18:35","modified_gmt":"2023-02-17T10:18:35","slug":"la-chaine-c8-lourdement-sanctionnee-par-larcom","status":"publish","type":"post","link":"https:\/\/www.ades-grenoble.org\/wordpress\/2023\/02\/17\/la-chaine-c8-lourdement-sanctionnee-par-larcom\/","title":{"rendered":"La Chaine C8 lourdement sanctionn\u00e9e par l\u2019Arcom"},"content":{"rendered":"<div class=\"wp-block-image is-style-default\">\n<figure class=\"alignleft size-full\"><img loading=\"lazy\" decoding=\"async\" width=\"380\" height=\"126\" src=\"https:\/\/www.ades-grenoble.org\/wordpress\/wp-content\/uploads\/2023\/02\/ARCOM.jpg\" alt=\"\" class=\"wp-image-21335\" srcset=\"https:\/\/www.ades-grenoble.org\/wordpress\/wp-content\/uploads\/2023\/02\/ARCOM.jpg 380w, https:\/\/www.ades-grenoble.org\/wordpress\/wp-content\/uploads\/2023\/02\/ARCOM-300x99.jpg 300w, https:\/\/www.ades-grenoble.org\/wordpress\/wp-content\/uploads\/2023\/02\/ARCOM-150x50.jpg 150w\" sizes=\"auto, (max-width: 380px) 100vw, 380px\" \/><\/figure>\n<\/div>\n\n\n<p><a href=\"https:\/\/www.arcom.fr\/larcom\/presse\/decisions-de-larcom-relatives-lemission-touche-pas-mon-poste-du-10-novembre-2022\" target=\"_blank\" rel=\"noreferrer noopener\">La d\u00e9cision de l&rsquo;Autorit\u00e9 de r\u00e9gulation de la communication audiovisuelle et num\u00e9rique (Arcom) relatives \u00e0 l\u2019\u00e9mission \u00ab Touche pas \u00e0 mon poste \u00bb du 10 novembre 2022<\/a> o\u00f9 Hanouna a injuri\u00e9 un d\u00e9put\u00e9, est tomb\u00e9e le 9 f\u00e9vrier. La d\u00e9cision rappelle les faits\u00a0:<\/p>\n\n\n\n<p><em>\u00ab&nbsp;En ce qui concerne l\u2019obligation de respect des droits de la personne :<\/em><em><\/em><\/p>\n\n\n\n<p><em>6. Il ressort du compte rendu de visionnage de l\u2019\u00e9mission \u00ab Touche pas \u00e0 mon poste \u00bb, diffus\u00e9e sur C8 le 10 novembre 2022, qu\u2019un invit\u00e9, d\u00e9put\u00e9, ancien chroniqueur de l\u2019\u00e9mission, \u00e9tait convi\u00e9 \u00e0 intervenir sur le sujet de l\u2019accueil de migrants \u00e0 bord d\u2019un navire humanitaire. L\u2019invit\u00e9 a commenc\u00e9 \u00e0 s\u2019exprimer sur la th\u00e9matique de l\u2019in\u00e9gale r\u00e9partition des richesses et sur les activit\u00e9s en Afrique d\u2019un actionnaire du groupe Canal +, suscitant une premi\u00e8re salve de r\u00e9actions de l\u2019animateur qui l\u2019a interrompu, suscitant \u00e0 son tour une r\u00e9action de l\u2019invit\u00e9 reprochant notamment \u00e0 l\u2019animateur de porter atteinte \u00e0 sa libert\u00e9 d\u2019expression. C\u2019est alors que l\u2019invit\u00e9 a \u00e9t\u00e9 qualifi\u00e9 d\u2019\u00ababruti\u00bb, de&nbsp;\u00ab tocard \u00bb, de&nbsp;\u00ab bouffon \u00bb&nbsp;et de&nbsp;\u00ab merde \u00bb&nbsp;avant que ce dernier ne quitte le plateau. Ces \u00e9changes ont ensuite \u00e9t\u00e9 comment\u00e9s en l\u2019absence de l\u2019invit\u00e9 et ce dernier a alors \u00e9t\u00e9 qualifi\u00e9 de&nbsp;\u00ab mange-merde \u00bb.<\/em><\/p>\n\n\n\n<!--more-->\n\n\n\n<p><em>7. Ces propos rev\u00eatent un caract\u00e8re injurieux et leur accumulation est d\u2019une particuli\u00e8re agressivit\u00e9. Dans ces circonstances, ils sont de nature \u00e0 porter atteinte aux droits de l\u2019invit\u00e9 au respect de son honneur et de sa r\u00e9putation. Cette s\u00e9quence, d\u2019une dur\u00e9e de plus de neuf minutes, caract\u00e9rise ainsi un manquement de l\u2019\u00e9diteur aux stipulations de l\u2019article 2-3-4 de sa convention.&nbsp;\u00bb<\/em><\/p>\n\n\n\n<p>Le communiqu\u00e9 de l\u2019Arcom pr\u00e9cise&nbsp;:<\/p>\n\n\n\n<p><em>Au terme de la proc\u00e9dure engag\u00e9e \u00e0 la suite de propos tenus au cours de l\u2019\u00e9mission&nbsp;\u00ab&nbsp;Touche pas \u00e0 mon poste&nbsp;\u00bb&nbsp;diffus\u00e9e le 10 novembre 2022, l\u2019Arcom a prononc\u00e9 ce jour&nbsp;une&nbsp;<\/em><a href=\"https:\/\/www.arcom.fr\/nos-ressources\/espace-juridique\/decisions\/decision-du-9-fevrier-2023-portant-sanction-pecuniaire-lencontre-de-la-societe-c8\"><em>sanction<\/em><\/a><em>&nbsp;d\u2019un montant de 3,5 millions d\u2019euros \u00e0 l\u2019encontre de la cha\u00eene C8.<\/em><\/p>\n\n\n\n<p><em>L\u2019Arcom a en effet estim\u00e9 que ces propos ont port\u00e9 atteinte aux droits de l\u2019invit\u00e9, au respect de son honneur et de sa r\u00e9putation, en m\u00e9connaissance des stipulations de l\u2019article 2-3-4 de la convention du service. Elle a \u00e9galement consid\u00e9r\u00e9 que cette s\u00e9quence traduisait une m\u00e9connaissance par l\u2019\u00e9diteur de son obligation de ma\u00eetrise de son antenne, inscrite \u00e0 l\u2019article 2-2-1 de sa convention.<\/em><\/p>\n\n\n\n<p><em>Par ailleurs, l\u2019Arcom a adopt\u00e9 une seconde d\u00e9cision, par laquelle elle a&nbsp;<\/em><a href=\"https:\/\/www.arcom.fr\/nos-ressources\/espace-juridique\/decisions\/decision-du-9-fevrier-2023-mettant-en-demeure-la-societe-c8\"><em>mis en demeure<\/em><\/a><em>&nbsp;la cha\u00eene de se conformer \u00e0 l\u2019avenir aux stipulations de l\u2019article 2-3-8 de sa convention relatives \u00e0 l\u2019honn\u00eatet\u00e9 et \u00e0 l\u2019ind\u00e9pendance de l\u2019information&nbsp;et des programmes qui y concourent.<\/em><\/p>\n\n\n\n<p><em>Elle a en effet consid\u00e9r\u00e9 que l\u2019invit\u00e9 avait \u00e9t\u00e9 explicitement emp\u00each\u00e9 d\u2019exprimer en plateau un point de vue critique \u00e0 l\u2019\u00e9gard d\u2019un actionnaire du Groupe Canal +, auquel appartient le service de t\u00e9l\u00e9vision C8 et\u00a0que,\u00a0par suite, l\u2019\u00e9mission n\u2019avait pas \u00e9t\u00e9 r\u00e9alis\u00e9e dans des conditions qui garantissent l&rsquo;ind\u00e9pendance de l&rsquo;information.\u00a0\u00bb<\/em><\/p>\n","protected":false},"excerpt":{"rendered":"<p>La d\u00e9cision de l&rsquo;Autorit\u00e9 de r\u00e9gulation de la communication audiovisuelle et num\u00e9rique (Arcom) relatives \u00e0 l\u2019\u00e9mission \u00ab Touche pas \u00e0 mon poste \u00bb du 10 novembre 2022 o\u00f9 Hanouna a injuri\u00e9 un d\u00e9put\u00e9, est tomb\u00e9e le 9 f\u00e9vrier. La d\u00e9cision rappelle les faits\u00a0: \u00ab&nbsp;En ce qui concerne l\u2019obligation de respect des droits de la personne [&hellip;]<\/p>\n","protected":false},"author":1,"featured_media":0,"comment_status":"closed","ping_status":"open","sticky":false,"template":"","format":"standard","meta":{"twitterCardType":"","cardImageID":0,"cardImage":"","cardTitle":"","cardDesc":"","cardImageAlt":"","cardPlayer":"","cardPlayerWidth":0,"cardPlayerHeight":0,"cardPlayerStream":"","cardPlayerCodec":"","footnotes":""},"categories":[62,11],"tags":[196,139,310],"class_list":["post-21334","post","type-post","status-publish","format-standard","hentry","category-le-rouge-le-vert-hebdo","category-politique-locale","tag-etat","tag-medias","tag-numerique"],"_links":{"self":[{"href":"https:\/\/www.ades-grenoble.org\/wordpress\/wp-json\/wp\/v2\/posts\/21334","targetHints":{"allow":["GET"]}}],"collection":[{"href":"https:\/\/www.ades-grenoble.org\/wordpress\/wp-json\/wp\/v2\/posts"}],"about":[{"href":"https:\/\/www.ades-grenoble.org\/wordpress\/wp-json\/wp\/v2\/types\/post"}],"author":[{"embeddable":true,"href":"https:\/\/www.ades-grenoble.org\/wordpress\/wp-json\/wp\/v2\/users\/1"}],"replies":[{"embeddable":true,"href":"https:\/\/www.ades-grenoble.org\/wordpress\/wp-json\/wp\/v2\/comments?post=21334"}],"version-history":[{"count":1,"href":"https:\/\/www.ades-grenoble.org\/wordpress\/wp-json\/wp\/v2\/posts\/21334\/revisions"}],"predecessor-version":[{"id":21337,"href":"https:\/\/www.ades-grenoble.org\/wordpress\/wp-json\/wp\/v2\/posts\/21334\/revisions\/21337"}],"wp:attachment":[{"href":"https:\/\/www.ades-grenoble.org\/wordpress\/wp-json\/wp\/v2\/media?parent=21334"}],"wp:term":[{"taxonomy":"category","embeddable":true,"href":"https:\/\/www.ades-grenoble.org\/wordpress\/wp-json\/wp\/v2\/categories?post=21334"},{"taxonomy":"post_tag","embeddable":true,"href":"https:\/\/www.ades-grenoble.org\/wordpress\/wp-json\/wp\/v2\/tags?post=21334"}],"curies":[{"name":"wp","href":"https:\/\/api.w.org\/{rel}","templated":true}]}}