{"id":21342,"date":"2023-02-17T10:40:03","date_gmt":"2023-02-17T09:40:03","guid":{"rendered":"https:\/\/www.ades-grenoble.org\/wordpress\/?p=21342"},"modified":"2023-02-17T11:19:11","modified_gmt":"2023-02-17T10:19:11","slug":"adaptation-au-changement-climatique-ce-que-peuvent-et-doivent-faire-les-collectivites","status":"publish","type":"post","link":"https:\/\/www.ades-grenoble.org\/wordpress\/2023\/02\/17\/adaptation-au-changement-climatique-ce-que-peuvent-et-doivent-faire-les-collectivites\/","title":{"rendered":"Adaptation au changement climatique : ce que peuvent (et doivent) faire les collectivit\u00e9s"},"content":{"rendered":"<div class=\"wp-block-image is-style-default\">\n<figure class=\"alignleft size-full\"><img loading=\"lazy\" decoding=\"async\" width=\"380\" height=\"111\" src=\"https:\/\/www.ades-grenoble.org\/wordpress\/wp-content\/uploads\/2021\/03\/I4CE.jpg\" alt=\"\" class=\"wp-image-18520\" srcset=\"https:\/\/www.ades-grenoble.org\/wordpress\/wp-content\/uploads\/2021\/03\/I4CE.jpg 380w, https:\/\/www.ades-grenoble.org\/wordpress\/wp-content\/uploads\/2021\/03\/I4CE-150x44.jpg 150w, https:\/\/www.ades-grenoble.org\/wordpress\/wp-content\/uploads\/2021\/03\/I4CE-300x88.jpg 300w\" sizes=\"auto, (max-width: 380px) 100vw, 380px\" \/><\/figure>\n<\/div>\n\n\n<p>Les impacts du changement climatique sont locaux et une grande partie de l\u2019adaptation des territoires reposera sur les collectivit\u00e9s. Elles peuvent \u2013 et doivent \u2013 d\u00e8s maintenant mettre en place de nombreuses actions. L\u2019institut de l\u2019\u00e9conomie pour le climat (I4CE) a \u00e9dit\u00e9 <a href=\"https:\/\/www.i4ce.org\/wp-content\/uploads\/2023\/01\/Adaptation-ce-que-peuvent-et-doivent-faire-les-collectivites_au070223.pdf\" target=\"_blank\" rel=\"noreferrer noopener\">un document qui fait une liste de ces actions pour le bloc communal, (communes et intercommunalit\u00e9), les d\u00e9partements et les r\u00e9gions<\/a>.<\/p>\n\n\n\n<p>Rappelons que ce sont les collectivit\u00e9s locales qui portent plus des deux tiers des investissements publics et il s\u2019agit qu\u2019elles acc\u00e9l\u00e8rent rapidement. Augmenter significativement les investissements oblige aussi \u00e0 renforcer certaines d\u00e9penses de fonctionnement et si on ne veut pas faire exploser la dette, il faut renforcer l\u2019\u00e9pargne des collectivit\u00e9s.<\/p>\n\n\n\n<p>Le Point Climat n\u00b074 d\u2019I4CE&nbsp;liste certaines de ces actions, suivant les comp\u00e9tences des diverses collectivit\u00e9s&nbsp;:<\/p>\n\n\n\n<!--more-->\n\n\n\n<p><em>\u00ab&nbsp;Allongement de la dur\u00e9e des vagues de chaleur, hausse du niveau de la mer, intensification des s\u00e9cheresses, diminution de l\u2019enneigement :&nbsp;<strong>les collectivit\u00e9s sont en premi\u00e8re ligne face aux cons\u00e9quences du changement climatique<\/strong>.<\/em><\/p>\n\n\n\n<p><em>En agissant sur leur patrimoine et par l\u2019exercice de leurs&nbsp;<strong>comp\u00e9tences<\/strong>,&nbsp;<strong>bloc communal<\/strong>,&nbsp;<strong>D\u00e9partement<\/strong>&nbsp;et&nbsp;<strong>R\u00e9gion ont chacun un r\u00f4le crucial \u00e0 jouer pour anticiper ces impacts et limiter leurs cons\u00e9quences \u00e9conomiques, environnementales et sociales<\/strong>. Si certaines actions d\u2019adaptation (par exemple les politiques de v\u00e9g\u00e9talisation) sont tr\u00e8s visibles et commencent \u00e0 largement se diffuser \u2013 ce qui est une bonne nouvelle \u2013 d\u2019autres leviers, moins connus mais possiblement tr\u00e8s structurants sont \u00e0 la main des \u00e9lus locaux.<\/em><\/p>\n\n\n\n<p><strong><em>De nombreuses actions sans-regret peuvent d\u2019ores et d\u00e9j\u00e0 \u00eatre mises en \u0153uvre par les collectivit\u00e9s<\/em><\/strong><em>&nbsp;pour r\u00e9duire les vuln\u00e9rabilit\u00e9s du territoire en amont et mieux se pr\u00e9parer \u00e0 r\u00e9pondre aux \u00e9pisodes de stress et de chocs climatiques \u00e0 venir. Par exemple en acc\u00e9l\u00e9rant les investissements dans le renouvellement des r\u00e9seaux d\u2019eau pour r\u00e9duire les fuites ou en renfor\u00e7ant les moyens d\u00e9di\u00e9s \u00e0 la pr\u00e9vention du risque inondation pour anticiper les futurs ph\u00e9nom\u00e8nes extr\u00eames. Dans certaines situations, il sera \u00e9galement n\u00e9cessaire de mettre en \u0153uvre de r\u00e9elles transformations territoriales : par exemple en r\u00e9am\u00e9nageant l\u2019espace sur le littoral pour relocaliser certains \u00e9quipements ou certaines activit\u00e9s trop expos\u00e9s aux risques ou en accompagnant des changements \u00e9conomiques majeurs en montagne o\u00f9 la diminution de l\u2019enneigement demande \u00e0 repenser le mod\u00e8le touristique.&nbsp;<\/em><strong><em><u>Les collectivit\u00e9s ne pourront pas syst\u00e9matiquement agir seules<\/u><\/em><\/strong><em>&nbsp;(I4CE 2023), mais elles peuvent (et doivent) s\u2019engager d\u00e8s aujourd\u2019hui dans ces actions d\u2019adaptation et dans la pr\u00e9paration des transformations. Pour cela, il revient aux collectivit\u00e9s de porter politiquement des exigences fortes en mati\u00e8re d\u2019adaptation pour leur territoire et d\u2019y d\u00e9dier des moyens budg\u00e9taires et humains suffisants pour :&nbsp;<\/em><\/p>\n\n\n\n<ol class=\"wp-block-list\" type=\"1\"><li><strong><em>Int\u00e9grer l\u2019adaptation dans les d\u00e9penses structurantes<\/em><\/strong><em>\u00a0en r\u00e9interrogeant l\u2019ensemble des investissements de la collectivit\u00e9 sous le prisme d\u2019un climat qui change (par exemple en se projetant dans le climat futur lors de la construction d\u2019un b\u00e2timent). C\u2019est en \u00e9tant vigilants et exigeants le plus en amont possible qu\u2019il est le plus facile et le moins co\u00fbteux de garantir que les infrastructures, les b\u00e2timents et les espaces publics construits seront robustes et bien pens\u00e9s pour un climat plus chaud, plus variable ou plus sec ; que les choix de d\u00e9veloppement \u00e9conomiques n\u2019ignoreront pas les projections climatiques.<\/em><\/li><li><strong><em>Mobiliser des budgets sp\u00e9cifiques pour l\u2019adaptation<\/em><\/strong><em>\u00a0pour s\u2019assurer que :<\/em><ol type=\"1\" start=\"1\"><li><em>Les actions concr\u00e8tes d\u2019adaptation (ex. actions de d\u00e9simperm\u00e9abilisation, adoption de r\u00e9f\u00e9rentiels de construction r\u00e9siliente, accompagnement des acteurs du territoires, d\u00e9ploiement de solutions d\u2019adaptation fond\u00e9es sur la nature, etc.) planifi\u00e9es dans les PCAET ou les feuilles de routes r\u00e9gionales soient r\u00e9ellement mises en \u0153uvre avec l\u2019ambition n\u00e9cessaire ;<\/em><\/li><li><em>Les politiques publiques existantes qui contribuent \u00e0 l\u2019adaptation (ex. politique de l\u2019eau, de pr\u00e9vention du risque inondation, de pr\u00e9vention contre les incendies, de gestion des crises) disposent des moyens suffisants pour faire face \u00e0 l\u2019\u00e9volution des risques.<\/em><\/li><\/ol><\/li><li><strong><em>Y d\u00e9dier du temps et des moyens humains pour mobiliser, animer et piloter les strat\u00e9gies locales d\u2019adaptation.<\/em><\/strong><em>\u00a0La prise en compte effective de l\u2019\u00e9volution du climat demande avant tout du temps (de p\u00e9dagogie, d\u2019animation, de conduite de projets) et de l\u2019expertise. Il est donc indispensable que ces missions puissent \u00eatre confi\u00e9es \u00e0 des agents dont c\u2019est l\u2019attribution principale. Ils doivent pouvoir compter sur le soutien de l\u2019ensemble des services concern\u00e9s, pour qui l\u2019adaptation doit devenir un objectif explicitement inscrit sur les fiches de poste de leurs agents.\u00a0\u00bb<\/em><\/li><\/ol>\n","protected":false},"excerpt":{"rendered":"<p>Les impacts du changement climatique sont locaux et une grande partie de l\u2019adaptation des territoires reposera sur les collectivit\u00e9s. Elles peuvent \u2013 et doivent \u2013 d\u00e8s maintenant mettre en place de nombreuses actions. L\u2019institut de l\u2019\u00e9conomie pour le climat (I4CE) a \u00e9dit\u00e9 un document qui fait une liste de ces actions pour le bloc communal, [&hellip;]<\/p>\n","protected":false},"author":1,"featured_media":0,"comment_status":"closed","ping_status":"open","sticky":false,"template":"","format":"standard","meta":{"twitterCardType":"","cardImageID":0,"cardImage":"","cardTitle":"","cardDesc":"","cardImageAlt":"","cardPlayer":"","cardPlayerWidth":0,"cardPlayerHeight":0,"cardPlayerStream":"","cardPlayerCodec":"","footnotes":""},"categories":[62,11],"tags":[223,226,380],"class_list":["post-21342","post","type-post","status-publish","format-standard","hentry","category-le-rouge-le-vert-hebdo","category-politique-locale","tag-climat","tag-collectivites","tag-transitions"],"_links":{"self":[{"href":"https:\/\/www.ades-grenoble.org\/wordpress\/wp-json\/wp\/v2\/posts\/21342","targetHints":{"allow":["GET"]}}],"collection":[{"href":"https:\/\/www.ades-grenoble.org\/wordpress\/wp-json\/wp\/v2\/posts"}],"about":[{"href":"https:\/\/www.ades-grenoble.org\/wordpress\/wp-json\/wp\/v2\/types\/post"}],"author":[{"embeddable":true,"href":"https:\/\/www.ades-grenoble.org\/wordpress\/wp-json\/wp\/v2\/users\/1"}],"replies":[{"embeddable":true,"href":"https:\/\/www.ades-grenoble.org\/wordpress\/wp-json\/wp\/v2\/comments?post=21342"}],"version-history":[{"count":1,"href":"https:\/\/www.ades-grenoble.org\/wordpress\/wp-json\/wp\/v2\/posts\/21342\/revisions"}],"predecessor-version":[{"id":21343,"href":"https:\/\/www.ades-grenoble.org\/wordpress\/wp-json\/wp\/v2\/posts\/21342\/revisions\/21343"}],"wp:attachment":[{"href":"https:\/\/www.ades-grenoble.org\/wordpress\/wp-json\/wp\/v2\/media?parent=21342"}],"wp:term":[{"taxonomy":"category","embeddable":true,"href":"https:\/\/www.ades-grenoble.org\/wordpress\/wp-json\/wp\/v2\/categories?post=21342"},{"taxonomy":"post_tag","embeddable":true,"href":"https:\/\/www.ades-grenoble.org\/wordpress\/wp-json\/wp\/v2\/tags?post=21342"}],"curies":[{"name":"wp","href":"https:\/\/api.w.org\/{rel}","templated":true}]}}