{"id":21344,"date":"2023-02-17T10:42:07","date_gmt":"2023-02-17T09:42:07","guid":{"rendered":"https:\/\/www.ades-grenoble.org\/wordpress\/?p=21344"},"modified":"2023-02-17T11:19:15","modified_gmt":"2023-02-17T10:19:15","slug":"commerce-specialise-fortes-inquietudes-pour-2023","status":"publish","type":"post","link":"https:\/\/www.ades-grenoble.org\/wordpress\/2023\/02\/17\/commerce-specialise-fortes-inquietudes-pour-2023\/","title":{"rendered":"Commerce sp\u00e9cialis\u00e9 : fortes inqui\u00e9tudes pour 2023"},"content":{"rendered":"<div class=\"wp-block-image is-style-default\">\n<figure class=\"alignleft size-full\"><img loading=\"lazy\" decoding=\"async\" width=\"380\" height=\"144\" src=\"https:\/\/www.ades-grenoble.org\/wordpress\/wp-content\/uploads\/2021\/01\/Procos.jpg\" alt=\"\" class=\"wp-image-18304\" srcset=\"https:\/\/www.ades-grenoble.org\/wordpress\/wp-content\/uploads\/2021\/01\/Procos.jpg 380w, https:\/\/www.ades-grenoble.org\/wordpress\/wp-content\/uploads\/2021\/01\/Procos-150x57.jpg 150w, https:\/\/www.ades-grenoble.org\/wordpress\/wp-content\/uploads\/2021\/01\/Procos-300x114.jpg 300w\" sizes=\"auto, (max-width: 380px) 100vw, 380px\" \/><\/figure>\n<\/div>\n\n\n<p>La F\u00e9d\u00e9ration du commerce sp\u00e9cialis\u00e9 Procos a fait le bilan de l\u2019ann\u00e9e 2022 et s\u2019inqui\u00e8te fortement pour 2023.<\/p>\n\n\n\n<p>Chaque ann\u00e9e Procos fait un bilan et examine les perspectives les plus probables pour l\u2019ann\u00e9e \u00e0 venir. Le 8 f\u00e9vrier elle a pr\u00e9sent\u00e9 le bilan 2022 qui remarque que les ventes progressent seulement de 1,3% par rapport \u00e0 2019 mais plusieurs secteurs sont \u00e0 la peine. La fr\u00e9quentation reste tr\u00e8s inf\u00e9rieure \u00e0 l&rsquo;avant crise. Procos pr\u00e9voit une ann\u00e9e 2023 \u00ab\u00a0<em>de tous les dangers\u00a0\u00bb<\/em> et demande un plan commerce au gouvernement pour que les investissements de transformation du secteur puissent \u00eatre maintenus.<\/p>\n\n\n\n<p>Procos, suite \u00e0 une analyse pessimiste, demande de r\u00e9agir vite&nbsp;:<\/p>\n\n\n\n<!--more-->\n\n\n\n<p><em>\u00ab C\u00f4t\u00e9 gouvernement, en acc\u00e9l\u00e9rant la mise en place de moyens r\u00e9els pour un plan commerce qui fasse en sorte d\u00e8s 2023, que les investissements de transformation ne soient pas stopp\u00e9s. Si le commerce est important pour la construction de notre soci\u00e9t\u00e9 de demain, la transition \u00e9nerg\u00e9tique, la transformation de la consommation, alors il faut le faire maintenant. Le Conseil National du Commerce doit rapidement y travailler et nous y contribuerons activement.<\/em><\/p>\n\n\n\n<p><em>C\u00f4t\u00e9 \u00e9cosyst\u00e8me, les bailleurs doivent prendre conscience que continuer \u00e0 laisser les loyers augmenter aujourd\u2019hui par l\u2019indexation ou lors de la fixation du loyer, lors des renouvellements par exemple, est mortif\u00e8re. La difficult\u00e9 d\u2019un magasin, de deux, puis trois, entra\u00eene le r\u00e9seau. Plafonner les loyers 2023 de tous les magasins est une solution simple pour faire face au court terme. Mettons-la en place !<\/em><\/p>\n\n\n\n<p><em>Franchir de telles \u00e9tapes r\u00e9clame des financements et de la tr\u00e9sorerie. L\u2019Etat doit mobiliser les banques pour qu\u2019elles accompagnent les acteurs du retail dans une telle p\u00e9riode, qu\u2019elles leur donnent acc\u00e8s au cr\u00e9dit en se rappelant qu\u2019elles travaillent avec les enseignes depuis des dizaines ann\u00e9es dont beaucoup ont \u00e9t\u00e9 florissantes et que cela reviendra. Par ailleurs, la notation Banque de France doit s\u2019adapter. Par exemple, elle ne prend toujours pas en compte les efforts de transformation des entreprises y compris sur le plan environnemental.&nbsp;<\/em><\/p>\n\n\n\n<p>Sur l\u2019immobilier commercial, Procos acte la fin des grands projets, donc on voit qu\u2019une fois de plus que le projet Neyrpic n\u2019est pas dans l\u2019air du temps (on attend le r\u00e9sultat de l\u2019appel concernant l\u2019implantation de salles de cin\u00e9ma).<\/p>\n\n\n\n<p><em>\u00ab&nbsp;Comme chaque ann\u00e9e, Procos fait le point sur les projets d\u2019immobilier commercial en analysant les autorisations (CDAC, CNAC, Permis de construire) et les projets \u00ab en stock \u00bb. Pour 2022, les principaux enseignements sont les suivants :<\/em><\/p>\n\n\n\n<ul class=\"wp-block-list\"><li><em>Une l\u00e9g\u00e8re reprise des permis de construire, des CDAC et des projets commenc\u00e9s mais ceux-ci restent tr\u00e8s \u00e9loign\u00e9s des surfaces de 2019 (500 000 m\u00b2 de moins autoris\u00e9s).<\/em><\/li><li><em>En 2022, la taille moyenne des projets continue de diminuer. En 2022, le plus grand projet examin\u00e9 en CDAC portait sur seulement 19.900 m\u00b2 (Paridis \u00e0 Nantes), contre 33.900 m\u00b2 en 2019 (Yellow Pulse \u00e0 Saint-Priest).<\/em><\/li><li><em>Pour l\u2019avenir, la fin des cr\u00e9ations de grands projets est confirm\u00e9e, le march\u00e9 s\u2019oriente vers les reconfigurations et les extensions de l\u2019existant.<\/em><\/li><li><em>Le stock de projets pour l\u2019avenir se restreint fortement et les surfaces se r\u00e9duisent drastiquement.<\/em><\/li><\/ul>\n\n\n\n<p><em>Des \u00e9l\u00e9ments qui pr\u00e9figurent l\u2019avenir du secteur avec l\u2019application de la loi Climat et R\u00e9silience et encore plus le Z\u00e9ro Artificialisation Nette. L\u2019enjeu sera un nouvel am\u00e9nagement du territoire et, surtout, la modernisation des zones commerciales et des entr\u00e9es de villes qu\u2019il conviendra de mettre en \u0153uvre en respectant les commer\u00e7ants en place.\u00a0\u00bb<\/em><\/p>\n","protected":false},"excerpt":{"rendered":"<p>La F\u00e9d\u00e9ration du commerce sp\u00e9cialis\u00e9 Procos a fait le bilan de l\u2019ann\u00e9e 2022 et s\u2019inqui\u00e8te fortement pour 2023. Chaque ann\u00e9e Procos fait un bilan et examine les perspectives les plus probables pour l\u2019ann\u00e9e \u00e0 venir. Le 8 f\u00e9vrier elle a pr\u00e9sent\u00e9 le bilan 2022 qui remarque que les ventes progressent seulement de 1,3% par rapport [&hellip;]<\/p>\n","protected":false},"author":1,"featured_media":0,"comment_status":"closed","ping_status":"open","sticky":false,"template":"","format":"standard","meta":{"twitterCardType":"","cardImageID":0,"cardImage":"","cardTitle":"","cardDesc":"","cardImageAlt":"","cardPlayer":"","cardPlayerWidth":0,"cardPlayerHeight":0,"cardPlayerStream":"","cardPlayerCodec":"","footnotes":""},"categories":[62,11],"tags":[202,104],"class_list":["post-21344","post","type-post","status-publish","format-standard","hentry","category-le-rouge-le-vert-hebdo","category-politique-locale","tag-commerce","tag-economie"],"_links":{"self":[{"href":"https:\/\/www.ades-grenoble.org\/wordpress\/wp-json\/wp\/v2\/posts\/21344","targetHints":{"allow":["GET"]}}],"collection":[{"href":"https:\/\/www.ades-grenoble.org\/wordpress\/wp-json\/wp\/v2\/posts"}],"about":[{"href":"https:\/\/www.ades-grenoble.org\/wordpress\/wp-json\/wp\/v2\/types\/post"}],"author":[{"embeddable":true,"href":"https:\/\/www.ades-grenoble.org\/wordpress\/wp-json\/wp\/v2\/users\/1"}],"replies":[{"embeddable":true,"href":"https:\/\/www.ades-grenoble.org\/wordpress\/wp-json\/wp\/v2\/comments?post=21344"}],"version-history":[{"count":1,"href":"https:\/\/www.ades-grenoble.org\/wordpress\/wp-json\/wp\/v2\/posts\/21344\/revisions"}],"predecessor-version":[{"id":21345,"href":"https:\/\/www.ades-grenoble.org\/wordpress\/wp-json\/wp\/v2\/posts\/21344\/revisions\/21345"}],"wp:attachment":[{"href":"https:\/\/www.ades-grenoble.org\/wordpress\/wp-json\/wp\/v2\/media?parent=21344"}],"wp:term":[{"taxonomy":"category","embeddable":true,"href":"https:\/\/www.ades-grenoble.org\/wordpress\/wp-json\/wp\/v2\/categories?post=21344"},{"taxonomy":"post_tag","embeddable":true,"href":"https:\/\/www.ades-grenoble.org\/wordpress\/wp-json\/wp\/v2\/tags?post=21344"}],"curies":[{"name":"wp","href":"https:\/\/api.w.org\/{rel}","templated":true}]}}