{"id":21349,"date":"2023-02-17T11:00:10","date_gmt":"2023-02-17T10:00:10","guid":{"rendered":"https:\/\/www.ades-grenoble.org\/wordpress\/?p=21349"},"modified":"2023-02-17T11:19:25","modified_gmt":"2023-02-17T10:19:25","slug":"les-lumieres-de-la-qualite-de-lair-brillent-a-la-bastille-de-grenoble","status":"publish","type":"post","link":"https:\/\/www.ades-grenoble.org\/wordpress\/2023\/02\/17\/les-lumieres-de-la-qualite-de-lair-brillent-a-la-bastille-de-grenoble\/","title":{"rendered":"Les lumi\u00e8res de la qualit\u00e9 de l&rsquo;air brillent \u00e0 la Bastille de Grenoble"},"content":{"rendered":"<div class=\"wp-block-image is-style-default\">\n<figure class=\"alignleft size-full\"><img loading=\"lazy\" decoding=\"async\" width=\"380\" height=\"342\" src=\"https:\/\/www.ades-grenoble.org\/wordpress\/wp-content\/uploads\/2023\/02\/PiloneBastille.jpg\" alt=\"\" class=\"wp-image-21350\" srcset=\"https:\/\/www.ades-grenoble.org\/wordpress\/wp-content\/uploads\/2023\/02\/PiloneBastille.jpg 380w, https:\/\/www.ades-grenoble.org\/wordpress\/wp-content\/uploads\/2023\/02\/PiloneBastille-300x270.jpg 300w, https:\/\/www.ades-grenoble.org\/wordpress\/wp-content\/uploads\/2023\/02\/PiloneBastille-150x135.jpg 150w\" sizes=\"auto, (max-width: 380px) 100vw, 380px\" \/><\/figure>\n<\/div>\n\n\n<p>Atmo Auvergne Rh\u00f4ne-Alpes, la R\u00e9gie du t\u00e9l\u00e9ph\u00e9rique de la Bastille, Grenoble-Alpes M\u00e9tropole et la ville de Grenoble s&rsquo;associent pour proposer un nouvel affichage de la qualit\u00e9 de l\u2019air dans l\u2019espace public grenoblois. Un nouveau dispositif d\u2019information grand public et p\u00e9renne de la qualit\u00e9 de l\u2019air install\u00e9 sur le pyl\u00f4ne du t\u00e9l\u00e9ph\u00e9rique de la Bastille.<br><br>Chaque soir, le pyl\u00f4ne interm\u00e9diaire des embl\u00e9matiques \u00ab <em>Bulles<\/em> \u00bb de Grenoble se parera aux couleurs de la qualit\u00e9 de l\u2019air du lendemain ! Ce dispositif d\u2019information p\u00e9renne permet d\u2019acc\u00e9der \u00e0 une information simple afin d&rsquo;encourager le changement des comportements pour l\u2019am\u00e9lioration de la qualit\u00e9 de l\u2019air du territoire.<\/p>\n\n\n\n<p>A compter du mois de f\u00e9vrier 2023, de 19h \u00e0 23h ou minuit les vendredi et samedi, le pyl\u00f4ne se parera des 6 couleurs de l\u2019indice Atmo (bleu \u00e0 magenta) pour indiquer aux habitants la qualit\u00e9 de l\u2019air pr\u00e9vue le lendemain sur la ville (de bon \u00e0 extr\u00eamement mauvais).<\/p>\n\n\n\n<!--more-->\n\n\n<div class=\"wp-block-image is-style-default\">\n<figure class=\"aligncenter size-full\"><img loading=\"lazy\" decoding=\"async\" width=\"500\" height=\"456\" src=\"https:\/\/www.ades-grenoble.org\/wordpress\/wp-content\/uploads\/2023\/02\/QualiteAir.jpg\" alt=\"\" class=\"wp-image-21351\" srcset=\"https:\/\/www.ades-grenoble.org\/wordpress\/wp-content\/uploads\/2023\/02\/QualiteAir.jpg 500w, https:\/\/www.ades-grenoble.org\/wordpress\/wp-content\/uploads\/2023\/02\/QualiteAir-300x274.jpg 300w, https:\/\/www.ades-grenoble.org\/wordpress\/wp-content\/uploads\/2023\/02\/QualiteAir-150x137.jpg 150w\" sizes=\"auto, (max-width: 500px) 100vw, 500px\" \/><\/figure>\n<\/div>\n\n\n<p>Par cette installation, les habitants de Grenoble et des environs visualisent la qualit\u00e9 de l&rsquo;air du lendemain.<br>Ils sont invit\u00e9s \u00e0 se prot\u00e9ger et suivre les recommandations \u00e9mises par les autorit\u00e9s de sant\u00e9 et par la pr\u00e9fecture pour ne pas d\u00e9grader encore plus la qualit\u00e9 de l\u2019air. Ils peuvent par exemple adapter leurs activit\u00e9s de plein air, leurs modes de d\u00e9placement ou de chauffage en cons\u00e9quence.<br><br>Mieux appr\u00e9hender la qualit\u00e9 de l\u2019air est, en effet, une premi\u00e8re \u00e9tape permettant aux habitants &nbsp;et entreprises de pr\u00e9server leur sant\u00e9 (limitation des activit\u00e9s physiques, protection des personnes sensibles&#8230;) et pour encourager le passage \u00e0 l\u2019action : remplacer un ancien appareil de chauffage au bois par un appareil performant gr\u00e2ce aux aides de Grenoble-Alpes M\u00e9tropole, de la Ville de Grenoble et certaines communes, ne pas &nbsp;br\u00fbler les d\u00e9chets v\u00e9g\u00e9taux, limiter l\u2019usage de la voiture, respecter les mesures mises en place en cas d\u2019\u00e9pisode de pollution&#8230;<\/p>\n\n\n\n<p><br>Quel air respire-t-on \u00e0 Grenoble ? C\u2019est d\u00e9sormais vers la Bastille que les Grenoblois tourneront le regard pour le d\u00e9couvrir.<\/p>\n\n\n\n<p>Ce dispositif d\u2019information de la qualit\u00e9 de l\u2019air p\u00e9renne, visible par le plus grand nombre a \u00e9t\u00e9 propos\u00e9 par les partenaires du projet de mise en lumi\u00e8re de la tour Perret qui ont ainsi poursuivi leur r\u00e9flexion au-del\u00e0 de l\u2019esth\u00e9tique.<\/p>\n\n\n\n<p>Le choix s\u2019est port\u00e9 sur le pyl\u00f4ne interm\u00e9diaire du t\u00e9l\u00e9ph\u00e9rique qui relie Grenoble au sommet de la Bastille. En effet, dans un contexte de crise \u00e9nerg\u00e9tique, les partenaires du projet ont pr\u00e9f\u00e9r\u00e9 adapter un \u00e9clairage obligatoire et d\u00e9j\u00e0 en place au lieu de proposer un nouveau dispositif sur la colline.<\/p>\n\n\n\n<p>L\u2019installation a \u00e9t\u00e9 con\u00e7ue par une entreprise locale pour limiter :&nbsp;<br>\u2022&nbsp;&nbsp; &nbsp;la consommation \u00e9lectrique en s\u00e9lectionnant le mat\u00e9riel le plus adapt\u00e9 et dot\u00e9 d\u2019une technologie LED.<br>\u2022&nbsp;&nbsp; &nbsp;la pollution lumineuse avec des projecteurs orient\u00e9s vers le sol conform\u00e9ment \u00e0 la r\u00e9glementation.<\/p>\n\n\n\n<p>L&#8217;emplacement b\u00e9n\u00e9ficie \u00e9galement d\u2019un angle de vue incomparable depuis le centre-ville grenoblois et sur une large partie de l\u2019agglom\u00e9ration.<br><a href=\"https:\/\/www.atmo-auvergnerhonealpes.fr\/publications\/dossier-de-presse-les-lumieres-de-la-qualite-de-lair-brillent-la-bastille-10-fevrier\">Consulter le dossier de presse.<\/a><\/p>\n","protected":false},"excerpt":{"rendered":"<p>Atmo Auvergne Rh\u00f4ne-Alpes, la R\u00e9gie du t\u00e9l\u00e9ph\u00e9rique de la Bastille, Grenoble-Alpes M\u00e9tropole et la ville de Grenoble s&rsquo;associent pour proposer un nouvel affichage de la qualit\u00e9 de l\u2019air dans l\u2019espace public grenoblois. Un nouveau dispositif d\u2019information grand public et p\u00e9renne de la qualit\u00e9 de l\u2019air install\u00e9 sur le pyl\u00f4ne du t\u00e9l\u00e9ph\u00e9rique de la Bastille. Chaque [&hellip;]<\/p>\n","protected":false},"author":1,"featured_media":0,"comment_status":"closed","ping_status":"open","sticky":false,"template":"","format":"standard","meta":{"twitterCardType":"","cardImageID":0,"cardImage":"","cardTitle":"","cardDesc":"","cardImageAlt":"","cardPlayer":"","cardPlayerWidth":0,"cardPlayerHeight":0,"cardPlayerStream":"","cardPlayerCodec":"","footnotes":""},"categories":[62,11],"tags":[122,256,99],"class_list":["post-21349","post","type-post","status-publish","format-standard","hentry","category-le-rouge-le-vert-hebdo","category-politique-locale","tag-pollution-atmospherique","tag-prevention","tag-sante"],"_links":{"self":[{"href":"https:\/\/www.ades-grenoble.org\/wordpress\/wp-json\/wp\/v2\/posts\/21349","targetHints":{"allow":["GET"]}}],"collection":[{"href":"https:\/\/www.ades-grenoble.org\/wordpress\/wp-json\/wp\/v2\/posts"}],"about":[{"href":"https:\/\/www.ades-grenoble.org\/wordpress\/wp-json\/wp\/v2\/types\/post"}],"author":[{"embeddable":true,"href":"https:\/\/www.ades-grenoble.org\/wordpress\/wp-json\/wp\/v2\/users\/1"}],"replies":[{"embeddable":true,"href":"https:\/\/www.ades-grenoble.org\/wordpress\/wp-json\/wp\/v2\/comments?post=21349"}],"version-history":[{"count":1,"href":"https:\/\/www.ades-grenoble.org\/wordpress\/wp-json\/wp\/v2\/posts\/21349\/revisions"}],"predecessor-version":[{"id":21352,"href":"https:\/\/www.ades-grenoble.org\/wordpress\/wp-json\/wp\/v2\/posts\/21349\/revisions\/21352"}],"wp:attachment":[{"href":"https:\/\/www.ades-grenoble.org\/wordpress\/wp-json\/wp\/v2\/media?parent=21349"}],"wp:term":[{"taxonomy":"category","embeddable":true,"href":"https:\/\/www.ades-grenoble.org\/wordpress\/wp-json\/wp\/v2\/categories?post=21349"},{"taxonomy":"post_tag","embeddable":true,"href":"https:\/\/www.ades-grenoble.org\/wordpress\/wp-json\/wp\/v2\/tags?post=21349"}],"curies":[{"name":"wp","href":"https:\/\/api.w.org\/{rel}","templated":true}]}}