{"id":21402,"date":"2023-03-03T08:15:19","date_gmt":"2023-03-03T07:15:19","guid":{"rendered":"https:\/\/www.ades-grenoble.org\/wordpress\/?p=21402"},"modified":"2023-03-03T09:57:57","modified_gmt":"2023-03-03T08:57:57","slug":"ukraine-un-an-de-guerre-a-ravage-la-nature","status":"publish","type":"post","link":"https:\/\/www.ades-grenoble.org\/wordpress\/2023\/03\/03\/ukraine-un-an-de-guerre-a-ravage-la-nature\/","title":{"rendered":"Ukraine : un an de guerre a ravag\u00e9 la nature"},"content":{"rendered":"<div class=\"wp-block-image is-style-default\">\n<figure class=\"alignleft size-full\"><img loading=\"lazy\" decoding=\"async\" width=\"380\" height=\"253\" src=\"https:\/\/www.ades-grenoble.org\/wordpress\/wp-content\/uploads\/2023\/03\/UkraineDevastee.jpg\" alt=\"\" class=\"wp-image-21403\" srcset=\"https:\/\/www.ades-grenoble.org\/wordpress\/wp-content\/uploads\/2023\/03\/UkraineDevastee.jpg 380w, https:\/\/www.ades-grenoble.org\/wordpress\/wp-content\/uploads\/2023\/03\/UkraineDevastee-300x200.jpg 300w, https:\/\/www.ades-grenoble.org\/wordpress\/wp-content\/uploads\/2023\/03\/UkraineDevastee-150x100.jpg 150w\" sizes=\"auto, (max-width: 380px) 100vw, 380px\" \/><\/figure>\n<\/div>\n\n\n<p><a href=\"https:\/\/reporterre.net\/Ukraine-un-an-de-guerre-a-ravage-la-nature\" target=\"_blank\" rel=\"noreferrer noopener\">Un article tr\u00e8s document\u00e9 du m\u00e9dia Reporterre du 24 f\u00e9vrier 2023<\/a> attire l\u2019attention sur l\u2019un des aspects, dont on ne parle pas ou tr\u00e8s peu, de cette guerre d\u00e9clar\u00e9e par V. Poutine.<\/p>\n\n\n\n<p>For\u00eats br\u00fbl\u00e9es, terrains min\u00e9s, cours d\u2019eaux pollu\u00e9s, oiseaux d\u00e9sorient\u00e9s&#8230; Retour sur un an de destruction de la nature caus\u00e9e par la guerre en Ukraine.<\/p>\n\n\n\n<p>Si la guerre men\u00e9e par la Russie contre l\u2019Ukraine est une catastrophe pour les humains (pr\u00e8s de 300&nbsp;000 soldats bless\u00e9s ou tu\u00e9s et 7&nbsp;000 civils morts), elle l\u2019est \u00e9galement pour leur environnement.&nbsp;La guerre pollue. C\u2019est une \u00e9vidence, mais cette pollution est tr\u00e8s peu \u00e9tudi\u00e9e et document\u00e9e.<\/p>\n\n\n\n<!--more-->\n\n\n\n<p>L\u2019article traite des sujets suivants&nbsp;:<\/p>\n\n\n\n<p>La contamination de l\u2019air, des sols et des eaux. Les dauphins morts, les oiseaux d\u00e9sorient\u00e9s\u2026 les effets sur les animaux. Les routes migratoires des oiseaux passent au-dessus des zones de conflit. Un recul important de la r\u00e9glementation environnementale et la menace nucl\u00e9aire avec des risques tr\u00e8s importants sur les installations nucl\u00e9aires, notamment concernant la centrale de Zaporijia\u00a0(sur ce point les informations ont amplement circul\u00e9).<\/p>\n","protected":false},"excerpt":{"rendered":"<p>Un article tr\u00e8s document\u00e9 du m\u00e9dia Reporterre du 24 f\u00e9vrier 2023 attire l\u2019attention sur l\u2019un des aspects, dont on ne parle pas ou tr\u00e8s peu, de cette guerre d\u00e9clar\u00e9e par V. Poutine. For\u00eats br\u00fbl\u00e9es, terrains min\u00e9s, cours d\u2019eaux pollu\u00e9s, oiseaux d\u00e9sorient\u00e9s&#8230; Retour sur un an de destruction de la nature caus\u00e9e par la guerre en [&hellip;]<\/p>\n","protected":false},"author":1,"featured_media":0,"comment_status":"closed","ping_status":"open","sticky":false,"template":"","format":"standard","meta":{"twitterCardType":"","cardImageID":0,"cardImage":"","cardTitle":"","cardDesc":"","cardImageAlt":"","cardPlayer":"","cardPlayerWidth":0,"cardPlayerHeight":0,"cardPlayerStream":"","cardPlayerCodec":"","footnotes":""},"categories":[62,11],"tags":[153,144,382],"class_list":["post-21402","post","type-post","status-publish","format-standard","hentry","category-le-rouge-le-vert-hebdo","category-politique-locale","tag-ecologie","tag-nature","tag-ukraine"],"_links":{"self":[{"href":"https:\/\/www.ades-grenoble.org\/wordpress\/wp-json\/wp\/v2\/posts\/21402","targetHints":{"allow":["GET"]}}],"collection":[{"href":"https:\/\/www.ades-grenoble.org\/wordpress\/wp-json\/wp\/v2\/posts"}],"about":[{"href":"https:\/\/www.ades-grenoble.org\/wordpress\/wp-json\/wp\/v2\/types\/post"}],"author":[{"embeddable":true,"href":"https:\/\/www.ades-grenoble.org\/wordpress\/wp-json\/wp\/v2\/users\/1"}],"replies":[{"embeddable":true,"href":"https:\/\/www.ades-grenoble.org\/wordpress\/wp-json\/wp\/v2\/comments?post=21402"}],"version-history":[{"count":1,"href":"https:\/\/www.ades-grenoble.org\/wordpress\/wp-json\/wp\/v2\/posts\/21402\/revisions"}],"predecessor-version":[{"id":21404,"href":"https:\/\/www.ades-grenoble.org\/wordpress\/wp-json\/wp\/v2\/posts\/21402\/revisions\/21404"}],"wp:attachment":[{"href":"https:\/\/www.ades-grenoble.org\/wordpress\/wp-json\/wp\/v2\/media?parent=21402"}],"wp:term":[{"taxonomy":"category","embeddable":true,"href":"https:\/\/www.ades-grenoble.org\/wordpress\/wp-json\/wp\/v2\/categories?post=21402"},{"taxonomy":"post_tag","embeddable":true,"href":"https:\/\/www.ades-grenoble.org\/wordpress\/wp-json\/wp\/v2\/tags?post=21402"}],"curies":[{"name":"wp","href":"https:\/\/api.w.org\/{rel}","templated":true}]}}