{"id":21405,"date":"2023-03-03T09:13:35","date_gmt":"2023-03-03T08:13:35","guid":{"rendered":"https:\/\/www.ades-grenoble.org\/wordpress\/?p=21405"},"modified":"2023-03-03T09:58:11","modified_gmt":"2023-03-03T08:58:11","slug":"la-cause-majeure-de-la-secheresse-2022-en-europe-de-louest-est-due-au-changement-climatique","status":"publish","type":"post","link":"https:\/\/www.ades-grenoble.org\/wordpress\/2023\/03\/03\/la-cause-majeure-de-la-secheresse-2022-en-europe-de-louest-est-due-au-changement-climatique\/","title":{"rendered":"La cause majeure de la s\u00e9cheresse 2022 en Europe de l\u2019Ouest, est due au changement climatique"},"content":{"rendered":"<div class=\"wp-block-image is-style-default\">\n<figure class=\"alignleft size-full\"><img loading=\"lazy\" decoding=\"async\" width=\"380\" height=\"253\" src=\"https:\/\/www.ades-grenoble.org\/wordpress\/wp-content\/uploads\/2023\/03\/secheresse.jpg\" alt=\"\" class=\"wp-image-21406\" srcset=\"https:\/\/www.ades-grenoble.org\/wordpress\/wp-content\/uploads\/2023\/03\/secheresse.jpg 380w, https:\/\/www.ades-grenoble.org\/wordpress\/wp-content\/uploads\/2023\/03\/secheresse-300x200.jpg 300w, https:\/\/www.ades-grenoble.org\/wordpress\/wp-content\/uploads\/2023\/03\/secheresse-150x100.jpg 150w\" sizes=\"auto, (max-width: 380px) 100vw, 380px\" \/><\/figure>\n<\/div>\n\n\n<p>Tout le monde se souvient de la s\u00e9cheresse qui a frapp\u00e9 l&rsquo;Europe de l&rsquo;Ouest en 2022. Un \u00e9pisode extr\u00eame sans \u00e9quivalent par son intensit\u00e9 et son \u00e9tendue g\u00e9ographique, que des chercheurs du LSCE (Laboratoire des Sciences du Climat et de l&rsquo;Environnement) et d\u2019autres laboratoires, associent \u00e0 l&rsquo;impact climatique des activit\u00e9s humaines dans <a rel=\"noreferrer noopener\" href=\"https:\/\/www.lsce.ipsl.fr\/Phocea\/Vie_des_labos\/Ast\/ast.php?t=fait_marquant&amp;id_ast=347\" target=\"_blank\">un article d\u2019une revue scientifique<\/a>.<\/p>\n\n\n\n<p>Est-ce que la s\u00e9cheresse de cet hiver serait aussi li\u00e9e au changement climatique&nbsp;? On le saura peut-\u00eatre plus tard.<\/p>\n\n\n\n<p><strong><em>\u00ab&nbsp;L&rsquo;\u00e9tude a utilis\u00e9 une m\u00e9thode appel\u00e9e \u00ab\u00a0analogues de circulation\u00a0\u00bb pour comprendre la relation entre la circulation atmosph\u00e9rique et le changement climatique anthropique.<\/em><\/strong><em>&nbsp;Cette m\u00e9thode recherche les conditions de pression atmosph\u00e9rique similaires aux conditions qui se sont produites pendant la s\u00e9cheresse en 2022, et les compare \u00e0 des conditions du pass\u00e9 lorsque le r\u00e9chauffement climatique global \u00e9tait moins pr\u00e9sent.<\/em><\/p>\n\n\n\n<!--more-->\n\n\n\n<p><strong><em>Les r\u00e9sultats ont montr\u00e9 que l&rsquo;anomalie anticyclonique persistante sur l&rsquo;Europe de l&rsquo;Ouest pendant la s\u00e9cheresse a \u00e9t\u00e9 exacerb\u00e9e par le changement climatique d\u00fb \u00e0 l&rsquo;homme, avec des anomalies de pression atmosph\u00e9rique plus grandes et plus \u00e9tendues et des temp\u00e9ratures plus \u00e9lev\u00e9es \u00e0 la surface.&nbsp;<\/em><\/strong><em>Cela a entra\u00een\u00e9 une expansion de la zone touch\u00e9e par la s\u00e9cheresse et une intensification de l&rsquo;ass\u00e8chement des sols par l&rsquo;\u00e9vapotranspiration.<\/em><\/p>\n\n\n\n<p><em>\u00ab\u00a0Notre \u00e9tude apporte une preuve claire du r\u00f4le du changement climatique d\u00fb \u00e0 l&rsquo;homme dans l&rsquo;exacerbation de la s\u00e9cheresse exceptionnelle de 2022 et souligne la n\u00e9cessit\u00e9 de poursuivre et d\u2019intensifier les recherches et les actions pour faire face aux impacts du changement climatique sur nos communaut\u00e9s\u00a0\u00bb, a d\u00e9clar\u00e9 l\u2019auteur Davide Faranda, chercheur CNRS du Laboratoire des Sciences du Climat et de l&rsquo;Environnement.<\/em><\/p>\n\n\n\n<p><strong><em>Les r\u00e9sultats de cette \u00e9tude ont des implications importantes pour les communaut\u00e9s et les d\u00e9cideurs des r\u00e9gions affect\u00e9es, ainsi que pour ceux du monde entier qui font face aux impacts du changement climatique.<\/em><\/strong><em>&nbsp;Les r\u00e9sultats mettent en \u00e9vidence l&rsquo;importance de poursuivre les efforts pour r\u00e9duire les \u00e9missions de gaz \u00e0 effet de serre et att\u00e9nuer les effets du changement climatique.&nbsp;\u00bb<\/em><\/p>\n\n\n\n<p>Voir aussi l\u2019article\u00a0: <a rel=\"noreferrer noopener\" href=\"https:\/\/www.cea.fr\/drf\/Pages\/Actualites\/En-direct-des-labos\/2023\/secheresse-2022--la-main-de-lhomme.aspx\" target=\"_blank\">S\u00e9cheresse 2022 : la main de l&rsquo;Homme<\/a><\/p>\n","protected":false},"excerpt":{"rendered":"<p>Tout le monde se souvient de la s\u00e9cheresse qui a frapp\u00e9 l&rsquo;Europe de l&rsquo;Ouest en 2022. Un \u00e9pisode extr\u00eame sans \u00e9quivalent par son intensit\u00e9 et son \u00e9tendue g\u00e9ographique, que des chercheurs du LSCE (Laboratoire des Sciences du Climat et de l&rsquo;Environnement) et d\u2019autres laboratoires, associent \u00e0 l&rsquo;impact climatique des activit\u00e9s humaines dans un article d\u2019une [&hellip;]<\/p>\n","protected":false},"author":1,"featured_media":0,"comment_status":"closed","ping_status":"open","sticky":false,"template":"","format":"standard","meta":{"twitterCardType":"","cardImageID":0,"cardImage":"","cardTitle":"","cardDesc":"","cardImageAlt":"","cardPlayer":"","cardPlayerWidth":0,"cardPlayerHeight":0,"cardPlayerStream":"","cardPlayerCodec":"","footnotes":""},"categories":[62,11],"tags":[223,298,380],"class_list":["post-21405","post","type-post","status-publish","format-standard","hentry","category-le-rouge-le-vert-hebdo","category-politique-locale","tag-climat","tag-france","tag-transitions"],"_links":{"self":[{"href":"https:\/\/www.ades-grenoble.org\/wordpress\/wp-json\/wp\/v2\/posts\/21405","targetHints":{"allow":["GET"]}}],"collection":[{"href":"https:\/\/www.ades-grenoble.org\/wordpress\/wp-json\/wp\/v2\/posts"}],"about":[{"href":"https:\/\/www.ades-grenoble.org\/wordpress\/wp-json\/wp\/v2\/types\/post"}],"author":[{"embeddable":true,"href":"https:\/\/www.ades-grenoble.org\/wordpress\/wp-json\/wp\/v2\/users\/1"}],"replies":[{"embeddable":true,"href":"https:\/\/www.ades-grenoble.org\/wordpress\/wp-json\/wp\/v2\/comments?post=21405"}],"version-history":[{"count":1,"href":"https:\/\/www.ades-grenoble.org\/wordpress\/wp-json\/wp\/v2\/posts\/21405\/revisions"}],"predecessor-version":[{"id":21407,"href":"https:\/\/www.ades-grenoble.org\/wordpress\/wp-json\/wp\/v2\/posts\/21405\/revisions\/21407"}],"wp:attachment":[{"href":"https:\/\/www.ades-grenoble.org\/wordpress\/wp-json\/wp\/v2\/media?parent=21405"}],"wp:term":[{"taxonomy":"category","embeddable":true,"href":"https:\/\/www.ades-grenoble.org\/wordpress\/wp-json\/wp\/v2\/categories?post=21405"},{"taxonomy":"post_tag","embeddable":true,"href":"https:\/\/www.ades-grenoble.org\/wordpress\/wp-json\/wp\/v2\/tags?post=21405"}],"curies":[{"name":"wp","href":"https:\/\/api.w.org\/{rel}","templated":true}]}}