{"id":21421,"date":"2023-03-03T09:57:38","date_gmt":"2023-03-03T08:57:38","guid":{"rendered":"https:\/\/www.ades-grenoble.org\/wordpress\/?p=21421"},"modified":"2023-03-03T10:01:28","modified_gmt":"2023-03-03T09:01:28","slug":"a-partir-du-mardi-7-mars-mobilisation-generale-contre-la-reforme-des-retraites","status":"publish","type":"post","link":"https:\/\/www.ades-grenoble.org\/wordpress\/2023\/03\/03\/a-partir-du-mardi-7-mars-mobilisation-generale-contre-la-reforme-des-retraites\/","title":{"rendered":"A partir du mardi 7 mars : mobilisation g\u00e9n\u00e9rale contre la r\u00e9forme des retraites"},"content":{"rendered":"<div class=\"wp-block-image is-style-default\">\n<figure class=\"alignleft size-full\"><img loading=\"lazy\" decoding=\"async\" width=\"700\" height=\"338\" src=\"https:\/\/www.ades-grenoble.org\/wordpress\/wp-content\/uploads\/2023\/02\/Intersyndicale.jpg\" alt=\"\" class=\"wp-image-21356\" srcset=\"https:\/\/www.ades-grenoble.org\/wordpress\/wp-content\/uploads\/2023\/02\/Intersyndicale.jpg 700w, https:\/\/www.ades-grenoble.org\/wordpress\/wp-content\/uploads\/2023\/02\/Intersyndicale-300x145.jpg 300w, https:\/\/www.ades-grenoble.org\/wordpress\/wp-content\/uploads\/2023\/02\/Intersyndicale-150x72.jpg 150w, https:\/\/www.ades-grenoble.org\/wordpress\/wp-content\/uploads\/2023\/02\/Intersyndicale-600x290.jpg 600w\" sizes=\"auto, (max-width: 700px) 100vw, 700px\" \/><\/figure>\n<\/div>\n\n\n<p>Les organisations syndicales, CFDT, CGT, FO, CFE-CGC, CFTC, UNSA, Solidaires, FSU, Unef, la Voix lyc\u00e9enne, FAGE, FIDL, MNL, appellent \u00e0 la mise \u00e0 l\u2019arr\u00eat de la France le mardi 7 mars en participant aux manifestations et en se d\u00e9clarant en gr\u00e8ve. Le 7 mars doit \u00eatre une v\u00e9ritable journ\u00e9e morte dans les entreprises, les administrations, les services, les commerces, les \u00e9coles, les lieux d\u2019\u00e9tudes, les transports\u2026<\/p>\n\n\n\n<p><em>\u00ab&nbsp;ENSEMBLE, LE 7 MARS, METTONS LA FRANCE \u00c0 L\u2019ARR\u00caT !<\/em><\/p>\n\n\n\n<p><em>Les organisations syndicales et de jeunesse saluent la mobilisation de ces millions de travailleurs.euses, jeunes, retrait\u00e9.e.s qui, depuis le 19 janvier, expriment leur opposition \u00e0 cette r\u00e9forme des retraites. Ils et elles sont d\u00e9termin\u00e9.e.s \u00e0 emp\u00eacher le recul de l\u2019\u00e2ge l\u00e9gal \u00e0 64 ans et l\u2019allongement du nombre de trimestres, ce qui aurait pour effet de faire aussi baisser plus rapidement leurs pensions.<\/em><\/p>\n\n\n\n<p><em>Malgr\u00e9 la propagande du gouvernement qui ne convainc pas du bien-fond\u00e9 de sa r\u00e9forme, l\u2019\u00e9crasante majorit\u00e9 de la population comme 90% des salari\u00e9.e.s font preuve de&nbsp;\u00ab bon sens&nbsp;\u00bb&nbsp; et rejettent cette r\u00e9forme brutale, inacceptable et inutile.<\/em><\/p>\n\n\n\n<!--more-->\n\n\n\n<p><em>En opposition \u00e0 ce projet de r\u00e9forme des retraites, l\u2019unit\u00e9 des organisations syndicales a construit un mouvement social solide, d\u00e9termin\u00e9, ancr\u00e9 dans le paysage social de tout le pays. Il r\u00e9v\u00e8le \u00e9galement l\u2019inqui\u00e9tude face \u00e0 la d\u00e9sertification des territoires, le manque de services publics, les incertitudes en mati\u00e8re d\u2019emploi, de salaires et de pouvoir d\u2019achat.<\/em><\/p>\n\n\n\n<p><em>En compl\u00e9ment de ces manifestations, c\u2019est plus d\u2019un million de personnes qui ont sign\u00e9 et diffusent la p\u00e9tition en ligne propos\u00e9e par les organisations syndicales. Cette opposition \u00e0 la r\u00e9forme touche d\u00e9sormais toutes les strates de la population.<\/em><\/p>\n\n\n\n<p><em>Malgr\u00e9 cela, le gouvernement et le pr\u00e9sident de la R\u00e9publique restent sourds et d\u00e9gradent la coh\u00e9sion sociale du pays en refusant toujours de retirer ce projet injuste.<\/em><\/p>\n\n\n\n<p><em>C\u2019est pourquoi, comme annonc\u00e9 lors du pr\u00e9c\u00e9dent communiqu\u00e9 le 11 f\u00e9vrier, l\u2019intersyndicale r\u00e9affirme sa d\u00e9termination pour mettre la France \u00e0 l\u2019arr\u00eat le 7 mars prochain en appelant les travailleurs.euses \u00e0 participer massivement aux manifestations et \u00e0 se d\u00e9clarer en gr\u00e8ve.&nbsp;<\/em><\/p>\n\n\n\n<p><em>Les organisations syndicales professionnelles et de jeunesse continuent leurs actions d\u2019information et de conviction pour \u00e9largir encore le mouvement social. Le 7 mars doit \u00eatre une v\u00e9ritable journ\u00e9e morte dans les entreprises, les administrations, les services, les commerces, les \u00e9coles, les lieux d\u2019\u00e9tudes, les transports\u2026<\/em><\/p>\n\n\n\n<p><em>Pour y parvenir, elles organisent partout r\u00e9guli\u00e8rement de nombreuses initiatives publiques sur les lieux de vie et appellent la population \u00e0 y participer.<\/em><\/p>\n\n\n\n<p><em>Elles interpellent localement les parlementaires sur la base du courrier commun qui leur a \u00e9t\u00e9 adress\u00e9, pour qu\u2019ils votent contre cette r\u00e9forme.<\/em><\/p>\n\n\n\n<p><em>Elles se saisissent du 8 mars, journ\u00e9e internationale de lutte pour les droits des femmes, pour rendre visibles les cons\u00e9quences particuli\u00e8rement graves de ce projet pour elles.<\/em><\/p>\n\n\n\n<p><em>Elles agissent avec les organisations de jeunesse qui militent sur leurs lieux d\u2019\u00e9tudes pour \u00e9largir&nbsp;&nbsp;&nbsp;&nbsp; encore le rejet de cette r\u00e9forme des retraites particuli\u00e8rement injuste. Elles soutiennent aussi leur mobilisation du<br>9 mars pour am\u00e9liorer notamment le syst\u00e8me des bourses d\u2019\u00e9tudes.<\/em><\/p>\n\n\n\n<p><em>Ensemble, d\u00e8s le 7 mars, mettons un coup d\u2019arr\u00eat \u00e0 ce projet de r\u00e9forme des retraites inacceptable.&nbsp;\u00bb<\/em><\/p>\n\n\n\n<p>A noter que la municipalit\u00e9 de Grenoble a d\u00e9cid\u00e9 de manifester publiquement son soutien au mouvement social<\/p>\n\n\n\n<ul class=\"wp-block-list\"><li>en fermant les services d\u2019accueil du public \u00e0 l\u2019H\u00f4tel de ville le 7 mars, sauf pour les personnes ayant des rendez-vous pris avec les services pour des d\u00e9marches administratives en cours (Etat-civil\u2026). Les agents souhaitant faire gr\u00e8ve pourront ainsi le faire ais\u00e9ment, les non gr\u00e9vistes pouvant travailler normalement.<\/li><li>en apposant des banderoles de soutien au mouvement social sur l\u2019Hotel de Ville et Claudel<\/li><li>en annulant toute restauration scolaire et accueil p\u00e9riscolaire le 7 Mars. Le 9 mars la restauration sera maintenue uniquement en mode pique-nique (fourni par les familles) l\u00e0 ou un personnel suffisant sera disponible. Le 10 mars un service de restauration all\u00e9g\u00e9 est pr\u00e9vu.<\/li><\/ul>\n","protected":false},"excerpt":{"rendered":"<p>Les organisations syndicales, CFDT, CGT, FO, CFE-CGC, CFTC, UNSA, Solidaires, FSU, Unef, la Voix lyc\u00e9enne, FAGE, FIDL, MNL, appellent \u00e0 la mise \u00e0 l\u2019arr\u00eat de la France le mardi 7 mars en participant aux manifestations et en se d\u00e9clarant en gr\u00e8ve. Le 7 mars doit \u00eatre une v\u00e9ritable journ\u00e9e morte dans les entreprises, les administrations, [&hellip;]<\/p>\n","protected":false},"author":1,"featured_media":0,"comment_status":"closed","ping_status":"open","sticky":false,"template":"","format":"standard","meta":{"twitterCardType":"","cardImageID":0,"cardImage":"","cardTitle":"","cardDesc":"","cardImageAlt":"","cardPlayer":"","cardPlayerWidth":0,"cardPlayerHeight":0,"cardPlayerStream":"","cardPlayerCodec":"","footnotes":""},"categories":[62,11],"tags":[365,12,397],"class_list":["post-21421","post","type-post","status-publish","format-standard","hentry","category-le-rouge-le-vert-hebdo","category-politique-locale","tag-luttes","tag-mobilisations","tag-retraite"],"_links":{"self":[{"href":"https:\/\/www.ades-grenoble.org\/wordpress\/wp-json\/wp\/v2\/posts\/21421","targetHints":{"allow":["GET"]}}],"collection":[{"href":"https:\/\/www.ades-grenoble.org\/wordpress\/wp-json\/wp\/v2\/posts"}],"about":[{"href":"https:\/\/www.ades-grenoble.org\/wordpress\/wp-json\/wp\/v2\/types\/post"}],"author":[{"embeddable":true,"href":"https:\/\/www.ades-grenoble.org\/wordpress\/wp-json\/wp\/v2\/users\/1"}],"replies":[{"embeddable":true,"href":"https:\/\/www.ades-grenoble.org\/wordpress\/wp-json\/wp\/v2\/comments?post=21421"}],"version-history":[{"count":2,"href":"https:\/\/www.ades-grenoble.org\/wordpress\/wp-json\/wp\/v2\/posts\/21421\/revisions"}],"predecessor-version":[{"id":21424,"href":"https:\/\/www.ades-grenoble.org\/wordpress\/wp-json\/wp\/v2\/posts\/21421\/revisions\/21424"}],"wp:attachment":[{"href":"https:\/\/www.ades-grenoble.org\/wordpress\/wp-json\/wp\/v2\/media?parent=21421"}],"wp:term":[{"taxonomy":"category","embeddable":true,"href":"https:\/\/www.ades-grenoble.org\/wordpress\/wp-json\/wp\/v2\/categories?post=21421"},{"taxonomy":"post_tag","embeddable":true,"href":"https:\/\/www.ades-grenoble.org\/wordpress\/wp-json\/wp\/v2\/tags?post=21421"}],"curies":[{"name":"wp","href":"https:\/\/api.w.org\/{rel}","templated":true}]}}