{"id":21429,"date":"2023-03-01T11:05:07","date_gmt":"2023-03-01T10:05:07","guid":{"rendered":"https:\/\/www.ades-grenoble.org\/wordpress\/?p=21429"},"modified":"2023-03-10T11:36:48","modified_gmt":"2023-03-10T10:36:48","slug":"la-crise-du-logement-neuf-se-poursuit-en-france","status":"publish","type":"post","link":"https:\/\/www.ades-grenoble.org\/wordpress\/2023\/03\/01\/la-crise-du-logement-neuf-se-poursuit-en-france\/","title":{"rendered":"La crise du logement neuf se poursuit en France"},"content":{"rendered":"<div class=\"wp-block-image is-style-default\">\n<figure class=\"alignleft size-full\"><img loading=\"lazy\" decoding=\"async\" width=\"380\" height=\"320\" src=\"https:\/\/www.ades-grenoble.org\/wordpress\/wp-content\/uploads\/2022\/08\/MinistereEcologueTransition.jpg\" alt=\"\" class=\"wp-image-20617\" srcset=\"https:\/\/www.ades-grenoble.org\/wordpress\/wp-content\/uploads\/2022\/08\/MinistereEcologueTransition.jpg 380w, https:\/\/www.ades-grenoble.org\/wordpress\/wp-content\/uploads\/2022\/08\/MinistereEcologueTransition-300x253.jpg 300w, https:\/\/www.ades-grenoble.org\/wordpress\/wp-content\/uploads\/2022\/08\/MinistereEcologueTransition-150x126.jpg 150w\" sizes=\"auto, (max-width: 380px) 100vw, 380px\" \/><\/figure>\n<\/div>\n\n\n<p>En janvier 2023, le nombre de logements commenc\u00e9s serait l\u00e9g\u00e8rement inf\u00e9rieur \u00e0 30 000, en donn\u00e9es CVS-CJO, soit un niveau proche de celui estim\u00e9 pour les six derniers mois, mais inf\u00e9rieur de 7 % \u00e0 la moyenne des douze mois pr\u00e9c\u00e9dant la crise sanitaire. Mesur\u00e9es sur douze mois, les mises en chantier seraient en repli : 369 200 logements auraient \u00e9t\u00e9 mis en chantier, soit 6,1 % de moins (-24 100) que pendant les douze mois pr\u00e9c\u00e9dents et 4,3 % de moins qu\u2019au cours des douze mois pr\u00e9c\u00e9dant la crise sanitaire (mars 2019 \u00e0 f\u00e9vrier 2020).<\/p>\n\n\n\n<p>Entre septembre et d\u00e9cembre 2022, les autorisations mensuelles de logements se sont \u00e9tablies autour de 30 000, soit le niveau le plus faible enregistr\u00e9 depuis d\u00e9but 2014 (\u00e0 l\u2019exception de mars 2020). En janvier 2023, les autorisations de logements progressent nettement par rapport aux mois pr\u00e9c\u00e9dents pour s\u2019\u00e9tablir \u00e0 35 000. Elles restent toutefois en dessous de leur niveau moyen des douze mois pr\u00e9c\u00e9dant le premier confinement (- 9 %), en donn\u00e9es corrig\u00e9es des variations saisonni\u00e8res et des jours ouvrables (CVS-CJO).<\/p>\n\n\n\n<!--more-->\n\n\n\n<p>Mesur\u00e9 sur douze derniers mois, le nombre d\u2019autorisations est moins sensible aux fortes variations infra-annuelles de 2022. Ainsi, de f\u00e9vrier 2022 \u00e0 janvier 2023, le nombre de logements autoris\u00e9s \u00e0 la construction s\u2019\u00e9tablit \u00e0 476 500 logements, soit 3 100 de plus qu\u2019au cours des douze mois pr\u00e9c\u00e9dents (+ 0,7 %) et 3,6 % de plus qu\u2019au cours des douze derniers mois pr\u00e9c\u00e9dant la crise sanitaire (mars 2019 \u00e0 f\u00e9vrier 2020).<\/p>\n\n\n\n<p><\/p>\n\n\n\n<p><strong>Il y a une l\u00e9g\u00e8re stabilisation pour les logements collectifs. <\/strong>Les mises en chantier de logements collectifs ou en r\u00e9sidence sont estim\u00e9es en baisse de 20\u00a0400 unit\u00e9s (-\u00a08,6\u00a0%) par rapport aux douze mois pr\u00e9c\u00e9dents. Les logements en r\u00e9sidence (-\u00a08,4\u00a0%) auraient diminu\u00e9 de mani\u00e8re similaire aux logements collectifs ordinaires (-\u00a09,0\u00a0%).<\/p>\n\n\n<div class=\"wp-block-image is-style-default\">\n<figure class=\"aligncenter size-full is-resized\"><img loading=\"lazy\" decoding=\"async\" src=\"https:\/\/www.ades-grenoble.org\/wordpress\/wp-content\/uploads\/2023\/03\/LogementsAutorises-Commences.jpg\" alt=\"\" class=\"wp-image-21430\" width=\"800\" height=\"518\" srcset=\"https:\/\/www.ades-grenoble.org\/wordpress\/wp-content\/uploads\/2023\/03\/LogementsAutorises-Commences.jpg 800w, https:\/\/www.ades-grenoble.org\/wordpress\/wp-content\/uploads\/2023\/03\/LogementsAutorises-Commences-300x194.jpg 300w, https:\/\/www.ades-grenoble.org\/wordpress\/wp-content\/uploads\/2023\/03\/LogementsAutorises-Commences-150x97.jpg 150w, https:\/\/www.ades-grenoble.org\/wordpress\/wp-content\/uploads\/2023\/03\/LogementsAutorises-Commences-768x497.jpg 768w, https:\/\/www.ades-grenoble.org\/wordpress\/wp-content\/uploads\/2023\/03\/LogementsAutorises-Commences-600x389.jpg 600w\" sizes=\"auto, (max-width: 800px) 100vw, 800px\" \/><\/figure>\n<\/div>\n\n\n<figure class=\"wp-block-image size-full is-style-default\"><img loading=\"lazy\" decoding=\"async\" width=\"800\" height=\"525\" src=\"https:\/\/www.ades-grenoble.org\/wordpress\/wp-content\/uploads\/2023\/03\/LogementsCollectifsAutorises-Commences.jpg\" alt=\"\" class=\"wp-image-21432\" srcset=\"https:\/\/www.ades-grenoble.org\/wordpress\/wp-content\/uploads\/2023\/03\/LogementsCollectifsAutorises-Commences.jpg 800w, https:\/\/www.ades-grenoble.org\/wordpress\/wp-content\/uploads\/2023\/03\/LogementsCollectifsAutorises-Commences-300x197.jpg 300w, https:\/\/www.ades-grenoble.org\/wordpress\/wp-content\/uploads\/2023\/03\/LogementsCollectifsAutorises-Commences-150x98.jpg 150w, https:\/\/www.ades-grenoble.org\/wordpress\/wp-content\/uploads\/2023\/03\/LogementsCollectifsAutorises-Commences-768x504.jpg 768w, https:\/\/www.ades-grenoble.org\/wordpress\/wp-content\/uploads\/2023\/03\/LogementsCollectifsAutorises-Commences-600x394.jpg 600w\" sizes=\"auto, (max-width: 800px) 100vw, 800px\" \/><\/figure>\n\n\n\n<p>Pour plus de d\u00e9tails, voir <a rel=\"noreferrer noopener\" href=\"https:\/\/www.statistiques.developpement-durable.gouv.fr\/publicationweb\/531\" target=\"_blank\">ici<\/a>.<\/p>\n","protected":false},"excerpt":{"rendered":"<p>En janvier 2023, le nombre de logements commenc\u00e9s serait l\u00e9g\u00e8rement inf\u00e9rieur \u00e0 30 000, en donn\u00e9es CVS-CJO, soit un niveau proche de celui estim\u00e9 pour les six derniers mois, mais inf\u00e9rieur de 7 % \u00e0 la moyenne des douze mois pr\u00e9c\u00e9dant la crise sanitaire. Mesur\u00e9es sur douze mois, les mises en chantier seraient en repli [&hellip;]<\/p>\n","protected":false},"author":1,"featured_media":0,"comment_status":"closed","ping_status":"open","sticky":false,"template":"","format":"standard","meta":{"twitterCardType":"","cardImageID":0,"cardImage":"","cardTitle":"","cardDesc":"","cardImageAlt":"","cardPlayer":"","cardPlayerWidth":0,"cardPlayerHeight":0,"cardPlayerStream":"","cardPlayerCodec":"","footnotes":""},"categories":[62,11],"tags":[298,66,33],"class_list":["post-21429","post","type-post","status-publish","format-standard","hentry","category-le-rouge-le-vert-hebdo","category-politique-locale","tag-france","tag-logement","tag-social"],"_links":{"self":[{"href":"https:\/\/www.ades-grenoble.org\/wordpress\/wp-json\/wp\/v2\/posts\/21429","targetHints":{"allow":["GET"]}}],"collection":[{"href":"https:\/\/www.ades-grenoble.org\/wordpress\/wp-json\/wp\/v2\/posts"}],"about":[{"href":"https:\/\/www.ades-grenoble.org\/wordpress\/wp-json\/wp\/v2\/types\/post"}],"author":[{"embeddable":true,"href":"https:\/\/www.ades-grenoble.org\/wordpress\/wp-json\/wp\/v2\/users\/1"}],"replies":[{"embeddable":true,"href":"https:\/\/www.ades-grenoble.org\/wordpress\/wp-json\/wp\/v2\/comments?post=21429"}],"version-history":[{"count":1,"href":"https:\/\/www.ades-grenoble.org\/wordpress\/wp-json\/wp\/v2\/posts\/21429\/revisions"}],"predecessor-version":[{"id":21433,"href":"https:\/\/www.ades-grenoble.org\/wordpress\/wp-json\/wp\/v2\/posts\/21429\/revisions\/21433"}],"wp:attachment":[{"href":"https:\/\/www.ades-grenoble.org\/wordpress\/wp-json\/wp\/v2\/media?parent=21429"}],"wp:term":[{"taxonomy":"category","embeddable":true,"href":"https:\/\/www.ades-grenoble.org\/wordpress\/wp-json\/wp\/v2\/categories?post=21429"},{"taxonomy":"post_tag","embeddable":true,"href":"https:\/\/www.ades-grenoble.org\/wordpress\/wp-json\/wp\/v2\/tags?post=21429"}],"curies":[{"name":"wp","href":"https:\/\/api.w.org\/{rel}","templated":true}]}}