{"id":21436,"date":"2023-03-10T11:15:32","date_gmt":"2023-03-10T10:15:32","guid":{"rendered":"https:\/\/www.ades-grenoble.org\/wordpress\/?p=21436"},"modified":"2023-03-10T11:37:17","modified_gmt":"2023-03-10T10:37:17","slug":"politique-politicienne-288","status":"publish","type":"post","link":"https:\/\/www.ades-grenoble.org\/wordpress\/2023\/03\/10\/politique-politicienne-288\/","title":{"rendered":"Politique politicienne"},"content":{"rendered":"<div class=\"wp-block-image is-style-default\">\n<figure class=\"alignleft size-full\"><img loading=\"lazy\" decoding=\"async\" width=\"200\" height=\"234\" src=\"https:\/\/www.ades-grenoble.org\/wordpress\/wp-content\/uploads\/2015\/01\/fou1.png\" alt=\"fou\" class=\"wp-image-9634\" srcset=\"https:\/\/www.ades-grenoble.org\/wordpress\/wp-content\/uploads\/2015\/01\/fou1.png 200w, https:\/\/www.ades-grenoble.org\/wordpress\/wp-content\/uploads\/2015\/01\/fou1-128x150.png 128w\" sizes=\"auto, (max-width: 200px) 100vw, 200px\" \/><\/figure>\n<\/div>\n\n\n<p>Le Syndicat Mixte des Mobilit\u00e9s de l\u2019Aire Grenobloise (SMMAG) vient de d\u00e9cider unilat\u00e9ralement de ne plus verser aux communes la compensation financi\u00e8re d\u00e9di\u00e9e \u00e0 la gestion et \u00e0 l\u2019entretien des abris bus et tram de l\u2019agglom\u00e9ration, et le ramassage des sacs poubelles qui y sont appos\u00e9s. Or ces \u00e9l\u00e9ments \u00e9taient l\u2019objet d\u2019une convention particuli\u00e8re due au fait que les services de propret\u00e9 urbaines \u00e9taient rest\u00e9s aux communes apr\u00e8s les transferts de comp\u00e9tence en 2015, alors que les voies de tram et les abris bus sont des parties d\u2019espaces publics et d\u2019accessoires de voirie d\u00e9l\u00e9gu\u00e9s au SMMAG. Cette d\u00e9cision d\u00e9coule des difficult\u00e9s financi\u00e8res du syndicat, certes, mais d\u00e9noncer une convention se fait en g\u00e9n\u00e9ral de fa\u00e7on concert\u00e9e sinon polie, et nous sommes inquiets de voir avec quelle d\u00e9sinvolture cette d\u00e9cision de ne pas honorer la signature d\u2019une convention est propos\u00e9e par le pr\u00e9sident du SMMAG et vot\u00e9e par le Conseil syndical. Il s\u2019agit l\u00e0 d\u2019une fa\u00e7on bien politicienne de respecter le droit conventionnel, en dehors de toute n\u00e9cessit\u00e9 d\u2019int\u00e9r\u00eat g\u00e9n\u00e9ral. Va-t-on voir fleurir des recours de communes contre cette r\u00e9siliation unilat\u00e9rale\u00a0?<\/p>\n","protected":false},"excerpt":{"rendered":"<p>Le Syndicat Mixte des Mobilit\u00e9s de l\u2019Aire Grenobloise (SMMAG) vient de d\u00e9cider unilat\u00e9ralement de ne plus verser aux communes la compensation financi\u00e8re d\u00e9di\u00e9e \u00e0 la gestion et \u00e0 l\u2019entretien des abris bus et tram de l\u2019agglom\u00e9ration, et le ramassage des sacs poubelles qui y sont appos\u00e9s. Or ces \u00e9l\u00e9ments \u00e9taient l\u2019objet d\u2019une convention particuli\u00e8re due [&hellip;]<\/p>\n","protected":false},"author":1,"featured_media":0,"comment_status":"closed","ping_status":"open","sticky":false,"template":"","format":"standard","meta":{"twitterCardType":"","cardImageID":0,"cardImage":"","cardTitle":"","cardDesc":"","cardImageAlt":"","cardPlayer":"","cardPlayerWidth":0,"cardPlayerHeight":0,"cardPlayerStream":"","cardPlayerCodec":"","footnotes":""},"categories":[62,11],"tags":[54],"class_list":["post-21436","post","type-post","status-publish","format-standard","hentry","category-le-rouge-le-vert-hebdo","category-politique-locale","tag-politique-droite-gauche"],"_links":{"self":[{"href":"https:\/\/www.ades-grenoble.org\/wordpress\/wp-json\/wp\/v2\/posts\/21436","targetHints":{"allow":["GET"]}}],"collection":[{"href":"https:\/\/www.ades-grenoble.org\/wordpress\/wp-json\/wp\/v2\/posts"}],"about":[{"href":"https:\/\/www.ades-grenoble.org\/wordpress\/wp-json\/wp\/v2\/types\/post"}],"author":[{"embeddable":true,"href":"https:\/\/www.ades-grenoble.org\/wordpress\/wp-json\/wp\/v2\/users\/1"}],"replies":[{"embeddable":true,"href":"https:\/\/www.ades-grenoble.org\/wordpress\/wp-json\/wp\/v2\/comments?post=21436"}],"version-history":[{"count":1,"href":"https:\/\/www.ades-grenoble.org\/wordpress\/wp-json\/wp\/v2\/posts\/21436\/revisions"}],"predecessor-version":[{"id":21437,"href":"https:\/\/www.ades-grenoble.org\/wordpress\/wp-json\/wp\/v2\/posts\/21436\/revisions\/21437"}],"wp:attachment":[{"href":"https:\/\/www.ades-grenoble.org\/wordpress\/wp-json\/wp\/v2\/media?parent=21436"}],"wp:term":[{"taxonomy":"category","embeddable":true,"href":"https:\/\/www.ades-grenoble.org\/wordpress\/wp-json\/wp\/v2\/categories?post=21436"},{"taxonomy":"post_tag","embeddable":true,"href":"https:\/\/www.ades-grenoble.org\/wordpress\/wp-json\/wp\/v2\/tags?post=21436"}],"curies":[{"name":"wp","href":"https:\/\/api.w.org\/{rel}","templated":true}]}}