{"id":21528,"date":"2023-03-31T09:21:28","date_gmt":"2023-03-31T07:21:28","guid":{"rendered":"https:\/\/www.ades-grenoble.org\/wordpress\/?p=21528"},"modified":"2023-03-31T10:14:16","modified_gmt":"2023-03-31T08:14:16","slug":"une-agriculture-europeenne-sans-pesticides-chimiques-en-2050-cest-possible","status":"publish","type":"post","link":"https:\/\/www.ades-grenoble.org\/wordpress\/2023\/03\/31\/une-agriculture-europeenne-sans-pesticides-chimiques-en-2050-cest-possible\/","title":{"rendered":"Une agriculture europ\u00e9enne sans pesticides chimiques en 2050, c\u2019est possible"},"content":{"rendered":"<div class=\"wp-block-image is-style-default\">\n<figure class=\"alignleft size-full\"><img loading=\"lazy\" decoding=\"async\" width=\"380\" height=\"125\" src=\"https:\/\/www.ades-grenoble.org\/wordpress\/wp-content\/uploads\/2023\/03\/INRAE.jpg\" alt=\"\" class=\"wp-image-21529\" srcset=\"https:\/\/www.ades-grenoble.org\/wordpress\/wp-content\/uploads\/2023\/03\/INRAE.jpg 380w, https:\/\/www.ades-grenoble.org\/wordpress\/wp-content\/uploads\/2023\/03\/INRAE-300x99.jpg 300w, https:\/\/www.ades-grenoble.org\/wordpress\/wp-content\/uploads\/2023\/03\/INRAE-150x49.jpg 150w\" sizes=\"auto, (max-width: 380px) 100vw, 380px\" \/><\/figure>\n<\/div>\n\n\n<p><a href=\"https:\/\/www.inrae.fr\/actualites\/agriculture-europeenne-pesticides-chimiques-2050-resultats-dune-etude-prospective-inedite\" target=\"_blank\" rel=\"noreferrer noopener\">L\u2019Institut national de recherche pour l\u2019agriculture, l\u2019alimentation et l\u2019environnement (INRAE) a particip\u00e9 \u00e0 une recherche sur le th\u00e8me\u00a0d\u2019une agriculture europ\u00e9enne sans pesticides chimiques \u00e0 l\u2019horizon 2050. <\/a>Durant plus de 2 ans, avec plus d\u2019une centaine d\u2019experts, la prospective \u00ab <em>Agriculture europ\u00e9enne sans pesticides chimiques \u00e0 l\u2019horizon 2050<\/em> \u00bb a explor\u00e9 les chemins possibles pour concevoir une agriculture sans pesticides \u00e0 l\u2019\u00e9chelle europ\u00e9enne. <\/p>\n\n\n\n<p>Le 21 mars lors d\u2019un colloque de restitution rassemblant pr\u00e8s de 1 400 participants de 64 nationalit\u00e9s \u00e0 Paris, avec t\u00e9moignages de divers acteurs fran\u00e7ais et europ\u00e9ens des mondes agricole, r\u00e9glementaire et politique, de l\u2019agriculture, de l\u2019environnement et de l\u2019alimentation, trois sc\u00e9narii d\u2019agriculture sans pesticide, les \u00e9volutions n\u00e9cessaires du syst\u00e8me agricole et alimentaire ont \u00e9t\u00e9 pr\u00e9sent\u00e9es. Chaque sc\u00e9nario s\u2019accompagne de trajectoires pour la transition europ\u00e9enne et r\u00e9gionale de l\u2019ensemble du syst\u00e8me alimentaire. Les sc\u00e9narii r\u00e9pondent \u00e0 la question\u00a0: dans quelles conditions une agriculture sans pesticide serait-elle possible\u00a0? Quels seraient ses impacts sur la production, l\u2019usage des terres, la balance commerciale et les \u00e9missions de gaz \u00e0 effet de serre (GES)\u00a0? Les trois sc\u00e9nariossupposent un v\u00e9ritable bouleversement des pratiques agricoles et affectent fortement l\u2019ensemble de la fili\u00e8re, en commen\u00e7ant par les consommateurs.<\/p>\n\n\n\n<!--more-->\n\n\n\n<p><em>\u00ab&nbsp;Alors que les impacts n\u00e9gatifs des pesticides chimiques sur l\u2019environnement et la sant\u00e9 humaine sont \u00e9tablis et bien document\u00e9s, les politiques europ\u00e9ennes peinent \u00e0 progresser vers l\u2019objectif fix\u00e9 de 50&nbsp;% de r\u00e9duction de l\u2019usage des pesticides chimiques d\u2019ici 2030. Face \u00e0 ce constat, 144 experts, scientifiques et parties prenantes, ont travaill\u00e9 pendant 2&nbsp;ans \u00e0 la production d\u2019une prospective partant d\u2019un changement de mod\u00e8le&nbsp;: concevoir directement des syst\u00e8mes agricoles et alimentaires sans aucun pesticide chimique \u00e0 l\u2019horizon 2050.<\/em><\/p>\n\n\n\n<p><em>Les pesticides chimiques sont aujourd\u2019hui essentiels pour les syst\u00e8mes agricoles conventionnels. R\u00e9duire drastiquement leur utilisation jusqu\u2019\u00e0 les bannir compl\u00e9tement de l\u2019agriculture est un probl\u00e8me \u00e9pineux auquel il n\u2019existe pas de solution simple. La pr\u00e9sente prospective va plus loin en termes d\u2019objectif et d\u2019horizon, en s\u2019interrogeant sur la faisabilit\u00e9\u0301 d\u2019une protection des cultures efficace dans une agriculture sans pesticides chimiques en Europe en 2050 et sur les modalit\u00e9s d\u2019une transition vers une telle agriculture.<\/em><\/p>\n\n\n\n<p><em>Dans quelles conditions une telle transformation serait-elle possible&nbsp;? Quels seraient ses impacts sur la production, l\u2019usage des terres, la balance commerciale et les \u00e9missions de gaz \u00e0 effet de serre (GES)&nbsp;? Cette Prospective, men\u00e9e dans le cadre du programme prioritaire de recherche (PPR) \u00ab&nbsp;Cultiver et prot\u00e9ger autrement&nbsp;\u00bb et en lien avec l\u2019Alliance europ\u00e9enne de recherche \u00ab&nbsp;Towards a Chemical Pesticide-Free Agriculture&nbsp;\u00bb, a pour but d\u2019\u00e9clairer toutes ces questions et de proposer des trajectoires.<\/em><\/p>\n\n\n\n<p><em>Elle propose 3\u00a0sc\u00e9narios d\u2019agriculture sans pesticides chimiques pour l\u2019Europe en 2050, avec pour chacun une trajectoire de transition et l\u2019illustration de ces sc\u00e9narios et trajectoires dans 4\u00a0r\u00e9gions europ\u00e9ennes, et l\u2019\u00e9valuation quantitative de leurs impacts en Europe\u00a0:<\/em><\/p>\n\n\n\n<ul class=\"wp-block-list\"><li><em>Sc\u00e9nario 1&nbsp;: \u00ab&nbsp;March\u00e9 global&nbsp;\u00bb&nbsp;:&nbsp;des cha\u00eenes de valeur mondiales et europ\u00e9ennes bas\u00e9es sur les technologies num\u00e9riques et l\u2019immunit\u00e9 des plantes pour un march\u00e9 alimentaire z\u00e9ro pesticide.<\/em><\/li><li><em>Sc\u00e9nario 2&nbsp;: \u00ab&nbsp;Microbiomes sains&nbsp;\u00bb&nbsp;:&nbsp;des cha\u00eenes de valeur europ\u00e9ennes bas\u00e9es sur les holobiontes des plantes, les microbiomes du sol et des aliments&nbsp;pour un r\u00e9gime sain.<\/em><\/li><li><em>Sc\u00e9nario 3&nbsp;: \u00ab&nbsp;Paysages embo\u00eet\u00e9s&nbsp;\u00bb&nbsp;:&nbsp;des paysages complexes et diversifi\u00e9s et des cha\u00eenes de valeur r\u00e9gionales&nbsp;pour un r\u00e9gime sain et durable.<\/em><\/li><\/ul>\n\n\n\n<p><em>Pour chaque sc\u00e9nario, les syst\u00e8mes de culture sans pesticides reposent sur la diversification des cultures, le d\u00e9veloppement du biocontr\u00f4le, le choix de cultures et de vari\u00e9t\u00e9s adapt\u00e9es, l\u2019apport du num\u00e9rique et des agro\u00e9quipements, et enfin l\u2019anticipation de l\u2019arriv\u00e9e de bioagresseurs par des dispositifs d\u2019\u00e9pid\u00e9miosurveillance.<\/em><\/p>\n\n\n\n<p><em>Des impacts diff\u00e9renci\u00e9s mesur\u00e9s pour chaque sc\u00e9nario<\/em><\/p>\n\n\n\n<p><em>Un des points cl\u00e9s de cette prospective est d\u2019avoir quantifi\u00e9 les impacts de chaque sc\u00e9nario sur la production agricole, l\u2019usage des terres, les \u00e9missions de GES et les \u00e9changes commerciaux, en se basant sur les r\u00e9sultats de simulations d\u2019un mod\u00e8le d\u2019\u00e9quilibre de biomasse \u00e0 l\u2019\u00e9chelle europ\u00e9enne et mondiale.<\/em><\/p>\n\n\n\n<p><em>En ce qui concerne la production agricole europ\u00e9enne, la production en calories varie de \u20135&nbsp;% \u00e0 +12&nbsp;% selon les sc\u00e9narios, avec un \u00e9quilibre \u00e0 trouver entre r\u00e9duction de consommation de produits animaux et maintien des prairies. Sur la balance commerciale, globalement l\u2019impact des sc\u00e9narios&nbsp;2 (Microbiomes sains) et 3 (Paysages embo\u00eet\u00e9s) donnent \u00e0 l\u2019Europe une marge de man\u0153uvre pour assurer sa souverainet\u00e9 alimentaire et \u00eatre exportatrice. Les 3&nbsp;sc\u00e9narios permettent de r\u00e9duire les \u00e9missions de GES de \u20138&nbsp;% (sc\u00e9nario 1) \u00e0 \u201320&nbsp;% (sc\u00e9nario 2) et jusqu\u2019\u00e0 \u201337&nbsp;% (sc\u00e9nario 3). Les 3&nbsp;voies conduisent \u00e0 augmenter le stock de carbone dans les sols et la biomasse pour contribuer \u00e0 la neutralit\u00e9 carbone en 2050 pour le secteur agricole et agroalimentaire avec les sc\u00e9narios&nbsp;2 et 3.<\/em><\/p>\n\n\n\n<p><em>Les cl\u00e9s de la r\u00e9ussite&nbsp;: des politiques publiques europ\u00e9ennes coh\u00e9rentes entre elles, la mobilisation de tous les acteurs de la cha\u00eene de valeur et le partage du risque entre acteurs.<\/em><\/p>\n\n\n\n<p><em>Une protection efficace des cultures sans pesticides chimiques repose sur plusieurs leviers qui doivent&nbsp;\u00eatre&nbsp;associ\u00e9s&nbsp;: la diversification des cultures dans le temps et l\u2019espace, le d\u00e9veloppement de produits de biocontr\u00f4le ou de bio-intrants, une s\u00e9lection vari\u00e9tale adapt\u00e9e, des agro\u00e9quipements et outils num\u00e9riques, et des outils de suivi de la dynamique des bioagresseurs et de l\u2019environnement. Les m\u00e9canismes de r\u00e9gulation biologique \u00e0 l\u2019\u00e9chelle du sol, de la parcelle et du paysage doivent \u00eatre privil\u00e9gi\u00e9s, de m\u00eame que les actions prophylactiques.<\/em><\/p>\n\n\n\n<p><em>Avec l\u2019\u00e9tude de cas concrets en Italie, Roumanie, Finlande et France pour \u00e9tablir des trajectoires de transition, il est ressorti que l\u2019ensemble du syst\u00e8me alimentaire doit \u00eatre pris en compte dans cette reconception, en engageant tous les acteurs de la cha\u00eene, du producteur au consommateur modifiant son r\u00e9gime alimentaire, en passant par les politiques publiques et r\u00e9glementaires. En effet, la transition vers une agriculture sans pesticides chimiques n\u00e9cessite un mix coh\u00e9rent de politiques publiques europ\u00e9ennes pour r\u00e9duire l\u2019usage des pesticides, soutenir la transition via une refonte de la Politique agricole commune (PAC) et des instruments \u00e9conomiques mobilisables, et cr\u00e9er des march\u00e9s sans pesticides chimiques via des accords commerciaux. Enfin, la transition doit notamment s\u2019appuyer sur le partage du risque entre les acteurs dans la transformation de leurs syst\u00e8mes de culture et celle des approvisionnements agricoles et de l\u2019agroalimentaire.<\/em><\/p>\n\n\n\n<p><em>Les sc\u00e9narios propos\u00e9s par la prospective doivent aider les d\u00e9cideurs et la communaut\u00e9 scientifique \u00e0 identifier de nouvelles probl\u00e9matiques de recherche pour construire un futur syst\u00e8me agricole et agroalimentaire europ\u00e9en sans pesticides chimiques d\u2019ici 2050\u2026\u00a0\u00bb<\/em><\/p>\n","protected":false},"excerpt":{"rendered":"<p>L\u2019Institut national de recherche pour l\u2019agriculture, l\u2019alimentation et l\u2019environnement (INRAE) a particip\u00e9 \u00e0 une recherche sur le th\u00e8me\u00a0d\u2019une agriculture europ\u00e9enne sans pesticides chimiques \u00e0 l\u2019horizon 2050. Durant plus de 2 ans, avec plus d\u2019une centaine d\u2019experts, la prospective \u00ab Agriculture europ\u00e9enne sans pesticides chimiques \u00e0 l\u2019horizon 2050 \u00bb a explor\u00e9 les chemins possibles pour concevoir [&hellip;]<\/p>\n","protected":false},"author":1,"featured_media":0,"comment_status":"closed","ping_status":"open","sticky":false,"template":"","format":"standard","meta":{"twitterCardType":"","cardImageID":0,"cardImage":"","cardTitle":"","cardDesc":"","cardImageAlt":"","cardPlayer":"","cardPlayerWidth":0,"cardPlayerHeight":0,"cardPlayerStream":"","cardPlayerCodec":"","footnotes":""},"categories":[62,11],"tags":[224,141,357],"class_list":["post-21528","post","type-post","status-publish","format-standard","hentry","category-le-rouge-le-vert-hebdo","category-politique-locale","tag-agriculture","tag-europe","tag-pesticides"],"_links":{"self":[{"href":"https:\/\/www.ades-grenoble.org\/wordpress\/wp-json\/wp\/v2\/posts\/21528","targetHints":{"allow":["GET"]}}],"collection":[{"href":"https:\/\/www.ades-grenoble.org\/wordpress\/wp-json\/wp\/v2\/posts"}],"about":[{"href":"https:\/\/www.ades-grenoble.org\/wordpress\/wp-json\/wp\/v2\/types\/post"}],"author":[{"embeddable":true,"href":"https:\/\/www.ades-grenoble.org\/wordpress\/wp-json\/wp\/v2\/users\/1"}],"replies":[{"embeddable":true,"href":"https:\/\/www.ades-grenoble.org\/wordpress\/wp-json\/wp\/v2\/comments?post=21528"}],"version-history":[{"count":1,"href":"https:\/\/www.ades-grenoble.org\/wordpress\/wp-json\/wp\/v2\/posts\/21528\/revisions"}],"predecessor-version":[{"id":21530,"href":"https:\/\/www.ades-grenoble.org\/wordpress\/wp-json\/wp\/v2\/posts\/21528\/revisions\/21530"}],"wp:attachment":[{"href":"https:\/\/www.ades-grenoble.org\/wordpress\/wp-json\/wp\/v2\/media?parent=21528"}],"wp:term":[{"taxonomy":"category","embeddable":true,"href":"https:\/\/www.ades-grenoble.org\/wordpress\/wp-json\/wp\/v2\/categories?post=21528"},{"taxonomy":"post_tag","embeddable":true,"href":"https:\/\/www.ades-grenoble.org\/wordpress\/wp-json\/wp\/v2\/tags?post=21528"}],"curies":[{"name":"wp","href":"https:\/\/api.w.org\/{rel}","templated":true}]}}