{"id":21535,"date":"2023-03-31T09:41:08","date_gmt":"2023-03-31T07:41:08","guid":{"rendered":"https:\/\/www.ades-grenoble.org\/wordpress\/?p=21535"},"modified":"2023-03-31T10:14:31","modified_gmt":"2023-03-31T08:14:31","slug":"la-mise-en-place-de-la-zfe-au-1er-juillet-2023-dans-une-partie-de-lagglomeration","status":"publish","type":"post","link":"https:\/\/www.ades-grenoble.org\/wordpress\/2023\/03\/31\/la-mise-en-place-de-la-zfe-au-1er-juillet-2023-dans-une-partie-de-lagglomeration\/","title":{"rendered":"La mise en place de la ZFE au 1er juillet 2023 dans une partie de l\u2019agglom\u00e9ration"},"content":{"rendered":"<div class=\"wp-block-image is-style-default\">\n<figure class=\"alignleft size-full\"><img loading=\"lazy\" decoding=\"async\" width=\"250\" height=\"289\" src=\"https:\/\/www.ades-grenoble.org\/wordpress\/wp-content\/uploads\/2021\/05\/zfe-panneau.jpg\" alt=\"\" class=\"wp-image-18794\" srcset=\"https:\/\/www.ades-grenoble.org\/wordpress\/wp-content\/uploads\/2021\/05\/zfe-panneau.jpg 250w, https:\/\/www.ades-grenoble.org\/wordpress\/wp-content\/uploads\/2021\/05\/zfe-panneau-130x150.jpg 130w\" sizes=\"auto, (max-width: 250px) 100vw, 250px\" \/><\/figure>\n<\/div>\n\n\n<p>Le 7 avril, le conseil de m\u00e9tropole d\u00e9lib\u00e9rera sur la pr\u00e9paration de la mise en place de la Zone \u00e0 Faibles Emissions (ZFE) pour les voitures particuli\u00e8res, les deux-roues \u00e0 moteur et le dispositif d&rsquo;accompagnement pour aider les habitants impact\u00e9s par cette d\u00e9cision.<\/p>\n\n\n\n<p>&nbsp;L\u2019Etat a impos\u00e9 une ZFE pour diminuer la pollution atmosph\u00e9rique dans les grandes agglom\u00e9rations suite aux condamnations qu\u2019il a subi, c\u2019est une fa\u00e7on de transf\u00e9rer aux collectivit\u00e9s la patate chaude, mais sans leur apporter les aides n\u00e9cessaires et le mode d\u2019emploi d\u00e9taill\u00e9 d\u2019une ZFE ainsi que les moyens de contr\u00f4le associ\u00e9s (notamment la vid\u00e9overbalisation). C\u2019est au pr\u00e9sident de la M\u00e9tro de prendre un arr\u00eat\u00e9 qui fixera r\u00e8glementairement comment fonctionnera la ZFE dans le territoire d\u00e9termin\u00e9, le conseil de M\u00e9tro pr\u00e9cisera les aides aux habitants pour changer de mode de d\u00e9placement ou changer de v\u00e9hicule.<\/p>\n\n\n\n<p>Apr\u00e8s la concertation locale, sans caract\u00e8re r\u00e8glementaire men\u00e9e fin 2022, les r\u00e9flexions se sont poursuivies par le comit\u00e9 de pilotage compos\u00e9 des 13 communes volontaires pour la mise en place de la ZFE sur leur territoire : \u00c9chirolles, Eybens, Fontaine, Gi\u00e8res, Grenoble, La Tronche, Le Pont-de-Claix, Meylan, Saint-\u00c9gr\u00e8ve, Saint-Martin-D\u2019H\u00e8res, Saint-Martin-Le-Vinoux, Seyssinet-Pariset, Seyssins.<\/p>\n\n\n\n<!--more-->\n\n\n<div class=\"wp-block-image is-style-default\">\n<figure class=\"aligncenter size-full\"><img loading=\"lazy\" decoding=\"async\" width=\"800\" height=\"856\" src=\"https:\/\/www.ades-grenoble.org\/wordpress\/wp-content\/uploads\/2023\/03\/carteZFE.jpg\" alt=\"\" class=\"wp-image-21536\" srcset=\"https:\/\/www.ades-grenoble.org\/wordpress\/wp-content\/uploads\/2023\/03\/carteZFE.jpg 800w, https:\/\/www.ades-grenoble.org\/wordpress\/wp-content\/uploads\/2023\/03\/carteZFE-280x300.jpg 280w, https:\/\/www.ades-grenoble.org\/wordpress\/wp-content\/uploads\/2023\/03\/carteZFE-140x150.jpg 140w, https:\/\/www.ades-grenoble.org\/wordpress\/wp-content\/uploads\/2023\/03\/carteZFE-768x822.jpg 768w, https:\/\/www.ades-grenoble.org\/wordpress\/wp-content\/uploads\/2023\/03\/carteZFE-600x642.jpg 600w\" sizes=\"auto, (max-width: 800px) 100vw, 800px\" \/><\/figure>\n<\/div>\n\n\n<p>Ils proposent une \u00ab\u00a0<em>ZFE light<\/em>\u00a0\u00bb\u00a0: elle sera non permanente (seulement active du lundi au vendredi de 7h \u00e019h ; hors jours f\u00e9ri\u00e9s). Des voies seront exempt\u00e9es : les voies rapides urbaines, certains acc\u00e8s aux massifs, des voiries d\u2019acc\u00e8s \u00e0 des parking relais ou des p\u00f4les d\u2019\u00e9change dans la ZFE (afin de permettre le rabattement sur les transports en commun ou les modes actifs) et des voies d\u2019acc\u00e8s \u00e0 certains h\u00f4pitaux et cliniques.<\/p>\n\n\n\n<p>Est-ce que cette ZFE light permettra une diminution notable de la pollution atmosph\u00e9rique, nous le souhaitons et surtout revendiquerons rapidement une \u00e9valuation pour voir s\u2019il ne faut pas la rendre plus exigeante au cas o\u00f9 l\u2019impact sur la pollution atmosph\u00e9rique serait insuffisant. Rappelons que le plan de Protection de l\u2019atmosph\u00e8re pr\u00e9voyait une installation d\u2019une ZFE standard dans l\u2019agglom\u00e9ration et l\u2019\u00e9tude scientifique Mobilair proposait des mesures beaucoup plus accentu\u00e9es. <a rel=\"noreferrer noopener\" href=\"https:\/\/www.ades-grenoble.org\/wordpress\/2021\/04\/02\/lutte-resolue-contre-les-degats-du-changement-climatique-et-la-pollution-de-lair-a-grenoble\/\" target=\"_blank\">La Ville de Grenoble avait pris une d\u00e9lib\u00e9ration proposant d\u2019importantes mesures pour lutter contre les d\u00e9g\u00e2ts du changement climatique et la pollution de l\u2019air.<\/a><\/p>\n\n\n\n<p><a rel=\"noreferrer noopener\" href=\"https:\/\/www.ades-grenoble.org\/wordpress\/2023\/02\/24\/la-ville-de-grenoble-attaque-letat-pour-inaction-face-a-la-pollution-de-lair\/\" target=\"_blank\">Elle a aussi intent\u00e9 une action juridique en annulation du plan de protection de l\u2019atmosph\u00e8re tr\u00e8s insuffisant \u00e0 son avis<\/a>.<\/p>\n\n\n\n<p>Apr\u00e8s une consultation r\u00e8glementaire (en avril et mai), en juillet 2023 la ZFE concernera les voitures particuli\u00e8res et les deux-roues \u00e0 moteur non class\u00e9es et class\u00e9es Crit&rsquo;Air 5 (diesel d\u2019avant 2001 et essence d\u2019avant 1997).<\/p>\n\n\n\n<p>Puis, suivant la loi, en janvier 2024, les autres \u00e9tapes d\u2019interdiction toucherons les Crit\u2019Air 4 (diesel d\u2019avant 2006) puis en janvier 2025 (Crit\u2019Air 3, diesel d\u2019avant 2011 et essence d\u2019avant 2006).<\/p>\n\n\n\n<p>En 2030, interviendra une derni\u00e8re \u00e9tape, avec l\u2019interdiction des voitures Crit\u2019Air 2 (\u00e9ventuellement uniquement diesel) correspondant \u00e0 la \u00ab sortie du diesel \u00bb d\u00e9cid\u00e9e par la M\u00e9tropole et les communes (la municipalit\u00e9 de Grenoble aurait pr\u00e9f\u00e9r\u00e9 une interdiction du diesel d\u00e8s 2028, car c\u2019est le plus polluant).<\/p>\n\n\n\n<figure class=\"wp-block-image size-full is-style-default\"><img loading=\"lazy\" decoding=\"async\" width=\"800\" height=\"340\" src=\"https:\/\/www.ades-grenoble.org\/wordpress\/wp-content\/uploads\/2023\/03\/CritairZFE.jpg\" alt=\"\" class=\"wp-image-21537\" srcset=\"https:\/\/www.ades-grenoble.org\/wordpress\/wp-content\/uploads\/2023\/03\/CritairZFE.jpg 800w, https:\/\/www.ades-grenoble.org\/wordpress\/wp-content\/uploads\/2023\/03\/CritairZFE-300x128.jpg 300w, https:\/\/www.ades-grenoble.org\/wordpress\/wp-content\/uploads\/2023\/03\/CritairZFE-150x64.jpg 150w, https:\/\/www.ades-grenoble.org\/wordpress\/wp-content\/uploads\/2023\/03\/CritairZFE-768x326.jpg 768w, https:\/\/www.ades-grenoble.org\/wordpress\/wp-content\/uploads\/2023\/03\/CritairZFE-600x255.jpg 600w\" sizes=\"auto, (max-width: 800px) 100vw, 800px\" \/><\/figure>\n\n\n\n<p>Le dispositif d\u2019accompagnement est pr\u00e9par\u00e9 par la M\u00e9tro et le SMMAG&nbsp;avec la SPL M\u2019TAG&nbsp;:<\/p>\n\n\n\n<ul class=\"wp-block-list\"><li>la M\u00e9tro s\u2019occupera de l\u2019accueil et des informations pour les habitants, des aides financi\u00e8res pour le renouvellement de v\u00e9hicule et partagera avec le SMMAG les d\u00e9penses de communication.<\/li><li>le SMMAG s\u2019occupera de la gestion du parcours usager et l\u2019adaptation des outils informatiques et les entretiens personnalis\u00e9s qui permettront d\u2019affiner les aides.<\/li><\/ul>\n\n\n\n<p>Plusieurs \u00e9tapes seront mises en place pour le dispositif d\u2019accompagnement.<\/p>\n\n\n\n<p>La premi\u00e8re \u00e9tape consistera en un temps d\u2019accueil dit d\u2019entretien individualis\u00e9, ouvert aux seuls habitants de la m\u00e9tropole (r\u00e9sidence principale situ\u00e9e dans l\u2019une des 49 communes de la m\u00e9tropole), sous condition d\u2019\u00eatre propri\u00e9taire depuis plus d\u2019un an d\u2019une voiture de Crit\u2019Air \u00e9ligible aux aides et aux conseils (voiture non class\u00e9e \u00e0 voiture Crit\u2019Air 4 \u00e0 l\u2019ouverture du dispositif, Crit\u2019Air 3 \u00e0 partir de janvier 2024), achet\u00e9e avant la mise en place de la ZFE.<\/p>\n\n\n\n<p>L\u2019entretien sera r\u00e9alis\u00e9 par un conseiller de la SPL M TAG d\u00e9di\u00e9, et aura pour objet d\u2019identifier finement les habitudes et besoins de d\u00e9placement de la personne impact\u00e9e par la ZFE, et de proposer les solutions alternatives \u00e0 la voiture les plus adapt\u00e9es \u00e0 sa situation et \u00e0 celle de chaque membre du foyer \u00e9galement concern\u00e9.<\/p>\n\n\n\n<p>A l\u2019issue de l\u2019entretien, une aide financi\u00e8re pourrait \u00eatre propos\u00e9e \u00e0 la personne rencontr\u00e9e selon les besoins identifi\u00e9s, ou une aide au changement de mobilit\u00e9 (report modal) ou au renouvellement du v\u00e9hicule.<\/p>\n\n\n\n<p>Tous les d\u00e9tails concernant l\u2019ensemble du dispositif d\u2019accompagnement seront pr\u00e9cis\u00e9s dans la d\u00e9lib\u00e9ration du 7 avril.<\/p>\n","protected":false},"excerpt":{"rendered":"<p>Le 7 avril, le conseil de m\u00e9tropole d\u00e9lib\u00e9rera sur la pr\u00e9paration de la mise en place de la Zone \u00e0 Faibles Emissions (ZFE) pour les voitures particuli\u00e8res, les deux-roues \u00e0 moteur et le dispositif d&rsquo;accompagnement pour aider les habitants impact\u00e9s par cette d\u00e9cision. &nbsp;L\u2019Etat a impos\u00e9 une ZFE pour diminuer la pollution atmosph\u00e9rique dans les [&hellip;]<\/p>\n","protected":false},"author":1,"featured_media":0,"comment_status":"closed","ping_status":"open","sticky":false,"template":"","format":"standard","meta":{"twitterCardType":"","cardImageID":0,"cardImage":"","cardTitle":"","cardDesc":"","cardImageAlt":"","cardPlayer":"","cardPlayerWidth":0,"cardPlayerHeight":0,"cardPlayerStream":"","cardPlayerCodec":"","footnotes":""},"categories":[62,11],"tags":[196,215,280,122],"class_list":["post-21535","post","type-post","status-publish","format-standard","hentry","category-le-rouge-le-vert-hebdo","category-politique-locale","tag-etat","tag-grenoble","tag-metropole","tag-pollution-atmospherique"],"_links":{"self":[{"href":"https:\/\/www.ades-grenoble.org\/wordpress\/wp-json\/wp\/v2\/posts\/21535","targetHints":{"allow":["GET"]}}],"collection":[{"href":"https:\/\/www.ades-grenoble.org\/wordpress\/wp-json\/wp\/v2\/posts"}],"about":[{"href":"https:\/\/www.ades-grenoble.org\/wordpress\/wp-json\/wp\/v2\/types\/post"}],"author":[{"embeddable":true,"href":"https:\/\/www.ades-grenoble.org\/wordpress\/wp-json\/wp\/v2\/users\/1"}],"replies":[{"embeddable":true,"href":"https:\/\/www.ades-grenoble.org\/wordpress\/wp-json\/wp\/v2\/comments?post=21535"}],"version-history":[{"count":1,"href":"https:\/\/www.ades-grenoble.org\/wordpress\/wp-json\/wp\/v2\/posts\/21535\/revisions"}],"predecessor-version":[{"id":21538,"href":"https:\/\/www.ades-grenoble.org\/wordpress\/wp-json\/wp\/v2\/posts\/21535\/revisions\/21538"}],"wp:attachment":[{"href":"https:\/\/www.ades-grenoble.org\/wordpress\/wp-json\/wp\/v2\/media?parent=21535"}],"wp:term":[{"taxonomy":"category","embeddable":true,"href":"https:\/\/www.ades-grenoble.org\/wordpress\/wp-json\/wp\/v2\/categories?post=21535"},{"taxonomy":"post_tag","embeddable":true,"href":"https:\/\/www.ades-grenoble.org\/wordpress\/wp-json\/wp\/v2\/tags?post=21535"}],"curies":[{"name":"wp","href":"https:\/\/api.w.org\/{rel}","templated":true}]}}